{"id":1004,"date":"2021-06-02T08:32:52","date_gmt":"2021-06-02T08:32:52","guid":{"rendered":"https:\/\/choras.lt\/?p=1004"},"modified":"2021-06-02T08:32:54","modified_gmt":"2021-06-02T08:32:54","slug":"trys-skirtingi-lnobt-recitaliu-vakarai","status":"publish","type":"post","link":"https:\/\/choras.lt\/index.php\/2021\/06\/02\/trys-skirtingi-lnobt-recitaliu-vakarai\/","title":{"rendered":"Trys skirtingi LNOBT re\u010ditali\u0173 vakarai"},"content":{"rendered":"\n<p><br>Trys vakarai \u2013 trys visi\u0161kai skirtingi koncertai! Bir\u017eelio 3, 4, 5 d. 18.30 val. LNOBT kvie\u010dia \u012f naujus re\u010ditalius i\u0161 ciklo \u201eAvanscena gyvai\u201c. J\u016bs\u0173 lauks operos solistai Eugenijus Chrebtovas, Mickael Spadaccini (nuotr.), Viktorija Mi\u0161k\u016bnait\u0117, Tomas Pavilionis ir Kostas Smoriginas.<\/p>\n\n\n\n<p><br>Bir\u017eelio 3 d., ketvirtadienio, koncertui baritonas Eugenijus Chrebtovas ir tenoras Mickaelis Spadaccini publikai ruo\u0161ia kerin\u010di\u0105 puok\u0161t\u0119 i\u0161 itali\u0161k\u0173 oper\u0173 arij\u0173 ir duet\u0173, kuri\u0105 papuo\u0161 pranc\u016bzi\u0161kais (\u201eSamsonas ir Dalila\u201c, \u201eKarmen\u201c) bei rusi\u0161kais (\u201ePik\u0173 dama\u201c) akcentais.<\/p>\n\n\n\n<p><br>Bir\u017eelio 4 d., penktadienio, koncertas subalansuotas romantikams. Sopranas Viktorija Mi\u0161k\u016bnait\u0117 ir tenoras Tomas Pavilionis atliks meil\u0117s arijas ir duetus i\u0161 oper\u0173 \u201eEugenijus Oneginas\u201c, \u201e\u017dyd\u0117\u201c, \u201eBohema\u201c ir \u201eTraviata\u201c.<\/p>\n\n\n\n<p><br>Tre\u010diajame koncerte, kurio klausysim\u0117s bir\u017eelio 5-\u0105j\u0105, \u0161e\u0161tadien\u012f, pasirodys bosas-baritonas Kostas Smoriginas. Prie\u0161 kelias dienas dainininkas sugr\u012f\u017eo i\u0161 Pary\u017eiaus nacionalin\u0117s operos, kur dainavo Skarpij\u0105 Giacomo Puccini operoje \u201eToska\u201c, o bir\u017eelio pabaigoje i\u0161keliaus repetuoti \u012f Br\u0117genco festival\u012f Austrijoje, kur dainuos Monteron\u0119 Giuseppe\u2018s Verdi operoje \u201eRigoletas\u201c. U\u017esienyje laukiamo solisto koncertin\u0117je programoje \u0161\u012fkart skamb\u0117s Stasio \u0160imkaus, Juozo Tallat-Kelp\u0161os, Juozo Indros, Jurgio Karnavi\u010diaus, Vytauto Klovos ir kit\u0173 lietuvi\u0173 kompozitori\u0173 k\u016briniai. \u201e\u0160iais laikais daug lietuvi\u0173 kuria nelietuvi\u0161kas dainas. Bet a\u0161 esu Lietuvos patriotas, tod\u0117l parengiau absoliu\u010diai lietuvi\u0161k\u0105 program\u0105. Joje galima gird\u0117ti meil\u0119, \u0161ilum\u0105, reg\u0117ti lietuvi\u0161k\u0105 gamt\u0105 ir jausti mums \u012fprast\u0105 dang\u0173 vir\u0161 galvos\u2026 Jau planuoju savo re\u010ditalius \u0160veicarijoje ir Pranc\u016bzijoje, \u012f kuriuos b\u016btinai \u012ftrauksiu lietuvi\u0161k\u0173 dain\u0173\u201c, \u2013 \u017eada K. Smoriginas.<\/p>\n\n\n\n<p><br>Vis\u0173 koncert\u0173 prad\u017eia \u2013 18.30 val. Operos solistams akompanuos pianist\u0117-koncertmeister\u0117 Olga Eleonora Ta\u0161kinait\u0117.<\/p>\n\n\n\n<p><br>LNOBT laikosi \u017ei\u016brov\u0173 skai\u010diaus ir b\u016btinojo atstumo reikalavim\u0173, tod\u0117l Galimybi\u0173 paso atvykstant \u012f koncertus tur\u0117ti neb\u016btina. Prad\u0117kime vasar\u0105 su \u012fkvepian\u010dia muzika!<\/p>\n\n\n\n<p><\/p>\n\n\n\n<p class=\"has-text-align-center\"><strong>Martyno Aleksos nuotr.<\/strong><\/p>\n","protected":false},"excerpt":{"rendered":"<p>Trys vakarai \u2013 trys visi\u0161kai skirtingi koncertai! Bir\u017eelio 3, 4, 5 d. 18.30 val. LNOBT kvie\u010dia \u012f naujus re\u010ditalius i\u0161 ciklo \u201eAvanscena gyvai\u201c. J\u016bs\u0173 lauks operos solistai Eugenijus Chrebtovas, Mickael&hellip; <\/p>\n","protected":false},"author":2,"featured_media":1006,"comment_status":"open","ping_status":"open","sticky":false,"template":"","format":"standard","meta":{"footnotes":""},"categories":[6],"tags":[],"_links":{"self":[{"href":"https:\/\/choras.lt\/index.php\/wp-json\/wp\/v2\/posts\/1004"}],"collection":[{"href":"https:\/\/choras.lt\/index.php\/wp-json\/wp\/v2\/posts"}],"about":[{"href":"https:\/\/choras.lt\/index.php\/wp-json\/wp\/v2\/types\/post"}],"author":[{"embeddable":true,"href":"https:\/\/choras.lt\/index.php\/wp-json\/wp\/v2\/users\/2"}],"replies":[{"embeddable":true,"href":"https:\/\/choras.lt\/index.php\/wp-json\/wp\/v2\/comments?post=1004"}],"version-history":[{"count":2,"href":"https:\/\/choras.lt\/index.php\/wp-json\/wp\/v2\/posts\/1004\/revisions"}],"predecessor-version":[{"id":1007,"href":"https:\/\/choras.lt\/index.php\/wp-json\/wp\/v2\/posts\/1004\/revisions\/1007"}],"wp:featuredmedia":[{"embeddable":true,"href":"https:\/\/choras.lt\/index.php\/wp-json\/wp\/v2\/media\/1006"}],"wp:attachment":[{"href":"https:\/\/choras.lt\/index.php\/wp-json\/wp\/v2\/media?parent=1004"}],"wp:term":[{"taxonomy":"category","embeddable":true,"href":"https:\/\/choras.lt\/index.php\/wp-json\/wp\/v2\/categories?post=1004"},{"taxonomy":"post_tag","embeddable":true,"href":"https:\/\/choras.lt\/index.php\/wp-json\/wp\/v2\/tags?post=1004"}],"curies":[{"name":"wp","href":"https:\/\/api.w.org\/{rel}","templated":true}]}}