{"id":1161,"date":"2021-09-13T08:00:42","date_gmt":"2021-09-13T08:00:42","guid":{"rendered":"https:\/\/choras.lt\/?p=1161"},"modified":"2021-09-13T08:00:44","modified_gmt":"2021-09-13T08:00:44","slug":"klaipeda-kviecia-i-tarptautini-seminara","status":"publish","type":"post","link":"https:\/\/choras.lt\/index.php\/2021\/09\/13\/klaipeda-kviecia-i-tarptautini-seminara\/","title":{"rendered":"Klaip\u0117da kvie\u010dia \u012f tarptautin\u012f seminar\u0105"},"content":{"rendered":"\n<p>Kvie\u010diame \u012f tarptautin\u012f seminar\u0105 moter\u0173 chor\u0173 ir vokalini\u0173 ansambli\u0173 vadovams \u201eChoro vokalo formavimas\u201c.<\/p>\n\n\n\n<p> Seminaras organizuojamas \u0161. m. rugs\u0117jo 26 d. Registracija vyksta iki rugs\u0117jo 25 d. <\/p>\n\n\n\n<p>Registracijos anketa: <a rel=\"noreferrer noopener\" href=\"https:\/\/docs.google.com\/forms\/d\/e\/1FAIpQLScakJZ9oO1fQ2b8yx1t9zAM8803bsDjlNggrFSEZThGA-gK6w\/viewform?fbclid=IwAR2Y_pxApOzQEsCL54ygUHOf2sEyo6HJJOsCXDi7_0fmsfj7USaFNYDInkQ\" target=\"_blank\">https:\/\/docs.google.com\/&#8230;\/1FAIpQLScakJZ9oO1fQ2&#8230;\/viewform<\/a><\/p>\n\n\n\n<p>Norintiems gauti kvalifikacijos tobulinimo pa\u017eym\u0117jimus (veiklos vertinimo ir akreditavimo pa\u017eyma Nr. KT3-2) taikomas 5 Eur mokestis. <\/p>\n\n\n\n<p>Renginys vyks 2021 m. rugs\u0117jo 26 d. 10.00-16.00 val. LMTA Klaip\u0117dos fakulteto Koncert\u0173 sal\u0117je (Donelai\u010dio g. 4, Klaip\u0117da, 410 kab.) <\/p>\n\n\n\n<p>Dalyvavimui reikalingas galimybi\u0173 pasas.<\/p>\n\n\n\n<p><\/p>\n\n\n\n<p>PROGRAMA<\/p>\n\n\n\n<p>10.00. Organizatori\u0173 \u012f\u017eangos \u017eodis.<br>1. Choro vokalo formavimas. \u012evairios metodikos Lenkijoje. Vokalo pratimai su paai\u0161kinimais.<br>Lektor\u0117 Violeta Milkowska. (Lenkija) &#8211; Bialystoko Universitetoprofesor\u0117, choro meno vadov\u0117 ir dirigent\u0117.<\/p>\n\n\n\n<p>10.30 -11.00<br>2. Choro vokalo formavimo metodai Rusijoje. Vokalo pratimai su paai\u0161kinimais.<br>Lektor\u0117 Marina Kirejeva. (Rusija) &#8211; Sankt Peterburgo jaunimo choro \u201eLauda\u201c dirigent\u0117, Rusijos \u0160iaur\u0117s Vakar\u0173 regiono chor\u0173 s\u0105jungos prezident\u0117.<\/p>\n\n\n\n<p>11.00 \u2013 11.30<br>3. Ansamblinio dainavimo ypatumai.<br>Lektor\u0117 Danguol\u0117 Aukselien\u0117. (Lietuva) &#8211; Lietuvos vaik\u0173 ir jaunimo centro mokytoja ekspert\u0117, vaik\u0173 ir jaunimo choro, vokalinio ansamblio \u201eKivi\u201c meno vadov\u0117 ir dirigent\u0117.<\/p>\n\n\n\n<p>11.30-12.00<br>4. Balso lavinimo -\u012fsidainavimo, vokalo formavimo pratimai. Diskusijos vokalo formavimo tema.<br>Lektor\u0117 Rasa Gelgotien\u0117. (Lietuva) \u2013 Lietuvos muzikos akademijos docent\u0117, Vilniaus universiteto, chor\u0173 \u201eGaudeamus\u201c, \u201eVirgo\u201c, \u201ePro Musica\u201c meno vadov\u0117 ir dirigent\u0117, Lietuvos chor\u0173 s\u0105jungos prezident\u0117.<\/p>\n\n\n\n<p>13.00 -13.30.<br>Praktin\u0117 seminaro dalis. Darbas su choru. Aktyviai dalyvauja visi seminaro dalyviai. Ruo\u0161iami k\u016briniai:<\/p>\n\n\n\n<p>5. Vaclovo Augustinas \u201eTas spindulys\u201c.<br>Vadov\u0117 Judita Kiaulakyt\u0117 (Lietuva) &#8211; Lietuvos Muzikos ir teatro akademijos Klaip\u0117dos fakulteto docent\u0117, Klaip\u0117dos kult\u016bros centro \u017dvej\u0173 r\u016bmai moter\u0173 choro \u201eDang\u0117\u201c meno vadov\u0117 ir dirigent\u0117. Koncertmeister\u0117 J\u016brat\u0117 Gedminien\u0117.<\/p>\n\n\n\n<p>13.30 -13.50<br>6. Donatas Zakaras \u201eAve, Maris Stella\u201c.<br>Vadov\u0117 Audron\u0117 Steponavi\u010di\u016bt\u0117-Zupkauskien\u0117 &#8211; (Lietuva) &#8211; Vilniaus chorinio dainavimo mokyklos &#8220;Liepait\u0117s&#8221; mokytoja ekspert\u0117, Vilniaus kult\u016bros centro moter\u0173 choro &#8220;Liepos&#8221; meno vadov\u0117 ir dirigent\u0117.<\/p>\n\n\n\n<p>14.00 -15.00<br>7. Pergolesi \u201eStabat Mater\u201c. Vadov\u0117 Rasa Gelgotien\u0117.<\/p>\n\n\n\n<p>16 .00 &#8211; 17.30 BAIGIAMASIS KONCERTAS<\/p>\n\n\n\n<p>Seminaro lektoriai:<\/p>\n\n\n\n<p>Prof. Violeta Milkowska, Lenkija. Bialystoko Universiteto choro vadov\u0117.<br>Marina Kirejeva, Sankt Peterburgas, Rusija. Jaunimo choro \u201eLauda\u201c dirigent\u0117, Rusijos \u0160iaur\u0117s Vakar\u0173 regiono chor\u0173 s\u0105jungos prezident\u0117.<br>Doc. Rasa Gelgotien\u0117, Vilnius. Vilniaus universiteto chor\u0173 \u201eGaudeamus\u201c, \u201eVirgo\u201c, \u201ePro Musica\u201c vadov\u0117, Lietuvos chor\u0173 s\u0105jungos prezident\u0117.<br>Doc. Judita Kiaulakyt\u0117, Klaip\u0117da. Klaip\u0117dos moter\u0173 choro \u201eDang\u0117\u201c meno vadov\u0117.<br>Ekspert\u0117 Audron\u0117 Steponavi\u010di\u016bt\u0117-Zupkauskien\u0117, Vilnius. Moter\u0173 choro \u201eLiepos\u201c vadov\u0117.<br>Ekspert\u0117 Danguol\u0117 Aukselien\u0117, Vilnius. Lietuvos vaik\u0173 ir jaunimo centro vokalinio ansamblio \u201eKivi\u201c meno vadov\u0117 ir dirigent\u0117.<\/p>\n\n\n\n<p><br>Kontaktinis asmuo:<br>Festivalio organizacinio komiteto pirminink\u0117 Doc. Judita Kiaulakyt\u0117<br>El. p. judita.kiaulakyte@gmail.com<br>Tel. +3706 869 9697<\/p>\n\n\n\n<p>Nepavykus u\u017esiregistruoti, kreiptis telefonu +370 (5) 261 1142 arba el. p. kkcrenginiai@lmta.lt.<\/p>\n\n\n\n<p>Renginio organizatorius:<br>KC \u017dvej\u0173 r\u016bmai<\/p>\n\n\n\n<p>Projekto partneriai :<br>Lietuvos muzikos ir teatro akademija<br>Klaip\u0117dos miesto chorin\u0117 bendrija ,,Aukuras&#8221;<\/p>\n","protected":false},"excerpt":{"rendered":"<p>Kvie\u010diame \u012f tarptautin\u012f seminar\u0105 moter\u0173 chor\u0173 ir vokalini\u0173 ansambli\u0173 vadovams \u201eChoro vokalo formavimas\u201c. Seminaras organizuojamas \u0161. m. rugs\u0117jo 26 d. Registracija vyksta iki rugs\u0117jo 25 d. Registracijos anketa: https:\/\/docs.google.com\/&#8230;\/1FAIpQLScakJZ9oO1fQ2&#8230;\/viewform Norintiems&hellip; <\/p>\n","protected":false},"author":2,"featured_media":964,"comment_status":"open","ping_status":"open","sticky":false,"template":"","format":"standard","meta":{"footnotes":""},"categories":[6],"tags":[],"_links":{"self":[{"href":"https:\/\/choras.lt\/index.php\/wp-json\/wp\/v2\/posts\/1161"}],"collection":[{"href":"https:\/\/choras.lt\/index.php\/wp-json\/wp\/v2\/posts"}],"about":[{"href":"https:\/\/choras.lt\/index.php\/wp-json\/wp\/v2\/types\/post"}],"author":[{"embeddable":true,"href":"https:\/\/choras.lt\/index.php\/wp-json\/wp\/v2\/users\/2"}],"replies":[{"embeddable":true,"href":"https:\/\/choras.lt\/index.php\/wp-json\/wp\/v2\/comments?post=1161"}],"version-history":[{"count":1,"href":"https:\/\/choras.lt\/index.php\/wp-json\/wp\/v2\/posts\/1161\/revisions"}],"predecessor-version":[{"id":1162,"href":"https:\/\/choras.lt\/index.php\/wp-json\/wp\/v2\/posts\/1161\/revisions\/1162"}],"wp:featuredmedia":[{"embeddable":true,"href":"https:\/\/choras.lt\/index.php\/wp-json\/wp\/v2\/media\/964"}],"wp:attachment":[{"href":"https:\/\/choras.lt\/index.php\/wp-json\/wp\/v2\/media?parent=1161"}],"wp:term":[{"taxonomy":"category","embeddable":true,"href":"https:\/\/choras.lt\/index.php\/wp-json\/wp\/v2\/categories?post=1161"},{"taxonomy":"post_tag","embeddable":true,"href":"https:\/\/choras.lt\/index.php\/wp-json\/wp\/v2\/tags?post=1161"}],"curies":[{"name":"wp","href":"https:\/\/api.w.org\/{rel}","templated":true}]}}