{"id":1163,"date":"2021-09-13T10:17:43","date_gmt":"2021-09-13T10:17:43","guid":{"rendered":"https:\/\/choras.lt\/?p=1163"},"modified":"2021-09-13T10:17:45","modified_gmt":"2021-09-13T10:17:45","slug":"opera-tarnaite-ponia-skambes-vilnieciu-kiemuose","status":"publish","type":"post","link":"https:\/\/choras.lt\/index.php\/2021\/09\/13\/opera-tarnaite-ponia-skambes-vilnieciu-kiemuose\/","title":{"rendered":"Opera \u201eTarnait\u0117 ponia\u201c skamb\u0117s vilnie\u010di\u0173 kiemuose!"},"content":{"rendered":"\n<p><br>Sostin\u0117s mikrorajon\u0173 gyventojai buvo \u012fprat\u0119: nori rengini\u0173 \u2013 va\u017eiuok \u012f miesto centr\u0105. Lietuvos nacionalinis operos ir baleto teatras kartu su agent\u016bra \u201eGo\u00a0Vilnius\u201c si\u016blo keisti vilnie\u010di\u0173 \u012fpro\u010dius: keliaujan\u010dios operos \u201eTarnait\u0117 ponia\u201c komanda rugs\u0117jo savaitgaliais lankysis\u00a0Ras\u0173\u00a0ir Pilait\u0117s rajonuose.\u00a0\u00a0<\/p>\n\n\n\n<p><br>\u201eTarnait\u0117 ponia\u201c \u012f vilnie\u010di\u0173 kiemus atried\u0117s ant rat\u0173 \u012frengtoje scenoje, kurioje telpa ir spektaklio dekoracijos, ir komi\u0161kos operos vyksmui pritarian\u010dio muzikant\u0173 ansamblio lo\u017e\u0117. Nema\u017eai Lietuvos region\u0173 sp\u0117jus\u012f apva\u017eiuoti pastatym\u0105 suk\u016br\u0117 re\u017eisierius Gediminas \u0160eduikis, scenograf\u0117 Sigita\u00a0\u0160imk\u016bnait\u0117\u00a0ir kostium\u0173 dailinink\u0117 Ugn\u0117\u00a0Tamuli\u016bnait\u0117. Vilniuje operos \u201eTarnait\u0117 ponia\u201c spektakliai jau buvo pristatyti Valdov\u0173 r\u016bm\u0173 kieme, Daukanto aik\u0161t\u0117je bei Verki\u0173 r\u016bm\u0173 parke.\u00a0\u00a0<\/p>\n\n\n\n<p><br>\u201eVilniaus miesto istorija neatsiejama nuo operos \u017eanro istorijos. Vilnius buvo viena i\u0161 nedaugelio Europos sostini\u0173, kurioje opera pirm\u0105kart nuskamb\u0117jo anks\u010diau, nei operos gimtin\u0117je Italijoje prad\u0117jo veikti pirmasis vie\u0161as operos teatras. Tuo negal\u0117t\u0173 pasigirti nei Londonas, nei Pary\u017eius, tad mes, vilnie\u010diai, turime kuo did\u017eiuotis\u201c, \u2013 sako LNOBT direktorius Jonas Sakalauskas.<\/p>\n\n\n\n<p><br>Agent\u016bros \u201eGo\u00a0Vilnius\u201c vadov\u0117 Inga\u00a0Romanovskien\u0117\u00a0teigia, kad Vilniaus 700 met\u0173 jubiliejaus tikslas\u00a0\u2013 kurti tikr\u0105, kuo artimesn\u0119 Vilniaus gyventojams \u0161vent\u0119, kuri pasiekt\u0173 kuo platesn\u012f rat\u0105 mylin\u010di\u0173 Vilni\u0173 \u017emoni\u0173.\u00a0\u201eVasar\u0105 skirtinguose sostin\u0117s mikrorajonuose surengtas koncert\u0173 maratonas \u201eVilnius \u2013 atvira muzikos sal\u0117\u201c parod\u0117, kad gyventojams reikia toki\u0173 rengini\u0173, kai \u0161vent\u0117 atkeliauja pas juos \u012f namus. Tod\u0117l labai d\u017eiaugiuosi, kad \u0161\u012f kart\u0105 radome galimyb\u0119 tiesiai \u012f vilnie\u010di\u0173 kiemus atve\u017eti oper\u0105. <\/p>\n\n\n\n<p>Daugelio jau pam\u0117gtas reginys prisid\u0117s prie strategin\u0117s Vilniaus krypties \u012fgyvendinimo \u2013 gerinti sostin\u0117s gyvenam\u0173j\u0173 rajon\u0173 aplink\u0105, \u012fp\u016bsti gyvyb\u0117s, paversti juos jaukesniais. Tuo pa\u010diu siekiame\u00a0kult\u016brin\u012f gyvenim\u0105\u00a0\u00a0skleisti ne tik Senamiestyje, bet visame mieste\u201c, \u2013 sako I.\u00a0Romanovskien\u0117.\u00a0\u00a0<\/p>\n\n\n\n<p>\u00a0<br>Vilniaus miesto pl\u0117tros agent\u016bra\u00a0\u201eGo\u00a0Vilnius\u201c ir Vilniaus miesto savivaldyb\u0117 2021 m. prad\u017eioje pakviet\u0117 meno ir kult\u016bros bendruomenes teikti savo pasi\u016blymus, kaip miesto gyventojai bei sve\u010diai gal\u0117t\u0173 min\u0117ti art\u0117jan\u010di\u0105 Vilniaus miesto 700 met\u0173 sukakt\u012f. Pasibaigus konkursui\u00a0id\u0117j\u0173 \u012fgyvendinimui buvo atrinkti 7 geriausi projektai, tarp j\u0173 \u2013 ir LNOBT kartu su Valdov\u0173 r\u016bm\u0173 muziejumi bei Lietuvos muzikos ir teatro akademija parengta trej\u0173 met\u0173 trukm\u0117s (2021\u20132023 m.) veiklos programa \u201eOpera.Connect: Vilnius \u2013 operos miestas\u201c, pad\u0117sianti akcentuoti Lietuvos ind\u0117l\u012f Europos operos istorijoje.\u00a0<\/p>\n\n\n\n<p><br>Nemokamai\u00a0i\u0161girsti ir pamatyti\u00a0Giovanni\u00a0Battistos\u00a0Pergolesi\u00a0oper\u0105 \u201eTarnait\u0117 ponia\u201c bus galima\u00a0rugs\u0117jo 17 d. 18 val. Liepkalnio mokyklos kiemelyje (Liepkalnio g. 18) ir rugs\u0117jo 25 d. 18 val. Pilait\u0117s seni\u016bnijos kieme (Vyd\u016bno g. 20).\u00a0\u00a0Siekdami geriau valdyti \u017emoni\u0173 srautus, ketinan\u010di\u0173 steb\u0117ti spektaklius gyventoj\u0173 organizatoriai pra\u0161o i\u0161 anksto registruotis LNOBT \u201eFacebook\u201c sienoje sukurtuose renginiuose.<\/p>\n","protected":false},"excerpt":{"rendered":"<p>Sostin\u0117s mikrorajon\u0173 gyventojai buvo \u012fprat\u0119: nori rengini\u0173 \u2013 va\u017eiuok \u012f miesto centr\u0105. Lietuvos nacionalinis operos ir baleto teatras kartu su agent\u016bra \u201eGo\u00a0Vilnius\u201c si\u016blo keisti vilnie\u010di\u0173 \u012fpro\u010dius: keliaujan\u010dios operos \u201eTarnait\u0117 ponia\u201c&hellip; <\/p>\n","protected":false},"author":2,"featured_media":1165,"comment_status":"open","ping_status":"open","sticky":false,"template":"","format":"standard","meta":{"footnotes":""},"categories":[6],"tags":[],"_links":{"self":[{"href":"https:\/\/choras.lt\/index.php\/wp-json\/wp\/v2\/posts\/1163"}],"collection":[{"href":"https:\/\/choras.lt\/index.php\/wp-json\/wp\/v2\/posts"}],"about":[{"href":"https:\/\/choras.lt\/index.php\/wp-json\/wp\/v2\/types\/post"}],"author":[{"embeddable":true,"href":"https:\/\/choras.lt\/index.php\/wp-json\/wp\/v2\/users\/2"}],"replies":[{"embeddable":true,"href":"https:\/\/choras.lt\/index.php\/wp-json\/wp\/v2\/comments?post=1163"}],"version-history":[{"count":1,"href":"https:\/\/choras.lt\/index.php\/wp-json\/wp\/v2\/posts\/1163\/revisions"}],"predecessor-version":[{"id":1164,"href":"https:\/\/choras.lt\/index.php\/wp-json\/wp\/v2\/posts\/1163\/revisions\/1164"}],"wp:featuredmedia":[{"embeddable":true,"href":"https:\/\/choras.lt\/index.php\/wp-json\/wp\/v2\/media\/1165"}],"wp:attachment":[{"href":"https:\/\/choras.lt\/index.php\/wp-json\/wp\/v2\/media?parent=1163"}],"wp:term":[{"taxonomy":"category","embeddable":true,"href":"https:\/\/choras.lt\/index.php\/wp-json\/wp\/v2\/categories?post=1163"},{"taxonomy":"post_tag","embeddable":true,"href":"https:\/\/choras.lt\/index.php\/wp-json\/wp\/v2\/tags?post=1163"}],"curies":[{"name":"wp","href":"https:\/\/api.w.org\/{rel}","templated":true}]}}