{"id":1215,"date":"2021-09-23T09:27:57","date_gmt":"2021-09-23T09:27:57","guid":{"rendered":"https:\/\/choras.lt\/?p=1215"},"modified":"2021-09-23T09:27:59","modified_gmt":"2021-09-23T09:27:59","slug":"meno-kureju-socialinei-apsaugai-papildomas-1-mln-euru","status":"publish","type":"post","link":"https:\/\/choras.lt\/index.php\/2021\/09\/23\/meno-kureju-socialinei-apsaugai-papildomas-1-mln-euru\/","title":{"rendered":"Meno k\u016br\u0117j\u0173 socialinei apsaugai \u2013 papildomas 1 mln. eur\u0173"},"content":{"rendered":"\n<p>Kult\u016bros ministerijos pra\u0161ymu i\u0161 Vyriausyb\u0117s rezervo papildomai skirtas 1 mln. eur\u0173 Meno k\u016br\u0117j\u0173 socialin\u0117s apsaugos programai.<\/p>\n\n\n\n<p>\u0160iemet karantino ir valstyb\u0117s ekstremaliosios situacijos s\u0105lygomis \u017eenkliai padaug\u0117jo meno k\u016br\u0117j\u0173, pretenduojan\u010di\u0173 \u012f k\u016brybini\u0173 prastov\u0173 ir kitas i\u0161mokas i\u0161 \u0161ios programos l\u0117\u0161\u0173. Lyginant su prie\u0161pandeminiais metais, meno k\u016br\u0117j\u0173, gavusi\u0173 kompensacijas u\u017e k\u016brybines veiklos prastovas, skai\u010dius \u0161iemet i\u0161augo daugiau nei 5 kartus.<\/p>\n\n\n\n<p>\u201eMeno k\u016br\u0117jams pandemijos laikotarpis suk\u0117l\u0117 i\u0161ties did\u017eiuli\u0173 i\u0161\u0161\u016bki\u0173, kuri\u0173 poveikis vis dar t\u0119siasi. Veikianti Meno k\u016br\u0117j\u0173 socialin\u0117s apsaugos programa leido greitai bei efektyviai reaguoti \u012f sud\u0117ting\u0105 situacij\u0105 ir konstruktyviai pagelb\u0117ti menininkams. Papildomai skiriamos l\u0117\u0161os leis dar labiau su\u0161velninti tebesit\u0119sian\u010dias \u012ftampas ir k\u016br\u0117jams ramiau i\u0161gyventi \u0161\u012f laikotarp\u012f\u201c,&nbsp;\u2013&nbsp;sako kult\u016bros ministras Simonas Kairys.<\/p>\n\n\n\n<p>Kult\u016bros ministerija pagal Meno k\u016br\u0117j\u0173 socialin\u0117s apsaugos program\u0105 \u0161iemet jau i\u0161mok\u0117jo 760,7 t\u016bkst. eur\u0173 u\u017e k\u016brybines prastovas, 863,5 t\u016bkst. eur\u0173 VSD \u012fmok\u0173 ir 388,4 t\u016bkst. eur\u0173 PSD \u012fmok\u0173.<\/p>\n\n\n\n<p>\u0160iuo metu i\u0161 viso yra apie 4 t\u016bkst. asmen\u0173, kurie gali kreiptis d\u0117l k\u016brybin\u0117s prastovos i\u0161mokos skyrimo ir mok\u0117jimo ir kuriems gali b\u016bti padengiamos VSD bei PSD \u012fmokos.<\/p>\n","protected":false},"excerpt":{"rendered":"<p>Kult\u016bros ministerijos pra\u0161ymu i\u0161 Vyriausyb\u0117s rezervo papildomai skirtas 1 mln. eur\u0173 Meno k\u016br\u0117j\u0173 socialin\u0117s apsaugos programai. \u0160iemet karantino ir valstyb\u0117s ekstremaliosios situacijos s\u0105lygomis \u017eenkliai padaug\u0117jo meno k\u016br\u0117j\u0173, pretenduojan\u010di\u0173 \u012f k\u016brybini\u0173&hellip; <\/p>\n","protected":false},"author":2,"featured_media":302,"comment_status":"open","ping_status":"open","sticky":false,"template":"","format":"standard","meta":{"footnotes":""},"categories":[7],"tags":[],"_links":{"self":[{"href":"https:\/\/choras.lt\/index.php\/wp-json\/wp\/v2\/posts\/1215"}],"collection":[{"href":"https:\/\/choras.lt\/index.php\/wp-json\/wp\/v2\/posts"}],"about":[{"href":"https:\/\/choras.lt\/index.php\/wp-json\/wp\/v2\/types\/post"}],"author":[{"embeddable":true,"href":"https:\/\/choras.lt\/index.php\/wp-json\/wp\/v2\/users\/2"}],"replies":[{"embeddable":true,"href":"https:\/\/choras.lt\/index.php\/wp-json\/wp\/v2\/comments?post=1215"}],"version-history":[{"count":1,"href":"https:\/\/choras.lt\/index.php\/wp-json\/wp\/v2\/posts\/1215\/revisions"}],"predecessor-version":[{"id":1216,"href":"https:\/\/choras.lt\/index.php\/wp-json\/wp\/v2\/posts\/1215\/revisions\/1216"}],"wp:featuredmedia":[{"embeddable":true,"href":"https:\/\/choras.lt\/index.php\/wp-json\/wp\/v2\/media\/302"}],"wp:attachment":[{"href":"https:\/\/choras.lt\/index.php\/wp-json\/wp\/v2\/media?parent=1215"}],"wp:term":[{"taxonomy":"category","embeddable":true,"href":"https:\/\/choras.lt\/index.php\/wp-json\/wp\/v2\/categories?post=1215"},{"taxonomy":"post_tag","embeddable":true,"href":"https:\/\/choras.lt\/index.php\/wp-json\/wp\/v2\/tags?post=1215"}],"curies":[{"name":"wp","href":"https:\/\/api.w.org\/{rel}","templated":true}]}}