{"id":1217,"date":"2021-09-23T09:41:47","date_gmt":"2021-09-23T09:41:47","guid":{"rendered":"https:\/\/choras.lt\/?p=1217"},"modified":"2021-10-02T08:56:27","modified_gmt":"2021-10-02T08:56:27","slug":"vokalines-muzikos-paslaptis-smc-erdvese-narstys-nauja-kolektyvo-melos-programa","status":"publish","type":"post","link":"https:\/\/choras.lt\/index.php\/2021\/09\/23\/vokalines-muzikos-paslaptis-smc-erdvese-narstys-nauja-kolektyvo-melos-programa\/","title":{"rendered":"Vokalin\u0117s muzikos paslaptis \u0160MC erdv\u0117se narst\u0117 nauja kolektyvo \u201eMelos\u201c programa"},"content":{"rendered":"\n<p><br>Pajusti \u0161iuolaikin\u0117s vokalin\u0117s muzikos \u017eaves\u012f paskutin\u0119 rugs\u0117jo dien\u0105 vilnie\u010dius ir miesto sve\u010dius pakviet\u0117 Naujosios vokalin\u0117s muzikos kolektyvas&nbsp;\u201eMelos\u201c. Rugs\u0117jo 30 d.&nbsp;\u0160MC&nbsp;erdv\u0117se jis pirm\u0105 kart\u0105 gyvai atliko ambicing\u0105 u\u017esienio kompozitori\u0173 k\u016brini\u0173 program\u0105 \u201eLiving Room Music\u201c.<\/p>\n\n\n\n<p><br>Program\u0105 sudar\u0117 XX-XXI a. kompozitori\u0173 Morton Feldman, Tom Johnson, Georges Aperghis, John Cage, Ernst Toch, Dai Fujikura, Luigi Nono ir Mauricio Kagel vokaliniai k\u016briniai, atspindintys to meto k\u016br\u0117j\u0173 \u017evilgsn\u012f \u012f bals\u0105, kaip tyrin\u0117jim\u0173 \u0161altin\u012f.\u00a0<br>\u00a0<br>Unikalaus instrumento \u2013 \u017emogaus balso  &#8211; subtilyb\u0117ms gvildenti skirta programa skamb\u0117jo jau antr\u0105 kart\u0105. Jos premjera \u0161i\u0105 vasar\u0105 vyko Kint\u0173 muzikos festivalyje, kur k\u016brinius parengti Kint\u0173 meno rezidencijoje vykusiuose meistri\u0161kumo kursuose kolektyvui pad\u0117jo pasaulyje pripa\u017eintas pranc\u016bz\u0173 sopranas, daininink\u0117 Donatienne Michel-Dansac.<br>\u00a0<br>Meistri\u0161kumo kurs\u0173 metu \u012fgytas praktikas kolektyvas \u201eMelos\u201c naudojo ir koncerto metu. \u017di\u016brovai i\u0161girdo skirtingas balso technikas: nuo \u0161nab\u017edesio, kalb\u0117jimo, repetatyvaus skai\u010diavimo, riksmo iki \u0161velnaus vokalo ar net liaudies dainavimo. \u201eLiving Room Music\u201c \u2013 performatyvus koncertas, kvie\u010diantis klausytoj\u0105 \u012f nenutr\u016bkstam\u0105 balso kelion\u0119\u201c, \u2013\u00a0pasakojo \u201eMelos\u201c vadov\u0117 Karolina Macyt\u0117.\u00a0<br>\u00a0<br>Pasak jos, \u0161is koncertas \u201eMeloms\u201c \u2013 neeilinis. Programoje be \u012fprastos ansamblin\u0117s sud\u0117ties, skamb\u0117jo ir soliniai k\u016briniai, kuriuos atliko kiekviena \u201eMelos\u201c kolektyvo nar\u0117. \u201e\u0160iuo ne\u012fprastu \u017eingsniu norime parodyti klausytojams ne tik skirtingas vokalines technikas, bet ir atskleisti bals\u0173 tembr\u0173 \u012fvairov\u0119\u201c, \u2013\u00a0sako K. Macyt\u0117.<br>\u00a0<br>Atrasti visk\u0105, k\u0105 balsas gali pasi\u016blyti, \u201eMelos\u201c\u00a0pasi\u016bl\u0117 nepaprastoje erdv\u0117je. \u201eKoncerto viet\u0105 tikslingai pasirinkome\u00a0\u0160iuolaikinio meno centr\u0105, o tiksliau, jo laiptus ir foj\u0117. \u0160i, aktualiu menu pulsuojanti erdv\u0117, tapo m\u016bs\u0173 Living Room, kurioje susirinkome ir kartu\u00a0keliavome\u00a0per XX-XXI a. kompozitori\u0173 balso tyrin\u0117jimus\u201c, \u2013 pasakojo kolektyvo vadov\u0117.<\/p>\n\n\n\n<p><br>Pernai kolektyvas i\u0161leido pirm\u0105j\u012f savo album\u0105 \u201eMinimal Voices\u201c, skirt\u0105 lietuvi\u0173 autori\u0173 k\u016briniams. Tuo tarpu artimiausiuose \u201eMelos\u201c planuose \u2013 M. Feldmano&nbsp;\u201eThree Voices\u201c&nbsp;pristatymas Vilniuje, filmas, pristatantis Ry\u010dio Ma\u017eulio k\u016bryb\u0105&nbsp;\u201eSingle note\u201c, bendradarbiavimas su Lietuvos ansambli\u0173 tinklu, Synaesthesis, Cello Club, bendri projektai su kompozitore Aiste Vaitkevi\u010di\u016bte, garso menininkais Arturu Bum\u0161teinu, Jacob Kirkegaard ir kt. Ateinan\u010di\u0105 vasar\u0105 \u012f \u0161vie\u017eiausi\u0105 vokalin\u0119 muzik\u0105 \u201eMelos\u201c ir v\u0117l gilinsis meistri\u0161kumo kursuose. \u0160\u012fkart \u2013&nbsp;su d\u0117stytoja i\u0161 Vokietijos Angelika Luz.<br>&nbsp;<br>\u201eMelos\u201c gretose \u0161iuo metu skamba dainininki\u0173 Karolinos Macyt\u0117s, Gabriel\u0117s Bilevi\u010di\u016bt\u0117s, Justinos Leinartait\u0117s, Evitos Rud\u017eionyt\u0117s, \u016alos Barboros Zemeckyt\u0117s, Karolinos Ramon\u0117s ir Gabijos Adamonyt\u0117s balsai.<\/p>\n\n\n\n<p><\/p>\n\n\n\n<p class=\"has-text-align-center\"><strong>Karolinos Ramon\u0117s nuotraukoje: &#8220;Melos&#8221; su dainininke Donatienne Michel-Dansac<\/strong><\/p>\n\n\n\n<p class=\"has-text-align-center\"><br>&nbsp;<br><strong><span class=\"has-inline-color has-vivid-cyan-blue-color\">Living Room Music&nbsp;<\/span><\/strong><br>&nbsp;<br><span class=\"has-inline-color has-vivid-red-color\">Rugs\u0117jo 30 d., 21:00, \u0160MC&nbsp;<\/span><br>Renginio bilietai&nbsp;&#8211;&nbsp;https:\/\/tickets.paysera.com\/lt-LT\/event\/living-room-music<br>Renginys Facebook &#8211;&nbsp;https:\/\/fb.me\/e\/2IisSgX2E<br>Daugiau apie kolektyv\u0105: www.meloscollective.com<\/p>\n","protected":false},"excerpt":{"rendered":"<p>Pajusti \u0161iuolaikin\u0117s vokalin\u0117s muzikos \u017eaves\u012f paskutin\u0119 rugs\u0117jo dien\u0105 vilnie\u010dius ir miesto sve\u010dius pakviet\u0117 Naujosios vokalin\u0117s muzikos kolektyvas&nbsp;\u201eMelos\u201c. Rugs\u0117jo 30 d.&nbsp;\u0160MC&nbsp;erdv\u0117se jis pirm\u0105 kart\u0105 gyvai atliko ambicing\u0105 u\u017esienio kompozitori\u0173 k\u016brini\u0173 program\u0105&hellip; <\/p>\n","protected":false},"author":2,"featured_media":1219,"comment_status":"open","ping_status":"open","sticky":false,"template":"","format":"standard","meta":{"footnotes":""},"categories":[5],"tags":[],"_links":{"self":[{"href":"https:\/\/choras.lt\/index.php\/wp-json\/wp\/v2\/posts\/1217"}],"collection":[{"href":"https:\/\/choras.lt\/index.php\/wp-json\/wp\/v2\/posts"}],"about":[{"href":"https:\/\/choras.lt\/index.php\/wp-json\/wp\/v2\/types\/post"}],"author":[{"embeddable":true,"href":"https:\/\/choras.lt\/index.php\/wp-json\/wp\/v2\/users\/2"}],"replies":[{"embeddable":true,"href":"https:\/\/choras.lt\/index.php\/wp-json\/wp\/v2\/comments?post=1217"}],"version-history":[{"count":6,"href":"https:\/\/choras.lt\/index.php\/wp-json\/wp\/v2\/posts\/1217\/revisions"}],"predecessor-version":[{"id":1296,"href":"https:\/\/choras.lt\/index.php\/wp-json\/wp\/v2\/posts\/1217\/revisions\/1296"}],"wp:featuredmedia":[{"embeddable":true,"href":"https:\/\/choras.lt\/index.php\/wp-json\/wp\/v2\/media\/1219"}],"wp:attachment":[{"href":"https:\/\/choras.lt\/index.php\/wp-json\/wp\/v2\/media?parent=1217"}],"wp:term":[{"taxonomy":"category","embeddable":true,"href":"https:\/\/choras.lt\/index.php\/wp-json\/wp\/v2\/categories?post=1217"},{"taxonomy":"post_tag","embeddable":true,"href":"https:\/\/choras.lt\/index.php\/wp-json\/wp\/v2\/tags?post=1217"}],"curies":[{"name":"wp","href":"https:\/\/api.w.org\/{rel}","templated":true}]}}