{"id":1223,"date":"2021-09-23T19:51:01","date_gmt":"2021-09-23T19:51:01","guid":{"rendered":"https:\/\/choras.lt\/?p=1223"},"modified":"2021-09-23T19:51:03","modified_gmt":"2021-09-23T19:51:03","slug":"operoje-alisa-stebuklu-salyje-dainuoja-ir-groja-nemazas-burys-lmta-studentu","status":"publish","type":"post","link":"https:\/\/choras.lt\/index.php\/2021\/09\/23\/operoje-alisa-stebuklu-salyje-dainuoja-ir-groja-nemazas-burys-lmta-studentu\/","title":{"rendered":"Operoje \u201eAlisa stebukl\u0173 \u0161alyje\u201c dainuoja ir groja nema\u017eas b\u016brys LMTA student\u0173"},"content":{"rendered":"\n<p><br>Lietuvos nacionalinis operos ir baleto teatras savaitgal\u012f i\u0161leid\u017eia jau antr\u0105j\u0105 \u0161io sezono premjer\u0105 \u2013 Davido Sebbos oper\u0105 visai \u0161eimai \u201eAlisa stebukl\u0173 \u0161alyje\u201c. \u0160iame spektaklyje groja ir vaidina nema\u017eas b\u016brys Lietuvos muzikos ir teatro akademijos student\u0173.<\/p>\n\n\n\n<p><br>\u201eSpektakli\u0173 vaikams teatro repertuare tr\u016bksta, tod\u0117l jau kelet\u0105 met\u0173 dair\u0117m\u0117s k\u016brinio, kur\u012f gal\u0117tume rodyti avanscenoje prie nuleistos u\u017edangos tuo metu, kai scenoje b\u016bna montuojamos kit\u0173 vaidinim\u0173 dekoracijos. D. Sebbos opera \u201eAlisa stebukl\u0173 \u0161alyje\u201c patrauk\u0117 d\u0117mes\u012f vis\u0173 pirma populiariu, \u017einomu pavadinimu. Ji jau buvo pastatyta Izraelio operoje, ta\u010diau Vilniuje i\u0161vysime visi\u0161kai nauj\u0105 versij\u0105. O kadangi premjera gim\u0117 daugiausiai LMTA student\u0173 paj\u0117gomis, tai i\u0161 Tel Avivo atvykusiam re\u017eisieriui Gadui Schechteriui teko u\u017esiimti ne tik k\u016brybine, bet ir pedagogine veikla\u201c, \u2013 pasakoja LNOBT Menin\u0117s veiklos departamento vadov\u0117 Jurgita Skiotyt\u0117-Norvai\u0161ien\u0117.<\/p>\n\n\n\n<p><br>Pats re\u017eisierius teigia, kad d\u0117l pandemijos dauguma spektaklio parengiam\u0173j\u0173 darb\u0173 vyko \u201eZoom\u201c platformoje, kai vietoj teatre \u012fprasto \u017emogi\u0161kojo kontakto gauni tik \u0161alt\u0105 ekrano mirg\u0117jim\u0105. Bet gyvai susitikus su lietuvi\u0161k\u0105ja komandos dalimi visi \u0161altukai greitai i\u0161sisklaid\u0117. \u201eTel Avive greta mano nam\u0173 yra s\u016bnaus lankoma mokykla ir \u0161urmuliuojanti jos \u017eaidim\u0173 aik\u0161tel\u0117. Nuolat j\u0105 steb\u0117damas, supratau, kokia tai d\u0117kinga vieta vaik\u0173 fantazijai. \u017daidim\u0173 aik\u0161tel\u0117 moksleivi\u0173 vaizduot\u0117s d\u0117ka kasdien virsdavo ka\u017ekuo kitu: tai stebuklinga pilimi, tai pirat\u0173 laivu\u2026 Toks ir pagrindinis \u0161io spektaklio rakta\u017eodis \u2013 perteikti Alisos vaizduot\u0119, toki\u0105 pat turting\u0105 kaip bet kurio kito vaiko vaizduot\u0117\u201c, \u2013 pasakoja G. Schechteris.<\/p>\n\n\n\n<p><br>Pastatymo muzikos vadovas ir dirigentas Martynas Sta\u0161kus prisipa\u017eino, kad i\u0161klaus\u0119s hebraji\u0161k\u0105 operos variant\u0105 netik\u0117jo, kad pavyks j\u0105 perteikti lietuvi\u0173 kalba: \u201eHebraj\u0173 kalboje itin daug vienskiemeni\u0173 ir dviskiemeni\u0173 \u017eod\u017ei\u0173, kitokia \u017eod\u017ei\u0173 ir sakini\u0173 intonacija, tod\u0117l visk\u0105 sutalpinti \u012f lietuvi\u0161k\u0105 operos libret\u0105 mums buvo labai sud\u0117tinga. Dviem vienas kitam prie\u0161taraujantiems operos veik\u0117jams lietuvi\u0161kus vardus, m\u016bs\u0173 papra\u0161yti, vasar\u0105 k\u016br\u0117 patys vaikai. Sulauk\u0117me daugiau kaip 150 skirting\u0173 vard\u0173 variant\u0173! O i\u0161sirinkome lietuvi\u0161kiausiai skamb\u0117jusius \u2013 Dar ir Gana. Sujung\u0119 juos \u012f vien\u0105, gauname tai, k\u0105 dabar ir matome u\u017e lango \u2013 Dargan\u0105\u201c, \u2013 pasakoja M. Sta\u0161kus.<\/p>\n\n\n\n<p>LMTA Stygini\u0173 instrument\u0173 katedros ved\u0117ja prof. R\u016bta Lipinaityt\u0117 sako, kad premjeroje grojan\u010diame de\u0161imties muzikant\u0173 ansamblyje dalyvauja \u012fvairi\u0173 akademijos kurs\u0173 studentai. Jiems tai ne\u012fkainojama patirtis, nes su operos \u017eanru studijuojantys muzikantai paprastai susiduria retai. Tam pritaria ir LMTA Dainavimo katedros ved\u0117ja prof. Asta Krik\u0161\u010di\u016bnait\u0117, neslepianti, jog kiti akademijos studentai jau pavydi gavusiam galimyb\u0119 teatre debiutuoti daininink\u0173 magistrant\u0173 kursui. Nors jauniems atlik\u0117jams \u201eAlisos stebukl\u0173 \u0161alyje\u201c vokalin\u0117s operos partijos buvo pakankamai sud\u0117tingos, o ir scenos judesio vaikams skirtame pastatyme tikrai netr\u016bksta. \u201eOperon m\u016bs\u0173 \u012fmurkdytiems studentams neliko nieko kita, tik i\u0161plaukti. U\u017etat jie neabejotinai \u016bgtel\u0117s kaip profesionalai, nes jau i\u0161moko perteikti \u017ei\u016brovams itin koncentruot\u0105 tekst\u0105, kuriame n\u0117ra n\u0117 vieno nereikalingo \u017eod\u017eio\u201c, \u2013 pabr\u0117\u017e\u0117 re\u017eisieriaus asistent\u0117 J\u016brat\u0117 Sodyt\u0117.<\/p>\n\n\n\n<p><br>Vizualus spektaklio \u201ek\u016bnas\u201c nepaprastai spalvingas \u2013 jame sprogin\u0117ja i\u0161tisas spalv\u0173 ir \u0161vies\u0173 \u201ekokteilis\u201c. Scenograf\u0117 Gintar\u0117 Jonaityt\u0117 dekoracijas gamino taip, kad jos atrodyt\u0173 tarsi nuspalvintos vaik\u0173, o kurdama j\u0173 formas konsultuodavosi su savo s\u016bneliu. \u201eAlisos stebukl\u0173 \u0161alyje\u201c kostium\u0173 dailinink\u0117 Marta Vosyli\u016bt\u0117 specialiai \u0161iam pastatymui suk\u016br\u0117 net a\u0161tuonis originalius audini\u0173 ra\u0161tus. J\u0173 eskizus \u201eAlisos stebukl\u0173 \u0161alyje\u201c \u017ei\u016brovai gal\u0117s ap\u017ei\u016br\u0117ti specialiai premjerai skirtoje parod\u0117l\u0117je viename i\u0161 teatro Raudonosios foj\u0117 stend\u0173.<\/p>\n\n\n\n<p><br>Pirmieji \u201eAlisos stebukl\u0173 \u0161alyje\u201c spektakliai LNOBT \u2013 rugs\u0117jo 25, 26 ir spalio 2 dienomis. Spektakli\u0173 prad\u017eia \u2013 12 valand\u0105. Kitos vaikams skirtos operos premjer\u0105 LNOBT numato gruod\u017eio 5-\u0105j\u0105: tuomet \u012f scen\u0105 \u017eengs lietuvi\u0173 kompozitoriaus Sigito Mickio opera \u201eMamul\u0117 M\u016b\u201c.<\/p>\n\n\n\n<p><\/p>\n\n\n\n<p class=\"has-text-align-center\"><strong>Renata Baltru\u0161aityt\u0117<\/strong><\/p>\n\n\n\n<p class=\"has-text-align-center\"><strong>Martyno Aleksos nuotr.<\/strong><\/p>\n","protected":false},"excerpt":{"rendered":"<p>Lietuvos nacionalinis operos ir baleto teatras savaitgal\u012f i\u0161leid\u017eia jau antr\u0105j\u0105 \u0161io sezono premjer\u0105 \u2013 Davido Sebbos oper\u0105 visai \u0161eimai \u201eAlisa stebukl\u0173 \u0161alyje\u201c. \u0160iame spektaklyje groja ir vaidina nema\u017eas b\u016brys Lietuvos&hellip; <\/p>\n","protected":false},"author":2,"featured_media":1226,"comment_status":"open","ping_status":"open","sticky":false,"template":"","format":"standard","meta":{"footnotes":""},"categories":[6],"tags":[],"_links":{"self":[{"href":"https:\/\/choras.lt\/index.php\/wp-json\/wp\/v2\/posts\/1223"}],"collection":[{"href":"https:\/\/choras.lt\/index.php\/wp-json\/wp\/v2\/posts"}],"about":[{"href":"https:\/\/choras.lt\/index.php\/wp-json\/wp\/v2\/types\/post"}],"author":[{"embeddable":true,"href":"https:\/\/choras.lt\/index.php\/wp-json\/wp\/v2\/users\/2"}],"replies":[{"embeddable":true,"href":"https:\/\/choras.lt\/index.php\/wp-json\/wp\/v2\/comments?post=1223"}],"version-history":[{"count":2,"href":"https:\/\/choras.lt\/index.php\/wp-json\/wp\/v2\/posts\/1223\/revisions"}],"predecessor-version":[{"id":1227,"href":"https:\/\/choras.lt\/index.php\/wp-json\/wp\/v2\/posts\/1223\/revisions\/1227"}],"wp:featuredmedia":[{"embeddable":true,"href":"https:\/\/choras.lt\/index.php\/wp-json\/wp\/v2\/media\/1226"}],"wp:attachment":[{"href":"https:\/\/choras.lt\/index.php\/wp-json\/wp\/v2\/media?parent=1223"}],"wp:term":[{"taxonomy":"category","embeddable":true,"href":"https:\/\/choras.lt\/index.php\/wp-json\/wp\/v2\/categories?post=1223"},{"taxonomy":"post_tag","embeddable":true,"href":"https:\/\/choras.lt\/index.php\/wp-json\/wp\/v2\/tags?post=1223"}],"curies":[{"name":"wp","href":"https:\/\/api.w.org\/{rel}","templated":true}]}}