{"id":1233,"date":"2021-09-27T09:43:08","date_gmt":"2021-09-27T09:43:08","guid":{"rendered":"https:\/\/choras.lt\/?p=1233"},"modified":"2021-09-27T09:43:10","modified_gmt":"2021-09-27T09:43:10","slug":"grammy-laimetojas-bene-geriausias-pasaulyje-vyru-choras-is-estijos-koncertuos-vilniuje-su-vokieciu-trimito-zvaigzde-markusu-stockhausenu","status":"publish","type":"post","link":"https:\/\/choras.lt\/index.php\/2021\/09\/27\/grammy-laimetojas-bene-geriausias-pasaulyje-vyru-choras-is-estijos-koncertuos-vilniuje-su-vokieciu-trimito-zvaigzde-markusu-stockhausenu\/","title":{"rendered":"\u201eGrammy\u201c laim\u0117tojas, bene geriausias pasaulyje vyr\u0173 choras i\u0161 Estijos koncertuos Vilniuje su vokie\u010di\u0173 trimito \u017evaig\u017ede Markusu Stockhausenu"},"content":{"rendered":"\n<p>Spalio 20 d. \u0160v. Kotrynos ba\u017eny\u010dioje rengiamas unikalus \u201eGrammy\u201c laureato, Estijos nacionalinio vyr\u0173 choro koncertas, kuriame prie beveik 50 galing\u0173 vyr\u0173 bals\u0173 prisijungs trimito garsenyb\u0117 Markus Stockhausen (Vokietija). Auk\u0161\u010diausio lygio muzikos meistrai publikai pateiks gra\u017eiausi\u0173 \u0161iuolaikin\u0117s klasikos k\u016brini\u0173 program\u0105. Skamb\u0117s pasaulio koncert\u0173 sales paker\u0117j\u0119 \u017eymi\u0173 kompozitori\u0173 Arvo\u00a0P\u00e4rto, Jameso MacMillano, Giovanni Bonato k\u016briniai, Italijoje gyvenan\u010dios \u017einomos lietuvi\u0173 autor\u0117s Just\u0117s Janulyt\u0117s bei latv\u0117s Santos Ratnieces opusai, sukurti specialiai \u0161iam vyr\u0173 chorui. O koncert\u0105 vainikuos kompozitoriaus ir d\u017eiazo atlik\u0117jo Tomo Kutavi\u010diaus naujausio k\u016brinio pasaulin\u0117 premjera.<\/p>\n\n\n\n<p><br>Estijos nacionalinis vyr\u0173 choras \u017einomas visame pasaulyje. Choro koncertiniai mar\u0161rutai siekia Amerik\u0105 ir Azij\u0105, o pla\u010dioje kolektyvo diskografijoje \u2013 garsi\u0173 leidybini\u0173 firm\u0173 \u201eDeutsche Grammophon\u201c, \u201eSony\u201c, \u201eFinlandia\u201c, \u201eAlba Records\u201c, \u201eVirgin Classics\u201c, \u201eOndine\u201c ir kit\u0173 i\u0161leistos plok\u0161tel\u0117s. 2004 m. Estijos nacionalinis vyr\u0173 choras peln\u0117 \u201eGrammy\u201c apdovanojim\u0105 u\u017e geriausi\u0105 chorin\u0117s muzikos interpretacij\u0105, diriguojant Paavo J\u00e4rvi. Per pastaruosius septynis metus Estijos nacionalinis vyr\u0173 choras i\u0161leido penkis albumus. CD \u201eIn Paradisum\u201c (2015) peln\u0117 kolektyvui geriausio Estijos klasikos albumo apdovanojim\u0105, o disk\u0105 \u201eTe lucis ante terminum\u201c (2016) i\u0161leido \u017einoma leidybin\u0117 firma \u201eAurora\u201c. 2018 m. choras dalyvavo \u201eSony\u201c \u012fra\u0161uose atliekant Dmitrijaus \u0160ostakovi\u010diaus Trylikt\u0105j\u0105 simfonij\u0105 su Dresdeno filharmonijos orkestru, diriguojant Michaeliui Sanderlingui. Taip pat su Suomijos radijo simfoniniu orkestru, diriguojant Hannu Lintu, firma \u201eOndine\u201c i\u0161leido CD \u201eKullervo\u201c su Jeano Sibelijaus muzika. Naujausiame choro diske \u201eRegiram\u201c, kur\u012f jis \u012fra\u0161\u0117 su instrumentiniu ansambliu, skamba Estijos senovini\u0173 vienbalsi\u0173 giesmi\u0173 aran\u017euot\u0117s, o \u0161iais metais baigtas \u012fra\u0161in\u0117ti \u0161iuolaikin\u0117s muzikos albumas, kuriame \u2013 ir \u0161iame koncerte skamb\u0117siantys Just\u0117s Janulyt\u0117s bei Giovanni Bonato k\u016briniai.<\/p>\n\n\n\n<p><br>Estijos nacionalinis vyr\u0173 choras buvo \u012fkurtas 1944 m. dirigento ir kompozitoriaus Gustavo Ernesakso. Savo veiklos prad\u017eioje choras daugiausia dainavo a cappella \u2013 be instrumentinio pritarimo, ta\u010diau ilgainiui i\u0161augo \u012f kolektyv\u0105, neretai atliekant\u012f ir stambias simfonines kompozicijas. Greta est\u0173 kompozitori\u0173 choras yra pirm\u0105 kart\u0105 atlik\u0119s daugelio kit\u0173 kra\u0161t\u0173 kompozitori\u0173 muzikos \u2013 nuo D. \u0160ostakovi\u010diaus iki Gavino Bryarso ir Just\u0117s Janulyt\u0117s. \u0160iandien Estijos nacionalinis vyr\u0173 choras yra pasaulin\u0117s \u0161lov\u0117s kolektyvas, gebantis auk\u0161\u010diausiu lygiu atlikti labai \u012fvairi\u0105 muzik\u0105 \u2013 nuo renesanso iki \u0161iuolaikini\u0173 opus\u0173. Nuo 2011 m. choro vyriausiasis dirigentas ir meno vadovas yra Mikk \u00dcleoja. 2014 m. jis peln\u0117 Estijos met\u0173 dirigento vard\u0105, o 2015 m. drauge su Estijos nacionaliniu vyr\u0173 choru \u2013 Nacionalin\u012f kult\u016bros apdovanojim\u0105.<\/p>\n\n\n\n<p><br>Su Estijos nacionaliniu vyr\u0173 choru koncerte Vilniuje pasirodysiantis Markus Stockhausenas gars\u0117ja ne tik kaip fantasti\u0161ko virtuozi\u0161kumo trimitininkas, pasi\u017eymintis ne\u012ftik\u0117tinai gra\u017eiu garsu, bet ir kaip vienas \u012fvairiapusi\u0161kiausi\u0173 m\u016bs\u0173 dien\u0173 meninink\u0173. Net 25-erius metus jis artimai bendradarbiavo su savo t\u0117vu, vienu \u012ftakingiausi\u0173 pra\u0117jusio am\u017eiaus kompozitori\u0173 Karlheinzu Stockhausenu \u2013 \u0161is savo s\u016bnui yra suk\u016br\u0119s ne vien\u0105 pasaulio d\u0117mes\u012f patraukus\u012f opus\u0105. O pastaraisiais de\u0161imtme\u010diais Markus Stockhausenas atlieka labai \u012fvairi\u0105 muzik\u0105 \u2013 nuo d\u017eiazo bei intuityviosios, improvizacin\u0117s muzikos iki elektronikos. Trimitininkas yra i\u0161leid\u0119s per 70 kompaktini\u0173 plok\u0161teli\u0173, 2005 m. buvo \u012fvertintas presti\u017einiu Vakar\u0173 Vokietijos Radijo (WDR) d\u017eiazo prizu. Daugyb\u0117 ry\u0161kiausi\u0173 m\u016bs\u0173 dien\u0173 k\u016br\u0117j\u0173 jam specialiai yra dedikav\u0119 savo k\u016brinius. Tad laukianti Tomo Kutavi\u010diaus naujo k\u016brinio premjera, kuri\u0105 rengia Markus Stockhausenas ir Estijos nacionalinis vyr\u0173 choras, intriguoja dvigubai.<\/p>\n\n\n\n<p><br>Estijos nacionalinio vyr\u0173 choro ir trimito \u017evaig\u017ed\u0117s Markuso Stockhauseno koncertas \u0160v. Kotrynos ba\u017eny\u010dioje \u2013 spalio 20 d. 19 val. <\/p>\n","protected":false},"excerpt":{"rendered":"<p>Spalio 20 d. \u0160v. Kotrynos ba\u017eny\u010dioje rengiamas unikalus \u201eGrammy\u201c laureato, Estijos nacionalinio vyr\u0173 choro koncertas, kuriame prie beveik 50 galing\u0173 vyr\u0173 bals\u0173 prisijungs trimito garsenyb\u0117 Markus Stockhausen (Vokietija). Auk\u0161\u010diausio lygio&hellip; <\/p>\n","protected":false},"author":2,"featured_media":1236,"comment_status":"open","ping_status":"open","sticky":false,"template":"","format":"standard","meta":{"footnotes":""},"categories":[6],"tags":[],"_links":{"self":[{"href":"https:\/\/choras.lt\/index.php\/wp-json\/wp\/v2\/posts\/1233"}],"collection":[{"href":"https:\/\/choras.lt\/index.php\/wp-json\/wp\/v2\/posts"}],"about":[{"href":"https:\/\/choras.lt\/index.php\/wp-json\/wp\/v2\/types\/post"}],"author":[{"embeddable":true,"href":"https:\/\/choras.lt\/index.php\/wp-json\/wp\/v2\/users\/2"}],"replies":[{"embeddable":true,"href":"https:\/\/choras.lt\/index.php\/wp-json\/wp\/v2\/comments?post=1233"}],"version-history":[{"count":2,"href":"https:\/\/choras.lt\/index.php\/wp-json\/wp\/v2\/posts\/1233\/revisions"}],"predecessor-version":[{"id":1235,"href":"https:\/\/choras.lt\/index.php\/wp-json\/wp\/v2\/posts\/1233\/revisions\/1235"}],"wp:featuredmedia":[{"embeddable":true,"href":"https:\/\/choras.lt\/index.php\/wp-json\/wp\/v2\/media\/1236"}],"wp:attachment":[{"href":"https:\/\/choras.lt\/index.php\/wp-json\/wp\/v2\/media?parent=1233"}],"wp:term":[{"taxonomy":"category","embeddable":true,"href":"https:\/\/choras.lt\/index.php\/wp-json\/wp\/v2\/categories?post=1233"},{"taxonomy":"post_tag","embeddable":true,"href":"https:\/\/choras.lt\/index.php\/wp-json\/wp\/v2\/tags?post=1233"}],"curies":[{"name":"wp","href":"https:\/\/api.w.org\/{rel}","templated":true}]}}