{"id":1244,"date":"2021-09-28T12:09:45","date_gmt":"2021-09-28T12:09:45","guid":{"rendered":"https:\/\/choras.lt\/?p=1244"},"modified":"2021-09-28T12:10:12","modified_gmt":"2021-09-28T12:10:12","slug":"lietuvos-nacionalines-filharmonijos-vadovo-konkursa-laimejo-ruta-pruseviciene","status":"publish","type":"post","link":"https:\/\/choras.lt\/index.php\/2021\/09\/28\/lietuvos-nacionalines-filharmonijos-vadovo-konkursa-laimejo-ruta-pruseviciene\/","title":{"rendered":"Lietuvos nacionalin\u0117s filharmonijos vadovo konkurs\u0105 laim\u0117jo R\u016bta Prusevi\u010dien\u0117"},"content":{"rendered":"\n<p>Kult\u016bros ministerijos konkurs\u0105 eiti Lietuvos nacionalin\u0117s filharmonijos generalinio direktoriaus pareigas laim\u0117jo dabartin\u0117 \u0161ios koncertin\u0117s \u012fstaigos vadov\u0117&nbsp; R\u016bta Prusevi\u010dien\u0117.<\/p>\n\n\n\n<p>\u201eLietuvos nacionalin\u0117s filharmonijos muzikos kolektyvai sieks pristatyti klausytojams ir skaitmenini\u0173 platform\u0173 \u017ei\u016brovams ry\u0161kiausias koncertines programas, surengs parodas, i\u0161leis istorin\u0117s dokumentikos leidinius, \u012fra\u0161us, organizuos diskusij\u0173, radijo ir TV laid\u0173, internetini\u0173 ap\u017evalg\u0173 cikl\u0105 apie Lietuvos profesionalaus muzikos atlik\u0117j\u0173 meno raidos etapus, pasaulines stilistines \u012ftakas, \u017eanr\u0173 specifik\u0105, repertuaro prieinamum\u0105 klausytojams, akademinio muzikos meno tendencijas ir klausytoj\u0173 ugdym\u0105, vengiant turinio supaprastinimo ir pritaikymo masiniam skoniui. Taip pat pristatysime ry\u0161kiausius jaunosios kartos atlik\u0117jus ir k\u016br\u0117jus, subrandintus nepriklausomos Lietuvos valstyb\u0117s ir kurian\u010dius globalioje pasaulio muzikos scenoje\u201c, \u2013 teigiama R. Prusevi\u010dien\u0117s pateiktame Lietuvos nacionalin\u0117s filharmonijos veiklos ap\u017evalgoje ir 2022\u20132027 m. perspektyvin\u0117s veiklos plane.<\/p>\n\n\n\n<p>Tolesn\u0117s veiklos programoje ji akcentuoja siek\u012f ir toliau pristatyti muzikos rei\u0161kinius ir \u012fvykius kituose kontekstuose \u0161alia verslo, rinkodaros, kit\u0173 meno sri\u010di\u0173. Bendradarbiaudama su tokiomis auk\u0161tojo mokslo institucijomis kaip Lietuvos muzikos ir teatro akademija, Vilniaus universitetas, ISM Vadybos ir ekonomikos universitetas, Lietuvos nacionalin\u0117 filharmonija numato rengti atviras paskaitas studentams ir visuomenei apie muzikos s\u0105veik\u0105 su kitomis sritimis, taip pat \u012ftraukti nauj\u0105 tikslin\u0119 auditorij\u0105, potencialius klausytojus, auginti s\u0105moning\u0105, smals\u0173, atvir\u0105 klausytoj\u0105.<\/p>\n\n\n\n<p>Muzikolog\u0117s i\u0161silavinim\u0105 turinti R. Prusevi\u010dien\u0117 Lietuvos nacionalinei filharmonijai vadovauja nuo 2006 met\u0173.<\/p>\n\n\n\n<p>Koncertin\u0117s \u012fstaigos Lietuvos nacionalin\u0117s filharmonijos vadovo kadencijos trukm\u0117 \u2013 penkeri metai.<\/p>\n\n\n\n<p><em>Dainiaus Labu\u010dio (ELTA) nuotrauka<\/em><\/p>\n","protected":false},"excerpt":{"rendered":"<p>Kult\u016bros ministerijos konkurs\u0105 eiti Lietuvos nacionalin\u0117s filharmonijos generalinio direktoriaus pareigas laim\u0117jo dabartin\u0117 \u0161ios koncertin\u0117s \u012fstaigos vadov\u0117&nbsp; R\u016bta Prusevi\u010dien\u0117. \u201eLietuvos nacionalin\u0117s filharmonijos muzikos kolektyvai sieks pristatyti klausytojams ir skaitmenini\u0173 platform\u0173 \u017ei\u016brovams&hellip; <\/p>\n","protected":false},"author":2,"featured_media":1246,"comment_status":"open","ping_status":"open","sticky":false,"template":"","format":"standard","meta":{"footnotes":""},"categories":[7],"tags":[],"_links":{"self":[{"href":"https:\/\/choras.lt\/index.php\/wp-json\/wp\/v2\/posts\/1244"}],"collection":[{"href":"https:\/\/choras.lt\/index.php\/wp-json\/wp\/v2\/posts"}],"about":[{"href":"https:\/\/choras.lt\/index.php\/wp-json\/wp\/v2\/types\/post"}],"author":[{"embeddable":true,"href":"https:\/\/choras.lt\/index.php\/wp-json\/wp\/v2\/users\/2"}],"replies":[{"embeddable":true,"href":"https:\/\/choras.lt\/index.php\/wp-json\/wp\/v2\/comments?post=1244"}],"version-history":[{"count":1,"href":"https:\/\/choras.lt\/index.php\/wp-json\/wp\/v2\/posts\/1244\/revisions"}],"predecessor-version":[{"id":1245,"href":"https:\/\/choras.lt\/index.php\/wp-json\/wp\/v2\/posts\/1244\/revisions\/1245"}],"wp:featuredmedia":[{"embeddable":true,"href":"https:\/\/choras.lt\/index.php\/wp-json\/wp\/v2\/media\/1246"}],"wp:attachment":[{"href":"https:\/\/choras.lt\/index.php\/wp-json\/wp\/v2\/media?parent=1244"}],"wp:term":[{"taxonomy":"category","embeddable":true,"href":"https:\/\/choras.lt\/index.php\/wp-json\/wp\/v2\/categories?post=1244"},{"taxonomy":"post_tag","embeddable":true,"href":"https:\/\/choras.lt\/index.php\/wp-json\/wp\/v2\/tags?post=1244"}],"curies":[{"name":"wp","href":"https:\/\/api.w.org\/{rel}","templated":true}]}}