{"id":1260,"date":"2021-09-29T10:30:00","date_gmt":"2021-09-29T10:30:00","guid":{"rendered":"https:\/\/choras.lt\/?p=1260"},"modified":"2021-09-29T10:34:51","modified_gmt":"2021-09-29T10:34:51","slug":"spalio-9-taja-pirmoji-klasika-visiems-repeticija-vu-didziojoje-auloje-ciurlionio-gatveje","status":"publish","type":"post","link":"https:\/\/choras.lt\/index.php\/2021\/09\/29\/spalio-9-taja-pirmoji-klasika-visiems-repeticija-vu-didziojoje-auloje-ciurlionio-gatveje\/","title":{"rendered":"Spalio 9-t\u0105j\u0105 &#8211; pirmoji &#8220;Klasika visiems&#8221; repeticija VU Did\u017eiojoje auloje \u010ciurlionio gatv\u0117je"},"content":{"rendered":"\n<p>Beveik metus kent\u0117j\u0119 d\u0117l pandemijos sukelt\u0173 trukd\u017ei\u0173, chorai ir choristai buriasi ir d\u017eiaugiasi vienas kito draugyste bei galimybe b\u016bti ir dainuoti kartu. Spalio 9 d. 11 val. ryto \u012f \u010ciurlionio gatv\u0117je Vilniuje st\u016bgsan\u010dius VU Gamtos fakulteto pastatus rinksis keli \u0161imtai daininink\u0173 pirmajai &#8220;Klasika visiems&#8221; repeticijai. Did\u017eiojoje VU auloje prasid\u0117s 9-tasis &#8220;Klasika visiems&#8221; projektas: bus repetuojama C. Orffo &#8220;Carmina Burana&#8221;, su choristais dirbs chormeisteriai Ignas Garla, Nerijus Masevi\u010dius ir projekto meno vadov\u0117 ir vyr. dirigent\u0117 Rasa Gelgotien\u0117. <\/p>\n\n\n\n<p>Kaip teigia vienas organizatori\u0173 &#8211; choro dirigentas Ignas Garla &#8211; dabar yra prisiregistrav\u0119&nbsp;103 altai, 98 sopranai, 27 bosai ir 14 tenor\u0173. O kuriais metais projektas pritrauk\u0117 daugiausia daininink\u0173? &#8220;Manau, pirmi trys kartai buvo gausiausi, &#8211; atsak\u0117 R. Gelgotien\u0117, &#8211; tuomet mes neribojome chorist\u0173 skai\u010diaus ir, ties\u0105 pasakius, net ne\u017einojome tiksliai, kiek j\u0173 b\u016bdavo \ud83d\ude42 Manau, tais metais b\u016bdavo per 400 daininink\u0173. Naujiems choro laiptams teko nemenkas i\u0161bandymas i\u0161laikyti tok\u012f gaus\u0173 chorist\u0173 b\u016br\u012f!  Dabar mes ribojame moter\u0173 skai\u010di\u0173. Jos aktyvesn\u0117s u\u017e vyrus, tod\u0117l siekdami&nbsp;bent \u0161iokio tokio bals\u0173 balanso esame priversti apriboti sopran\u0173 ir alt\u0173 skai\u010di\u0173.&#8221;<\/p>\n\n\n\n<p>O ar yra koks nors apribojimas (diskriminacija!?) pagal am\u017ei\u0173?&nbsp;R. Gelgotien\u0117: &#8220;Dalyvi\u0173 am\u017eiaus neklausiame, bet pamenu dainavus\u012f nemutavus\u012f berniuk\u0105 &#8211; sp\u0117ju, jam buvo apie 13-14 met\u0173. Vyriausiam dalyviui gal\u0117t\u0173 b\u016bti 80, o gal ir daugiau \ud83d\ude42 Kai kurie m\u016bs\u0173 senjorai atrodo daug jaunesni nei yra i\u0161 ties\u0173!&#8221; <\/p>\n\n\n\n<p>Paprastai ra\u0161antieji apie &#8220;Klasika visiems&#8221; projekt\u0105 pabr\u0117\u017eia, kad \u010dia susirenka dainininkai i\u0161 visos Lietuvos. Ar yra galimyb\u0117 u\u017esiregistruoti ir atvykti i\u0161 u\u017esienio? R. Gelgotien\u0117: &#8220;Taip, dainininkai i\u0161 u\u017esienio registruojasi jau gal nuo tre\u010dio projekto. Ir \u0161iais metais turime prisiregistravusi\u0105 sopran\u0119 i\u0161 Kijevo. Tarptauti\u0161kiausi metai buvo 2017-ieji &#8211; buvo grup\u0117 daininink\u0173 i\u0161 Ispanijos, Did\u017eiosios Britanijos, Vokietijos, Ukrainos. Apie projekt\u0105 daug pasakoja VU choristai, jie yra ir projekto mokytojai, ir ambasadoriai. VU chor\u0173 gastroli\u0173 metu studentai m\u0117gsta daug bendrauti ir u\u017esienio kolegos &#8220;u\u017esikabina&#8221; u\u017e \u0161ios id\u0117jos. Registruojasi \u012f projekt\u0105 ir perka l\u0117ktuv\u0173 bilietus \u012f Lietuv\u0105! Neretai ir apsigyvena pas m\u016bs\u0173 studentus, ar&nbsp; VU alumnus.&#8221;<\/p>\n\n\n\n<p>Kod\u0117l pasirinkta b\u016btent C. Orffo &#8220;Carmina Burana&#8221;?  R. Gelgotien\u0117: &#8220;Carmina Burana&#8221;  tod\u0117l, kad tai vis\u0173 m\u0117giamas, energingas, gyvenimo d\u017eiaugsm\u0105 teigiantis k\u016brinys! &#8230;po vis\u0173 t\u0173 karantin\u0173 nor\u0117josi b\u016btent tokio optimisti\u0161ko k\u016brinio!&#8221;<\/p>\n\n\n\n<p>Ar jau galite paskelbti, kokie profesionalai talkins projekto chorui?<\/p>\n\n\n\n<p>R. Gelgotien\u0117: &#8220;\u0160iais metais mums talkins \u0161ie profesionalai: solistai Gunta Gelgot\u0117 (sopranas), Mindaugas Jankauskas (tenoras), Steinas Skjervoldas (bosas), pianistai Rokas ir Sonata Zubovai bei mu\u0161am\u0173j\u0173 ansamblis \u201eGiunter Percussion\u201c (vadovas Pavelas Giunteris).&#8221;<\/p>\n\n\n\n<p><\/p>\n\n\n\n<p>Generalin\u0117 repeticija ir &#8220;Klasika visiems&#8221; koncertas vyks lapkri\u010dio 20 d. Vilniaus \u0160v. Jon\u0173 ba\u017eny\u010dioje.<\/p>\n\n\n\n<p><strong>Registruotis adresu: <\/strong><a href=\"http:\/\/new.promusica.lt\/projektai\/klasika-visiems\/\">http:\/\/new.promusica.lt\/projektai\/klasika-visiems\/<\/a><\/p>\n","protected":false},"excerpt":{"rendered":"<p>Beveik metus kent\u0117j\u0119 d\u0117l pandemijos sukelt\u0173 trukd\u017ei\u0173, chorai ir choristai buriasi ir d\u017eiaugiasi vienas kito draugyste bei galimybe b\u016bti ir dainuoti kartu. Spalio 9 d. 11 val. ryto \u012f \u010ciurlionio&hellip; <\/p>\n","protected":false},"author":2,"featured_media":1211,"comment_status":"open","ping_status":"open","sticky":false,"template":"","format":"standard","meta":{"footnotes":""},"categories":[2],"tags":[],"_links":{"self":[{"href":"https:\/\/choras.lt\/index.php\/wp-json\/wp\/v2\/posts\/1260"}],"collection":[{"href":"https:\/\/choras.lt\/index.php\/wp-json\/wp\/v2\/posts"}],"about":[{"href":"https:\/\/choras.lt\/index.php\/wp-json\/wp\/v2\/types\/post"}],"author":[{"embeddable":true,"href":"https:\/\/choras.lt\/index.php\/wp-json\/wp\/v2\/users\/2"}],"replies":[{"embeddable":true,"href":"https:\/\/choras.lt\/index.php\/wp-json\/wp\/v2\/comments?post=1260"}],"version-history":[{"count":6,"href":"https:\/\/choras.lt\/index.php\/wp-json\/wp\/v2\/posts\/1260\/revisions"}],"predecessor-version":[{"id":1267,"href":"https:\/\/choras.lt\/index.php\/wp-json\/wp\/v2\/posts\/1260\/revisions\/1267"}],"wp:featuredmedia":[{"embeddable":true,"href":"https:\/\/choras.lt\/index.php\/wp-json\/wp\/v2\/media\/1211"}],"wp:attachment":[{"href":"https:\/\/choras.lt\/index.php\/wp-json\/wp\/v2\/media?parent=1260"}],"wp:term":[{"taxonomy":"category","embeddable":true,"href":"https:\/\/choras.lt\/index.php\/wp-json\/wp\/v2\/categories?post=1260"},{"taxonomy":"post_tag","embeddable":true,"href":"https:\/\/choras.lt\/index.php\/wp-json\/wp\/v2\/tags?post=1260"}],"curies":[{"name":"wp","href":"https:\/\/api.w.org\/{rel}","templated":true}]}}