{"id":1268,"date":"2021-09-30T12:01:13","date_gmt":"2021-09-30T12:01:13","guid":{"rendered":"https:\/\/choras.lt\/?p=1268"},"modified":"2021-10-11T08:21:22","modified_gmt":"2021-10-11T08:21:22","slug":"spalio-7-ta-koncerte-nakty-sviesa-chorui-sonoros-bus-iteikta-aukso-paukste","status":"publish","type":"post","link":"https:\/\/choras.lt\/index.php\/2021\/09\/30\/spalio-7-ta-koncerte-nakty-sviesa-chorui-sonoros-bus-iteikta-aukso-paukste\/","title":{"rendered":"Spalio 7-t\u0105 koncerte \u201eNakty \u0161viesa\u201c chorui \u201eSonoros\u201c buvo \u012fteikta \u201eAukso pauk\u0161t\u0117\u201c"},"content":{"rendered":"\n<p><br>Spalio 7 d.  Vilniaus \u0160v. Kotrynos ba\u017eny\u010dioje Vilniaus mi\u0161rus choras \u201eSonoros\u201c sureng\u0117 koncert\u0105 \u201eNakty \u0161viesa\u201c. Koncerte choras kviet\u0117 apm\u0105styti, kas nu\u0161vie\u010dia m\u016bs\u0173 kasdienyb\u0119. Kas nutinka, kai \u0161vies\u0105 pasiglem\u017eia tamsa? Kokia \u0161viesa yra \u0161irdies? Nam\u0173? Ar \u012fmanoma ja, ta \u0161viesa, pasidalinti? <\/p>\n\n\n\n<p>Kartu su choro meno vadove Valerija Skapiene koncerte dirigavo \u201eSonoros\u201c<br>chormeisteris Kazimieras Krulikovskis, choristas Denis Vysokovych, choro bi\u010diuliai dirigentai Rokas Podelis ir Alfonsas Vild\u017ei\u016bnas. Koncerto metu chorui buvo \u012fteikta \u201eAukso pauk\u0161t\u0117s\u201c apdovanojimas. <\/p>\n\n\n\n<p><br>Pirmoji mi\u0161raus choro \u201eSonoros\u201c repeticija \u012fvyko 2017 m. pavasar\u012f. Chore dainuoja \u012fvairiausi\u0173 profesij\u0173 \u017emon\u0117s: gydytojai&nbsp;ir mokytojai, valstyb\u0117s tarnautojai ir mokslininkai, mamos ir&nbsp;t\u0117\u010diai, studentai ir programuotojai. Kai kurie i\u0161 j\u0173 su muzika&nbsp;pa\u017e\u012fstami nuo ma\u017eum\u0117s, o kiti t\u0105 pa\u017eint\u012f prad\u0117jo tik \u201eSonoros\u201c repeticijose. Kolektyve,&nbsp;burian\u010diame pozityvaus bendravimo principais gr\u012fst\u0105 chorin\u0117s muzikos myl\u0117toj\u0173 bendruomen\u0119, dainuoja \u017emon\u0117s nuo 16 iki 60 met\u0173.<\/p>\n\n\n\n<p><br>2018 m. choras buvo \u012fvertintas pirm\u0105ja meninio&nbsp;lygio kategorija, 2019 m. laim\u0117jo pirm\u0105j\u0105 viet\u0105 mi\u0161ri\u0173 chor\u0173&nbsp;kategorijoje tarptautiniame chor\u0173 konkurse \u201eM\u016bs\u0173 dainose\u201c&nbsp;Vievyje, 2020 m. apdovanotas \u201eAuksto pauk\u0161t\u0117s\u201c nominacija \u201eGeriausias naujai susik\u016br\u0119s m\u0117g\u0117j\u0173 meno kolektyvas ir vadovas\u201c. <\/p>\n\n\n\n<p>Kolektyvas koncertuoja ne tik ba\u017eny\u010diose ir koncert\u0173 sal\u0117se, bet ir nestandartiniuose renginiuose, su chorine muzika supa\u017eindindamas jos dar neatradusi\u0105 publik\u0105 \u2013 baruose, priva\u010diose \u0161vent\u0117se, politiniuose renginiuose. Per ketverius gyvavimo metus \u201eSonoros\u201c sureng\u0117 bendrus projektus su Japonijos moter\u0173 choru \u201eSendai\u201c, Australijos nacionaliniu jaunimo choru \u201eGondwana Chorale\u201c, Vokietijos Frankofonijos regiono akademiniu choru. \u012esimintiniausi\u0173 choro koncert\u0173 s\u0105ra\u0161e \u2013 labdaros rengini\u0173 ciklas, kurio metu buvo renkamos aukos v\u0117\u017eiu sergan\u010diais vaikais besir\u016bpinan\u010diam fondui \u201eRugut\u0117\u201c, Lietuvos reformacijai skirtas koncertas&nbsp;su Valdov\u0173 r\u016bm\u0173 Did\u017eiojoje men\u0117je su solistais Viktorija Mi\u0161k\u016bnaite, Vaidu Vy\u0161niausku, Jonu Sakalausku, Liudu Mikalausku, Carl&#8217;o Orff&#8217;o kantatos \u201eCarmina Burana\u201c atlikimas&nbsp;\u201eTrakai \u2013 Lietuvos kult\u016bros sostin\u0117\u201c programoje su&nbsp;LR Vidaus reikal\u0173 ministerijos Reprezentaciniu pu\u010diam\u0173j\u0173 orkestru ir dirigentu Roku Podeliu. <\/p>\n\n\n\n<p>2020 m. pavasar\u012f prasid\u0117jus pandemijai choras s\u0117kmingai rado k\u016brybi\u0161k\u0173 b\u016bd\u0173 t\u0119sti veikl\u0105: repeticijas perk\u0117l\u0117 \u012f virtuali\u0105 erdv\u0119, \u0117m\u0117 \u012fra\u0161in\u0117ti jaun\u0173 kompozitori\u0173 muzik\u0105, rengti koncertus lauko erdv\u0117se.<\/p>\n","protected":false},"excerpt":{"rendered":"<p>Spalio 7 d. Vilniaus \u0160v. Kotrynos ba\u017eny\u010dioje Vilniaus mi\u0161rus choras \u201eSonoros\u201c sureng\u0117 koncert\u0105 \u201eNakty \u0161viesa\u201c. Koncerte choras kviet\u0117 apm\u0105styti, kas nu\u0161vie\u010dia m\u016bs\u0173 kasdienyb\u0119. Kas nutinka, kai \u0161vies\u0105 pasiglem\u017eia tamsa? Kokia&hellip; <\/p>\n","protected":false},"author":2,"featured_media":1270,"comment_status":"open","ping_status":"open","sticky":false,"template":"","format":"standard","meta":{"footnotes":""},"categories":[3],"tags":[],"_links":{"self":[{"href":"https:\/\/choras.lt\/index.php\/wp-json\/wp\/v2\/posts\/1268"}],"collection":[{"href":"https:\/\/choras.lt\/index.php\/wp-json\/wp\/v2\/posts"}],"about":[{"href":"https:\/\/choras.lt\/index.php\/wp-json\/wp\/v2\/types\/post"}],"author":[{"embeddable":true,"href":"https:\/\/choras.lt\/index.php\/wp-json\/wp\/v2\/users\/2"}],"replies":[{"embeddable":true,"href":"https:\/\/choras.lt\/index.php\/wp-json\/wp\/v2\/comments?post=1268"}],"version-history":[{"count":3,"href":"https:\/\/choras.lt\/index.php\/wp-json\/wp\/v2\/posts\/1268\/revisions"}],"predecessor-version":[{"id":1320,"href":"https:\/\/choras.lt\/index.php\/wp-json\/wp\/v2\/posts\/1268\/revisions\/1320"}],"wp:featuredmedia":[{"embeddable":true,"href":"https:\/\/choras.lt\/index.php\/wp-json\/wp\/v2\/media\/1270"}],"wp:attachment":[{"href":"https:\/\/choras.lt\/index.php\/wp-json\/wp\/v2\/media?parent=1268"}],"wp:term":[{"taxonomy":"category","embeddable":true,"href":"https:\/\/choras.lt\/index.php\/wp-json\/wp\/v2\/categories?post=1268"},{"taxonomy":"post_tag","embeddable":true,"href":"https:\/\/choras.lt\/index.php\/wp-json\/wp\/v2\/tags?post=1268"}],"curies":[{"name":"wp","href":"https:\/\/api.w.org\/{rel}","templated":true}]}}