{"id":1272,"date":"2021-10-01T10:11:09","date_gmt":"2021-10-01T10:11:09","guid":{"rendered":"https:\/\/choras.lt\/?p=1272"},"modified":"2021-10-01T11:23:54","modified_gmt":"2021-10-01T11:23:54","slug":"1272","status":"publish","type":"post","link":"https:\/\/choras.lt\/index.php\/2021\/10\/01\/1272\/","title":{"rendered":"\u012eregistruotas 31 kandidatas Lietuvos nacionalinei kult\u016bros ir meno premijai"},"content":{"rendered":"\n<p>Kult\u016bros ir meno \u012fstaigos, asociacijos ir organizacijos Lietuvos nacionalini\u0173 kult\u016bros ir meno premij\u0173 komisijai pateik\u0117 svarstyti 31&nbsp;kandidat\u0105&nbsp;tapti Lietuvos nacionalin\u0117s kult\u016bros ir meno premijos laureatais.<\/p>\n\n\n\n<p>Kandidatais \u012fregistruoti:<\/p>\n\n\n\n<p>choro dirigentas, kompozitorius&nbsp;<strong>Vytautas Mi\u0161kinis<\/strong>&nbsp;(teikia \u0160iauli\u0173 valstybinis kamerinis choras \u201ePolifonija\u201c);<\/p>\n\n\n\n<p>dirigentas&nbsp;<strong>Stasys Domarkas<\/strong>&nbsp;(teikia Klaip\u0117dos valstybinis muzikinis teatras);<\/p>\n\n\n\n<p>ra\u0161ytojas<strong>&nbsp;Gintaras Grajauskas<\/strong>&nbsp;(teikia Klaip\u0117dos dramos teatras);<\/p>\n\n\n\n<p>istorik\u0117, publicist\u0117&nbsp;<strong>Joana Viga \u010ciplyt\u0117<\/strong>&nbsp;(teikia Panev\u0117\u017eio Elenos Mezginait\u0117s vie\u0161oji biblioteka, Panev\u0117\u017eio miesto \u017eyd\u0173 bendruomen\u0117);<\/p>\n\n\n\n<p>dailininkas&nbsp;<strong>Kazimieras Simanonis<\/strong>&nbsp;(teikia Dailinink\u0173 s\u0105jungos fondas);<\/p>\n\n\n\n<p>ra\u0161ytojas, \u017eurnalistas&nbsp;<strong>Leonas Teodoras Inis<\/strong>&nbsp;(teikia V\u0161\u012e Pasaulio lietuvi\u0173 kult\u016bros, mokslo ir \u0161vietimo centras);<\/p>\n\n\n\n<p>menotyrinink\u0117&nbsp;<strong>Agn\u0117 Naru\u0161yt\u0117&nbsp;<\/strong>(teikia V\u0161\u012e \u201e7 meno dienos\u201c);<\/p>\n\n\n\n<p>fotomenininkas&nbsp;<strong>Aleksandras Osta\u0161enkovas<\/strong>&nbsp;(teikia Vizualiojo meno k\u016br\u0117j\u0173 asociacija, \u0160iauli\u0173 \u201eAu\u0161ros\u201c muziejus)<\/p>\n\n\n\n<p>dailininkas&nbsp;<strong>Antanas \u017dukauskas<\/strong>&nbsp;(teikia Vy\u010dio paramos fondas);<\/p>\n\n\n\n<p>re\u017eisierius&nbsp;<strong>Bernardas Gytis Padegimas&nbsp;<\/strong>(teikia Nacionalinis Kauno dramos teatras);<\/p>\n\n\n\n<p>choreograf\u0117&nbsp;<strong>Birut\u0117 Letukait\u0117 (Bir\u016bta Komskien\u0117)<\/strong>&nbsp;(teikia \u0160iuolaikinio \u0161okio asociacija, V\u0161\u012e Lietuvos \u0161okio informacijos centras);<\/p>\n\n\n\n<p>dail\u0117tyrinink\u0117&nbsp;<strong>Ingrida Korsakait\u0117<\/strong>&nbsp;(teikia V\u0161\u012e \u201eDailinink\u0173 s\u0105jungos leidykla\u201c);<\/p>\n\n\n\n<p>architekt\u016brologas&nbsp;<strong>Jonas Minkevi\u010dius<\/strong>&nbsp;(teikia Kauno technologijos universitetas);<\/p>\n\n\n\n<p>ra\u0161ytojas&nbsp;<strong>Kazys Saja&nbsp;<\/strong>(teikia Lietuvos ra\u0161ytoj\u0173 s\u0105junga);<\/p>\n\n\n\n<p>dailinink\u0117<strong>&nbsp;Liucija J\u016brat\u0117 Kry\u017eevi\u010dien\u0117-Hutcheon<\/strong>&nbsp;(teikia V\u0161\u012e Janinos Monkut\u0117s-Marks muziejus-galerija);<\/p>\n\n\n\n<p>aktorius&nbsp;<strong>Vidas Petkevi\u010dius&nbsp;<\/strong>(teikia Lietuvos kinematografinink\u0173 s\u0105junga);<\/p>\n\n\n\n<p>dailininkas<strong>&nbsp;Aloyzas Stasiulevi\u010dius<\/strong>&nbsp;(teikia \u017demai\u010di\u0173 dail\u0117s muziejus);<\/p>\n\n\n\n<p>dailininkas&nbsp;<strong>K\u0119stutis Kasparavi\u010dius<\/strong>&nbsp;(teikia Lietuvos kult\u016bros institutas);<\/p>\n\n\n\n<p>tarpdisciplininio meno k\u016br\u0117jas&nbsp;<strong>Dainius Li\u0161kevi\u010dius<\/strong>&nbsp;(teikia Vilniaus dail\u0117s akademija, Lietuvos tarpdisciplinini\u0173 meno k\u016br\u0117j\u0173 s\u0105junga);<\/p>\n\n\n\n<p>dailininkas&nbsp;<strong>Juozas Statkevi\u010dius<\/strong>&nbsp;(teikia V\u0161\u012e Teatras \u201eUtopia\u201c, V\u0161\u012e \u201eVilniaus miesto opera\u201c);<\/p>\n\n\n\n<p>ra\u0161ytojas<strong>&nbsp;Alvydas \u0160lepikas<\/strong>&nbsp;(teikia Lietuvos ra\u0161ytoj\u0173 s\u0105junga);<\/p>\n\n\n\n<p>choreograf\u0117<strong>&nbsp;An\u017eelika Cholina<\/strong>&nbsp;(teikia V\u0161\u012e \u201eAn\u017eelikos Cholinos \u0161okio teatras\u201c);<\/p>\n\n\n\n<p>aktorius&nbsp;<strong>Ar\u016bnas Sakalauskas<\/strong>&nbsp;(teikia Lietuvos nacionalinis dramos teatras);<\/p>\n\n\n\n<p>etnomuzikolog\u0117&nbsp;<strong>Daiva Vy\u010dinien\u0117<\/strong>&nbsp;(teikia Lietuvos kompozitori\u0173 s\u0105junga);<\/p>\n\n\n\n<p>dailininkas&nbsp;<strong>Darijus Gerlikas<\/strong>&nbsp;(teikia Vilniaus miesto savivaldyb\u0117);<\/p>\n\n\n\n<p>aktor\u0117&nbsp;<strong>Gra\u017eina Urbonait\u0117&nbsp;<\/strong>(teikia Pakruojo suaugusi\u0173j\u0173 ir jaunimo \u0161vietimo centras);<\/p>\n\n\n\n<p>fotomenininkas&nbsp;<strong>Remigijus Treigys<\/strong>&nbsp;(teikia Klaip\u0117dos apskrities dailinink\u0173 s\u0105junga, Klaip\u0117dos apskrities dailinink\u0173 s\u0105jungos Baroti galerija);<\/p>\n\n\n\n<p>dailinink\u0117&nbsp;<strong>Sigita Maslauskait\u0117-Ma\u017eylien\u0117<\/strong>&nbsp;(teikia UAB \u201eMeno rinkos agent\u016bra\u201c);<\/p>\n\n\n\n<p>dailininkas&nbsp;<strong>\u017dygimantas Augustinas&nbsp;<\/strong>(teikia Lietuvos dailinink\u0173 s\u0105junga);<\/p>\n\n\n\n<p>dainininkas<strong>&nbsp;Vaidas Vy\u0161niauskas&nbsp;<\/strong>(teikia Lietuvos muzik\u0173 s\u0105junga);<\/p>\n\n\n\n<p>dailininkas&nbsp;<strong>Audrius Janu\u0161onis<\/strong>&nbsp;(teikia V\u0161\u012e Dailinink\u0173 s\u0105jungos galerija).<\/p>\n\n\n\n<p><em>Lietuvos nacionalin\u0117 kult\u016bros ir meno premija \u2013 auk\u0161\u010diausias k\u016br\u0117jo \u012fvertinimas, \u012frodantis i\u0161skirtin\u012f menininko brai\u017e\u0105 ir k\u016brybos pripa\u017einim\u0105. \u0160is apdovanojimas skiriamas u\u017e reik\u0161mingiausius k\u016brinius, sukurtus per pastaruosius septynerius metus.&nbsp;U\u017e ilgamet\u012f k\u016br\u0117jo k\u016brybin\u012f ind\u0117l\u012f \u012f kult\u016br\u0105 ir men\u0105 gali b\u016bti skiriamos ne daugiau kaip dvi&nbsp;premijos.<\/em><\/p>\n\n\n\n<p><em>Kult\u016bros ministerijos archyvo nuotrauka<\/em><\/p>\n","protected":false},"excerpt":{"rendered":"<p>Kult\u016bros ir meno \u012fstaigos, asociacijos ir organizacijos Lietuvos nacionalini\u0173 kult\u016bros ir meno premij\u0173 komisijai pateik\u0117 svarstyti 31&nbsp;kandidat\u0105&nbsp;tapti Lietuvos nacionalin\u0117s kult\u016bros ir meno premijos laureatais. Kandidatais \u012fregistruoti: choro dirigentas, kompozitorius&nbsp;Vytautas Mi\u0161kinis&nbsp;(teikia&hellip; <\/p>\n","protected":false},"author":2,"featured_media":1274,"comment_status":"open","ping_status":"open","sticky":false,"template":"","format":"standard","meta":{"footnotes":""},"categories":[7],"tags":[],"_links":{"self":[{"href":"https:\/\/choras.lt\/index.php\/wp-json\/wp\/v2\/posts\/1272"}],"collection":[{"href":"https:\/\/choras.lt\/index.php\/wp-json\/wp\/v2\/posts"}],"about":[{"href":"https:\/\/choras.lt\/index.php\/wp-json\/wp\/v2\/types\/post"}],"author":[{"embeddable":true,"href":"https:\/\/choras.lt\/index.php\/wp-json\/wp\/v2\/users\/2"}],"replies":[{"embeddable":true,"href":"https:\/\/choras.lt\/index.php\/wp-json\/wp\/v2\/comments?post=1272"}],"version-history":[{"count":3,"href":"https:\/\/choras.lt\/index.php\/wp-json\/wp\/v2\/posts\/1272\/revisions"}],"predecessor-version":[{"id":1291,"href":"https:\/\/choras.lt\/index.php\/wp-json\/wp\/v2\/posts\/1272\/revisions\/1291"}],"wp:featuredmedia":[{"embeddable":true,"href":"https:\/\/choras.lt\/index.php\/wp-json\/wp\/v2\/media\/1274"}],"wp:attachment":[{"href":"https:\/\/choras.lt\/index.php\/wp-json\/wp\/v2\/media?parent=1272"}],"wp:term":[{"taxonomy":"category","embeddable":true,"href":"https:\/\/choras.lt\/index.php\/wp-json\/wp\/v2\/categories?post=1272"},{"taxonomy":"post_tag","embeddable":true,"href":"https:\/\/choras.lt\/index.php\/wp-json\/wp\/v2\/tags?post=1272"}],"curies":[{"name":"wp","href":"https:\/\/api.w.org\/{rel}","templated":true}]}}