{"id":1509,"date":"2021-11-18T19:33:29","date_gmt":"2021-11-18T19:33:29","guid":{"rendered":"https:\/\/choras.lt\/?p=1509"},"modified":"2021-11-18T19:35:27","modified_gmt":"2021-11-18T19:35:27","slug":"unikali-patirtis-skalvijos-kino-teatre-rycio-mazulio-kuryba-filmu-koncertu-pristatys-kolektyvas-melos","status":"publish","type":"post","link":"https:\/\/choras.lt\/index.php\/2021\/11\/18\/unikali-patirtis-skalvijos-kino-teatre-rycio-mazulio-kuryba-filmu-koncertu-pristatys-kolektyvas-melos\/","title":{"rendered":"Unikali patirtis \u201eSkalvijos\u201c kino teatre: Ry\u010dio Ma\u017eulio k\u016bryb\u0105 filmu-koncertu pristatys vokalin\u0117s muzikos kolektyvas \u201eMelos\u201c"},"content":{"rendered":"\n<p><br>Lapkri\u010dio 27 d., \u0161e\u0161tadien\u012f \u201eSkalvijos\u201c kino teatre rinksis tiek muzikos, tiek ir kino gerb\u0117jai. \u010cia vyks filmo-koncerto \u201elone reappearing\u201c premjera, o prie\u0161 film\u0105, remiantis Ry\u010dio Ma\u017eulio temomis, bus atliekamos muzikin\u0117s improvizacijos. <\/p>\n\n\n\n<p>Video k\u016br\u0117jos, muzikolog\u0117s Ilm\u0117s Vy\u0161niauskait\u0117s kartu su \u201eMelos\u201c komanda sukurtume filme-koncerte ne tik pristatoma R. Ma\u017eulio k\u016bryba, bet ir svarstoma apie erdv\u0117s svarb\u0105, vieno garso estetik\u0105. Keturis kompozitoriaus k\u016brinius: \u201eAutoportretas\u201c (2018), \u201eBegarsis\u201c (2018), \u201eRamyb\u0117\u201c (1992) bei \u201eNedum Capillos\u201c (2018) filme atlieka Naujosios vokalin\u0117s muzikos kolektyvas \u201eMelos\u201c.<\/p>\n\n\n\n<p><br>\u201eManau, kad filmo pavadinime \u201elone reappearing\u201c slypi dvi metaforos: vieni\u0161umo (juk tai vienos natos muzika), ir pasikartojimo arba begalyb\u0117s id\u0117ja: juk nata pasikartos be galo daug kart\u0173\u2026\u201c, &#8211; sako kompozitorius. <\/p>\n\n\n\n<p>Du i\u0161 keturi\u0173 filmo k\u016brini\u0173 (\u201eAutoportretas\u201c ir \u201eBegarsis\u201c) kompozitoriaus yra dedikuoti specialiai \u201eMelos\u201c ansambliui. \u201eM\u016bs\u0173 bendradarbiavimas prasid\u0117jo 2018 metais. Ansamblis nusprend\u0117 atlikti kelet\u0105 mano ankstyv\u0173 k\u016brini\u0173 lygiems balsams, o a\u0161 para\u0161iau du naujus kanonus. Mano \u012fsitikinimu, \u201eMelos\u201c \u2013 puikus kolektyvas su didele ateitimi. Per \u0161\u012f laikotarp\u012f padar\u0117 did\u017eiul\u0119 pa\u017eang\u0105, \u017eenkliai i\u0161tobulino vokalo technik\u0105. Ansamblis profesionaliai interpretuoja \u0161iuolaikin\u0117s muzikos k\u016brinius, tuo pa\u010diu j\u0173 atlikimai pasi\u017eymi meni\u0161kumu, emociniu turiniu\u201c, \u2013&nbsp;ger\u0173 \u017eod\u017ei\u0173 kolektyvui negaili k\u016br\u0117jas.<\/p>\n\n\n\n<p><br>Su R. Ma\u017eulio k\u016bryba u\u017eaug\u0119 \u201eMelos\u201c \u0161iuo filmu siek\u0117 dokumentuoti ir apibendrinti ilg\u0105 bendradarbiavimo su kompozitoriumi laikotarp\u012f. \u201eIe\u0161kant filmo id\u0117jos pasirinkome \u201evieno garso\u201c k\u016brinius. Tai \u2013&nbsp;nauja&nbsp;\u201eMelos\u201c perspektyva \u012f Ma\u017eulio vokalin\u0119 k\u016bryb\u0105. Mums taip pat svarbu tai, jog&nbsp;did\u017eioji dalis \u0161ios programos k\u016brini\u0173 para\u0161yta b\u016btent m\u016bs\u0173 kolektyvui\u201c, \u2013 teigia ansamblio vadov\u0117 ir viena i\u0161 dainininki\u0173 Karolina Macyt\u0117.<\/p>\n\n\n\n<p><br>Tiek ansamblio vokalist\u0117s, tiek ir pats k\u016br\u0117jas \u012fsitikin\u0119: \u017evelgiant \u012f filme atliekam\u0173 k\u016brini\u0173 partit\u016bras gali pasirodyti, jog jos \u2013 pana\u0161ios. Ta\u010diau nepaisant to, kad visi perteikia \u201evienos natos\u201c muzikoje id\u0117j\u0105, kiekvienas k\u016brinys i\u0161siskiria savo strukt\u016bra, tekstu bei komponavimo principais. Kompozitorius su vienu garsu kiekviename k\u016brinyje \u017eaid\u017eia skirtingai.<\/p>\n\n\n\n<p><br>Visi filmo \u201elone reappearing\u201c k\u016briniai sudainuoti ir nufilmuoti Naujojoje Vilnioje esan\u010diame \u201eD\u016bm\u0173 fabrike\u201c. Pasak k\u016brybin\u0117s komandos, \u0161i tu\u0161\u010dia, didel\u0117 erdv\u0117 pad\u0117jo atskleisti erdvi\u0161kumo ir vieni\u0161umo tematik\u0105.&nbsp;Prie filmo dirbusi k\u016brybin\u0117 komanda: Ilm\u0117 Vy\u0161niauskait\u0117, kuri kartu su kompozitoriumi konsultavosi vystant bendr\u0105 vizij\u0105, operatorius Kristijonas Dirs\u0117 bei \u201eMama studios\u201c.<\/p>\n\n\n\n<p><br>Premjeros vakar\u0105 \u017ei\u016brov\u0173 \u201eSkalvijos\u201c kino teatre lauks be tiks filmas, bet ir gyva muzika. Rengin\u012f atidarys kolektyvo \u201eMelos\u201c draugai \u2013 improvizatoriai&nbsp;Kristupas Gikas (fleita), Kazimieras Ju\u0161inskas (saksofonas) ir Gediminas Stepanavi\u010dius (kontrabosas), kurie&nbsp;atliks improvizacijas, remiantis R. Ma\u017eulio k\u016brini\u0173 temomis.<\/p>\n\n\n\n<p><br>Filmo premjera Skalvijoje:&nbsp;<a href=\"https:\/\/skalvija.lt\/filmas\/lone-reappearing\/?show=211101\">https:\/\/skalvija.lt\/filmas\/lone-reappearing\/?show=211101<\/a><br>Bilietai: <a href=\"https:\/\/www.tiketa.lt\/lone_reappearing_skalvija_520442\">https:\/\/www.tiketa.lt\/lone_reappearing_skalvija_520442<\/a><br>Renginys: <a href=\"https:\/\/fb.me\/e\/2EzKnKmmi\">https:\/\/fb.me\/e\/2EzKnKmmi<\/a><\/p>\n\n\n\n<p class=\"has-text-align-center\"><strong>Ilm\u0117s Vy\u0161niauskait\u0117s nuotr.<\/strong><\/p>\n","protected":false},"excerpt":{"rendered":"<p>Lapkri\u010dio 27 d., \u0161e\u0161tadien\u012f \u201eSkalvijos\u201c kino teatre rinksis tiek muzikos, tiek ir kino gerb\u0117jai. \u010cia vyks filmo-koncerto \u201elone reappearing\u201c premjera, o prie\u0161 film\u0105, remiantis Ry\u010dio Ma\u017eulio temomis, bus atliekamos muzikin\u0117s&hellip; <\/p>\n","protected":false},"author":2,"featured_media":1511,"comment_status":"open","ping_status":"open","sticky":false,"template":"","format":"standard","meta":{"footnotes":""},"categories":[6],"tags":[],"_links":{"self":[{"href":"https:\/\/choras.lt\/index.php\/wp-json\/wp\/v2\/posts\/1509"}],"collection":[{"href":"https:\/\/choras.lt\/index.php\/wp-json\/wp\/v2\/posts"}],"about":[{"href":"https:\/\/choras.lt\/index.php\/wp-json\/wp\/v2\/types\/post"}],"author":[{"embeddable":true,"href":"https:\/\/choras.lt\/index.php\/wp-json\/wp\/v2\/users\/2"}],"replies":[{"embeddable":true,"href":"https:\/\/choras.lt\/index.php\/wp-json\/wp\/v2\/comments?post=1509"}],"version-history":[{"count":3,"href":"https:\/\/choras.lt\/index.php\/wp-json\/wp\/v2\/posts\/1509\/revisions"}],"predecessor-version":[{"id":1513,"href":"https:\/\/choras.lt\/index.php\/wp-json\/wp\/v2\/posts\/1509\/revisions\/1513"}],"wp:featuredmedia":[{"embeddable":true,"href":"https:\/\/choras.lt\/index.php\/wp-json\/wp\/v2\/media\/1511"}],"wp:attachment":[{"href":"https:\/\/choras.lt\/index.php\/wp-json\/wp\/v2\/media?parent=1509"}],"wp:term":[{"taxonomy":"category","embeddable":true,"href":"https:\/\/choras.lt\/index.php\/wp-json\/wp\/v2\/categories?post=1509"},{"taxonomy":"post_tag","embeddable":true,"href":"https:\/\/choras.lt\/index.php\/wp-json\/wp\/v2\/tags?post=1509"}],"curies":[{"name":"wp","href":"https:\/\/api.w.org\/{rel}","templated":true}]}}