{"id":1562,"date":"2021-12-01T10:44:39","date_gmt":"2021-12-01T10:44:39","guid":{"rendered":"https:\/\/choras.lt\/?p=1562"},"modified":"2021-12-01T10:44:41","modified_gmt":"2021-12-01T10:44:41","slug":"jungtinio-lietuvos-vaiku-choro-koncerte-pasaulio-tautu-giesmes","status":"publish","type":"post","link":"https:\/\/choras.lt\/index.php\/2021\/12\/01\/jungtinio-lietuvos-vaiku-choro-koncerte-pasaulio-tautu-giesmes\/","title":{"rendered":"Jungtinio Lietuvos vaik\u0173 choro koncerte \u2013 pasaulio taut\u0173 giesm\u0117s"},"content":{"rendered":"\n<p><br>Pirm\u0105j\u012f \u017eiemos sekmadien\u012f Vilniuje skamb\u0117s Jungtinio Lietuvos vaik\u0173 choro atliekama \u201eMalda pasauliui\u201c. Koncerto programoje \u2013 pasaulio taut\u0173 giesm\u0117s, jaun\u0173j\u0173 atlik\u0117j\u0173 klausytojams dovanojamos su viltimi suteikti ramyb\u0117s \u0161iuo sud\u0117tingu laiku.<\/p>\n\n\n\n<p><br>Jungtinis Lietuvos vaik\u0173 choras \u017ei\u016brovams paruo\u0161\u0117 ypating\u0105 program\u0105 \u2013 gruod\u017eio 2 d. 17 val. Vilniaus universiteto Did\u017eiojoje auloje skleisis \u012fvairi\u0173 pasaulio kult\u016br\u0173 giesm\u0117s ir dainos, kurias choristai atliks angl\u0173, jidi\u0161, malajie\u010di\u0173, suahili\u0173, zul\u0173 ir lietuvi\u0173 kalbomis.<\/p>\n\n\n\n<p><br>Koncertui vaikai ruo\u0161\u0117si visus mokslo metus. Jungtinio choro u\u017esi\u0117mimai vyko virtualiai kart\u0105 per m\u0117nes\u012f. Kadangi \u0161iuolaikin\u0117s technologijos leid\u017eia bendrauti su visu pasauliu, dirbti su vaik\u0173 choru buvo pakviestos chorin\u0117s muzikos \u017evaig\u017ed\u0117s i\u0161 viso pasaulio \u2013 nuo Malaizijos iki Argentinos!<\/p>\n\n\n\n<p><br>Pamokas ved\u0117 JAV Hamiltono koled\u017eo chorin\u0117s veiklos vadov\u0117, dirigent\u0117 Charlotte Botha, \u0161okio ir teatro specialist\u0117, judesio pedagog\u0117 Panda van Proosdij i\u0161 Nyderland\u0173, Kanados Did\u017eiojo filharmonijos jaunimo choro dirigent\u0117, kompozitor\u0117 dr. Tracy Wong, choro \u201eEstudio Coral Meridies\u201c vadov\u0117 Virginia Bono i\u0161 Argentinos, Kanados Hamiltono vaik\u0173 choro meno vadov\u0117 Zimfira Poloz ir Vilniaus muzikos mokyklos \u201eUgnel\u0117\u201c direktor\u0117, Jungtinio Lietuvos choro meno vadov\u0117 Valerija Skapien\u0117.<\/p>\n\n\n\n<p><br>Jungtinio Lietuvos vaik\u0173 choro projekt\u0105 2016 m. inicijavo Lietuvos nacionalinis kult\u016bros centras kartu su vaik\u0173 choru \u201eUgnel\u0117\u201c. Jame dainuojantys vaikai tobulina dainavimo technik\u0105, ple\u010dia muzikin\u012f akirat\u012f, j\u0173 vadovai gilina \u017einias profesinio tobul\u0117jimo seminaruose.<\/p>\n","protected":false},"excerpt":{"rendered":"<p>Pirm\u0105j\u012f \u017eiemos sekmadien\u012f Vilniuje skamb\u0117s Jungtinio Lietuvos vaik\u0173 choro atliekama \u201eMalda pasauliui\u201c. Koncerto programoje \u2013 pasaulio taut\u0173 giesm\u0117s, jaun\u0173j\u0173 atlik\u0117j\u0173 klausytojams dovanojamos su viltimi suteikti ramyb\u0117s \u0161iuo sud\u0117tingu laiku. Jungtinis&hellip; <\/p>\n","protected":false},"author":2,"featured_media":1564,"comment_status":"open","ping_status":"open","sticky":false,"template":"","format":"standard","meta":{"footnotes":""},"categories":[3],"tags":[],"_links":{"self":[{"href":"https:\/\/choras.lt\/index.php\/wp-json\/wp\/v2\/posts\/1562"}],"collection":[{"href":"https:\/\/choras.lt\/index.php\/wp-json\/wp\/v2\/posts"}],"about":[{"href":"https:\/\/choras.lt\/index.php\/wp-json\/wp\/v2\/types\/post"}],"author":[{"embeddable":true,"href":"https:\/\/choras.lt\/index.php\/wp-json\/wp\/v2\/users\/2"}],"replies":[{"embeddable":true,"href":"https:\/\/choras.lt\/index.php\/wp-json\/wp\/v2\/comments?post=1562"}],"version-history":[{"count":1,"href":"https:\/\/choras.lt\/index.php\/wp-json\/wp\/v2\/posts\/1562\/revisions"}],"predecessor-version":[{"id":1563,"href":"https:\/\/choras.lt\/index.php\/wp-json\/wp\/v2\/posts\/1562\/revisions\/1563"}],"wp:featuredmedia":[{"embeddable":true,"href":"https:\/\/choras.lt\/index.php\/wp-json\/wp\/v2\/media\/1564"}],"wp:attachment":[{"href":"https:\/\/choras.lt\/index.php\/wp-json\/wp\/v2\/media?parent=1562"}],"wp:term":[{"taxonomy":"category","embeddable":true,"href":"https:\/\/choras.lt\/index.php\/wp-json\/wp\/v2\/categories?post=1562"},{"taxonomy":"post_tag","embeddable":true,"href":"https:\/\/choras.lt\/index.php\/wp-json\/wp\/v2\/tags?post=1562"}],"curies":[{"name":"wp","href":"https:\/\/api.w.org\/{rel}","templated":true}]}}