{"id":1575,"date":"2021-12-03T10:10:11","date_gmt":"2021-12-03T10:10:11","guid":{"rendered":"https:\/\/choras.lt\/?p=1575"},"modified":"2021-12-15T09:44:17","modified_gmt":"2021-12-15T09:44:17","slug":"naujame-kompozitoriaus-arturo-bumsteino-ir-ansamblio-melos-performanse-dainos-su-garsa-izoliuojanciomis-ausinemis","status":"publish","type":"post","link":"https:\/\/choras.lt\/index.php\/2021\/12\/03\/naujame-kompozitoriaus-arturo-bumsteino-ir-ansamblio-melos-performanse-dainos-su-garsa-izoliuojanciomis-ausinemis\/","title":{"rendered":"Naujame kompozitoriaus Arturo Bum\u0161teino ir ansamblio \u201eMelos\u201c performanse \u2013 dainos su gars\u0105 izoliuojan\u010diomis ausin\u0117mis"},"content":{"rendered":"\n<p><br>\u201eKlausymosi i\u0161tekliai\u201c \u2013\u00a0tai naujas kompozitoriaus bei garso menininko Arturo Bum\u0161teino (nuotr.) k\u016brinys, kur\u012f drauge su Naujosios vokalin\u0117s muzikos kolektyvu \u201eMelos\u201c gruod\u017eio 9 d. gyvai gal\u0117jo patirti \u201eMen\u0173 spaustuv\u0117je\u201c susirink\u0119 klausytojai. Po \u0161iuo asociatyviu pavadinimu slepiasi sceninis k\u016brinys, kur\u012f sudaro keturios pjes\u0117s. Kiekvienoje j\u0173 tyrin\u0117jimas vis kitas negird\u0117jimo arba kitokio, konceptualaus, ar net ezoterinio gird\u0117jimo b\u016bdas. Viso k\u016brinio metu vokalist\u0117s d\u0117vi gars\u0105 izoliuojan\u010dias ausines.<\/p>\n\n\n\n<p><br>\u201eTai \u2013 mano ilgalaikio estetinio intereso pirmas toks pristatymas Lietuvoje. \u0160i\u0105 srit\u012f galima apib\u016bdinti tokiais skirtingais epitetais kaip muzika i\u0161pl\u0117stame lauke arba, kad ir tarpdisciplinine muzika bei turb\u016bt, \u017einoma, konceptualizmu. Tai svarbu ta prasme, jog id\u0117ja yra pagrindinis meno k\u016brinio identiteto elementas: konceptualioje muzikoje id\u0117jos\/sumanymo dominant\u0117 nulemia visus k\u016brinio kompozicinius aspektus\u201c, \u2013&nbsp;apie \u201eKlausymosi i\u0161teklius\u201c pasakoja autorius, kompozitorius bei garso menininkas A. Bum\u0161teinas. Pasak jo, \u201esumanym\u0173\u201c muzikos pavyzd\u017ei\u0173 galime rasti daug: Alvin Lucier k\u016brinys \u201eI am sitting in a room\u201d, John Cage naudotas \u201eI Ching\u201c metodas ar lenk\u0173 menininko Artur \u017bmijewski filmuotas kur\u010dnebyli\u0173 choras.<\/p>\n\n\n\n<p><br>\u201ePo met\u0173, praleist\u0173 Berlyne, man kilo sumanymas pabandyti vokaliniam kolektyvui u\u017ed\u0117ti gars\u0105 izoliuojan\u010dias ausines ir pa\u017ei\u016br\u0117ti, kaip galima kolektyviai kurti muzik\u0105, kuri kartais ir paties garso (kaip vibruojan\u010di\u0173 molekuli\u0173) jau nebeturi\u201c, \u2013&nbsp;sako A. Bum\u0161teinas. B\u016btent dainavimas su gars\u0105 izoliuojan\u010diomis ausin\u0117mis, kuomet negirdi nieko aplink, tik pats save, ansamblio daininink\u0117ms tapo did\u017eiausiu atradimu k\u016brybini\u0173 dirbtuvi\u0173 su A. Bum\u0161teinu&nbsp;metu.<\/p>\n\n\n\n<p><br>\u201eRezultatas mus visus priblo\u0161k\u0117 \u2013 kaip&nbsp;kiekviena i\u0161 m\u016bs\u0173 individualiai suvokia ir intuityviai girdi muzikinio k\u016brinio melodij\u0105, o rezultate, net norint, vargu ar taip pavykt\u0173 antr\u0105 kart\u0105 pakartoti\u201c, k\u016brybin\u012f proces\u0105 prisimena \u201eMelos\u201c&nbsp;daininink\u0117 ir vadov\u0117 Karolina Macyt\u0117. Pasiruo\u0161imas performansui tapo did\u017eiule laboratorija, kurioje tyrin\u0117jama: kaip \u012f\u017eodinti gars\u0105, kurio negirdi, bet jauti visu savo k\u016bnu? Kaip vaizdas mums su\u017eadina garsin\u0119 vaizduot\u0119? Kaip m\u016bs\u0173 k\u016bnas reaguoja \u012f garsus? K\u0105 girdi, kai nieko negirdi?<\/p>\n\n\n\n<p><br>Kitok\u012f gird\u0117jim\u0105 apm\u0105stan\u010diose pjes\u0117se skamba ne tik vokalis\u010di\u0173 balsai, bet ir objektai: plastikas, popierius, metalin\u0117 folija ir metaliniai objektai. Akusti\u0161kai izoliuotos daininink\u0117s k\u016brinyje bando perduoti savo telepatinius garso poj\u016b\u010dius, m\u0117gina atkurti gyv\u0173j\u0173 skulpt\u016br\u0173 serij\u0105 pagal \u017emoni\u0173, besiklausan\u010di\u0173 muzikos ausin\u0117mis, fotografijas, o taip pat \u2013 viena kitos negird\u0117damos dainuoja lietuvi\u0173 liaudies dainas. \u201eDid\u017eiausias d\u017eiaugsmas nutiko per m\u016bs\u0173 paskutin\u0119 repeticij\u0105, kuomet gars\u0105 izoliuojan\u010dias ausines d\u0117vin\u010dios \u201eMelos\u201c paband\u0117 atlikti lietuvi\u0173 liaudies dainas. Toks jausmas, kad gra\u017eesn\u0117s muzikos nesu gird\u0117j\u0119s\u201c, \u2013&nbsp;prisimena kompozitorius.<\/p>\n\n\n\n<p><br>\u0160is, konceptual\u0173 A. Bum\u0161teino po\u017ei\u016br\u012f \u012f gars\u0105 atskleid\u017eiantis performansas \u2013 ne pirmas toks kompozitoriaus biografijoje. A. Bum\u0161teinas aktyviai rei\u0161kiasi tarpdisciplininio ir garso meno scenoje, groja kartu su improvacijos grupe ,,Sneeze Etiquette\u201c. U\u017e muzik\u0105 dviems spektakliams Krystiano Liupos \u201eAusterlicas\u201c ir savo paties re\u017eis\u016brin\u012f debiut\u0105 \u201eUrban\u010di\u010diaus metodas\u201c 2021 m. kompozitorius buvo apdovanotas Auksiniu scenos kry\u017eiumi, o jo performansas ,,Navigacijos\u201c 2020 m. gavo tarptautin\u012f ,,Carapelli for Art\u201c fondo organizuojamo konkurso \u012fvertinim\u0105.<\/p>\n\n\n\n<p><br>Kompozitoriaus A. Bum\u0161teino id\u0117jas \u012fgyvendinti pad\u0117siantis vokalinis ansamblis ,,Melos\u201c susik\u016br\u0117 prie\u0161 septynis metus. ,,Melos\u201c atlieka alternatyvi\u0105 akademin\u0119 ir eksperimentin\u0119 muzik\u0105, garso meninink\u0173 k\u016brinius bei skatina naujos vokalin\u0117s muzikos k\u016bryb\u0105.<\/p>\n\n\n\n<p><br><strong>N<\/strong>auj\u0105 A. Bum\u0161teino k\u016brin\u012f \u201eMen\u0173 spaustuv\u0117je\u201c, Vilniuje, pristat\u0117 daininink\u0117s Gabriel\u0117 Bilevi\u010di\u016bt\u0117, Karolina Ramon\u0117, Karolina Macyt\u0117, Paulina Simutyt\u0117, N\u0117ja Vaitiek\u016bnait\u0117, Marija Baniulyt\u0117 ir Magdalena Kozlovskaja.<\/p>\n\n\n\n<p><br><br><br><\/p>\n","protected":false},"excerpt":{"rendered":"<p>\u201eKlausymosi i\u0161tekliai\u201c \u2013\u00a0tai naujas kompozitoriaus bei garso menininko Arturo Bum\u0161teino (nuotr.) k\u016brinys, kur\u012f drauge su Naujosios vokalin\u0117s muzikos kolektyvu \u201eMelos\u201c gruod\u017eio 9 d. gyvai gal\u0117jo patirti \u201eMen\u0173 spaustuv\u0117je\u201c susirink\u0119 klausytojai.&hellip; <\/p>\n","protected":false},"author":2,"featured_media":1577,"comment_status":"open","ping_status":"open","sticky":false,"template":"","format":"standard","meta":{"footnotes":""},"categories":[6],"tags":[],"_links":{"self":[{"href":"https:\/\/choras.lt\/index.php\/wp-json\/wp\/v2\/posts\/1575"}],"collection":[{"href":"https:\/\/choras.lt\/index.php\/wp-json\/wp\/v2\/posts"}],"about":[{"href":"https:\/\/choras.lt\/index.php\/wp-json\/wp\/v2\/types\/post"}],"author":[{"embeddable":true,"href":"https:\/\/choras.lt\/index.php\/wp-json\/wp\/v2\/users\/2"}],"replies":[{"embeddable":true,"href":"https:\/\/choras.lt\/index.php\/wp-json\/wp\/v2\/comments?post=1575"}],"version-history":[{"count":5,"href":"https:\/\/choras.lt\/index.php\/wp-json\/wp\/v2\/posts\/1575\/revisions"}],"predecessor-version":[{"id":1657,"href":"https:\/\/choras.lt\/index.php\/wp-json\/wp\/v2\/posts\/1575\/revisions\/1657"}],"wp:featuredmedia":[{"embeddable":true,"href":"https:\/\/choras.lt\/index.php\/wp-json\/wp\/v2\/media\/1577"}],"wp:attachment":[{"href":"https:\/\/choras.lt\/index.php\/wp-json\/wp\/v2\/media?parent=1575"}],"wp:term":[{"taxonomy":"category","embeddable":true,"href":"https:\/\/choras.lt\/index.php\/wp-json\/wp\/v2\/categories?post=1575"},{"taxonomy":"post_tag","embeddable":true,"href":"https:\/\/choras.lt\/index.php\/wp-json\/wp\/v2\/tags?post=1575"}],"curies":[{"name":"wp","href":"https:\/\/api.w.org\/{rel}","templated":true}]}}