{"id":1701,"date":"2022-01-04T14:52:46","date_gmt":"2022-01-04T14:52:46","guid":{"rendered":"https:\/\/choras.lt\/?p=1701"},"modified":"2022-01-05T17:47:19","modified_gmt":"2022-01-05T17:47:19","slug":"is-prisiminimu-apie-te-deum-skambejusio-xxii-lietuvos-aukstuju-mokyklu-choru-festivalyje-kauno-kristaus-prisikelimo-bazilikoje","status":"publish","type":"post","link":"https:\/\/choras.lt\/index.php\/2022\/01\/04\/is-prisiminimu-apie-te-deum-skambejusio-xxii-lietuvos-aukstuju-mokyklu-choru-festivalyje-kauno-kristaus-prisikelimo-bazilikoje\/","title":{"rendered":"I\u0161 prisiminim\u0173 apie \u201eTe Deum\u201c, skamb\u0117jusio XXII Lietuvos Auk\u0161t\u0173j\u0173 mokykl\u0173 chor\u0173 festivalyje Kauno Kristaus Prisik\u0117limo bazilikoje"},"content":{"rendered":"\n<p><strong>REGIMANTAS GUDELIS<\/strong><\/p>\n\n\n\n<p>Baigiantis metams su kolegomis persimet\u0117me pastabomis apie XXII Lietuvos auk\u0161t\u0173j\u0173 mokykl\u0173 chor\u0173 festival\u012f (2021-10-22-24) ir nusisteb\u0117jome \u2013 prie\u0161 festival\u012f reklamos daug, po jo \u2013 tu\u0161\u010dia, jokios \u017einios apie renginius ir \u201eTe Deum\u201c atlikim\u0105. Buvau suagituotas \u201ek\u0105 nors para\u0161yti\u201c, bent i\u0161 atminties.<\/p>\n\n\n\n<p><br>Viso festivalio i\u0161 atminties neapr\u0117psi, ta\u010diau informuoti choras lt. skaitytojus apie Vaidos Striaupait\u0117s-Beinarien\u0117s \u201eTe Deum\u201c atlikim\u0105 der\u0117t\u0173. \u0160\u012f kart\u0105 j\u012f atliko: jungtinis student\u0173 choras; Valstybinis pu\u010diam\u0173j\u0173 instrument\u0173 orkestras \u201eTrimitas\u201c, vadovas Antanas Ku\u010dinskas; solistai Raminta Vaicekauskait\u0117 ir Egidijus Bavikinas; psalmistas kun. Vilius Sikorskas; vargonais grie\u017e\u0117 Rimvydas Mitkus, dirigavo Danguol\u0117 Beinaryt\u0117. <\/p>\n\n\n\n<p>Priminsiu, kad Vaidos Striaupait\u0117s-Beinarien\u0117s \u201eTe Deum\u201c pirm\u0105 kart\u0105 buvo atliktas per 2018 m. Lietuvos valstyb\u0117s 100-me\u010dio renginius Vilniuje, Kalvarijoje, Akmen\u0117je. Giedojo valstybiniai chorai \u201eVilnius\u201c ir \u201ePolifonija\u201c, dalyvavo pu\u010diam\u0173j\u0173 orkestras. Manykime, jog \u0161is k\u016brinys studenti\u0161k\u0173 chor\u0173 festivaliui pasirinktas neatsitiktinai \u2013 k\u016brinys i\u0161kilus, efektingas, o festivalio reng\u0117jai sprendim\u0105, tik\u0117tina, pri\u0117m\u0117 nuodugniai susipa\u017ein\u0119 su partit\u016bra (https:\/\/www.bernardinai.lt\/2018-11-07-lietuviu-kompozitores-premjera-te-deum\/).<\/p>\n\n\n\n<p><br>Pasiskaityti k\u0105 nors i\u0161samiau apie \u0161io k\u016brinio muzikin\u0119 form\u0105, rai\u0161kos ypatumus ir kitus pana\u0161ius dalykus neteko \u2013 tokios med\u017eiagos neradau. Belieka tik savi subjektyv\u016bs klausytojo \u012fsp\u016bd\u017eiai. Prad\u0117siu nuo savo pirmin\u0117s nuostatos. \u201eTe Deum\u201c daugelis m\u016bs\u0173 ba\u017eny\u010diose per pamaldas giedojo choru ne vien\u0105 ir ne du kartus \u2013 unisonu ir vargonais, forte, lietuvi\u0173 kalba, ir i\u0161 tos praktikos susidar\u0117 jo apibendrint\u0105 vaizdin\u012f bei intonacin\u012f\u2013jausmin\u012f model\u012f. Tas choralas vientiso, i\u0161tisai \u0161lovinamo teksto, jo emocinis tonusas kiek kitoks nei originalios k\u016brybos ir koncertuose skamban\u010di\u0173 \u201eTe Deum\u201c \u2013 d\u017eiaugsmo senojoje giesm\u0117je nedaug, \u0161lovinimas su r\u016bs\u010dio ir baim\u0117s atspalviu. Be to, kai \u0161i senoji giesm\u0117\/choralas yra giedama gimt\u0105ja kalba, stringa jo autenti\u0161kumo grigalikos aspektu klausimas. Tos srities \u017einovas, \u201eSchola gregoriana vilnensis\u201c vadovas Dainius Juoz\u0117nas \u012f jam pateikt\u0105 klausim\u0105: ar grigali\u0161kasias melodijas ir dermes, giedamas tautin\u0117mis kalbomis, galima vadinti grigali\u0161kuoju choralu? \u2013 atsak\u0117: turb\u016bt nelabai. (Gediminas Kaj\u0117nas. Dainius Juoz\u0117nas: grigali\u0161kasis choralas \u2013 am\u017ei\u0173 giesm\u0117. http.: bernardinai.lt 2021.08.01.). I\u0161eit\u0173, kad nors apkalbamas V. Striaupat\u0117s \u201eTe Deum\u201c ir turi tam tikras s\u0105sajas su \u0161ia am\u017ein\u0105ja giesme ir grigali\u0161kuoju choralu, \u0161\u012f dalyk\u0105 vertinsiu atsargiai. Sakysiu tik tiek, jog V. Striaupait\u0117s \u201eTe Deum\u201c yra pakilus, pilnas optimizmo ir \u017emogaus neg\u0105sdina Auk\u0161\u010diausiojo vardu. I\u0161 kitos pus\u0117s, jame negird\u0117jau ir sentimentalumo protr\u016bkio, kadangi k\u016brinys yra gan\u0117tinai intelektualus, konstruktyvus. T\u0105 liudija polifonizmu persunktas muzikos audinys, grie\u017eta ekspresijos organizacija, \u201ekietas\u201c \u0161iuolaiki\u0161kas stilius. Savo ruo\u017etu bendrame ekspresijos sraute, kaip man rodosi, svarbiausi\u0105 vaidmen\u012f turi tem\u0173 vedimas. Vienos t\u0173 tem\u0173 trumpos, smulkios, ramiai juda eil\u0117garsiais, kitos stambios, pla\u010di\u0173 interval\u0173, lau\u017eyt\u0173 reljef\u0173. B\u016bdingi skandavimo motyvai \u2013 \u0161vies\u016bs, konsonansi\u0161ki, ypa\u010d gerai skambantys jungtiniu choru, juo labiau pla\u010dioje akustin\u0117je erdv\u0117je.<\/p>\n\n\n\n<p>Ciklas &#8211; \u0161e\u0161i\u0173 dali\u0173 k\u016brinys: pirmoji  Te Deum laudamus  dalis &#8211; Allegro moderato maestoso; antroji \u2013 \u201eTibi omnes Angeli\u201c, Lento cantabile (soprano ir baritono duetas su choru); tre\u010dioji \u2013 \u201eTe gloriosus Apostolorum chorus\u201c, Largo; ketvirtoji \u2013 \u201eTe per orbem terrarum\u201c, kontrastuojanti pirmosioms tonali\u0161kai, deklamacijos b\u016bdu, penktoji \u2013\u201eTe ergo quaesumus\u201c, Adagio; \u0161e\u0161toji \u0161e\u0161tosios dalies pirmoji padala Salvum fac populum Poco a poco stringendo e crescendo maldingomis psalm\u0117s eilut\u0117mis \u201eDignare Domine, miserere nostri.etc.\u201c (liet.: Pasigail\u0117k m\u016bs\u0173, Vie\u0161patie, pasigail\u0117k m\u016bs\u0173.) &#8211;  maldinga, \u0161aukianti pasigail\u0117jimo, bet maldingumas \u010dia tiesiog ekstazi\u0161kas, \u0161aukiantis pagalbos, kaip Francio Poulenko Litanijoje (\u201eLitanies a la Virgine noire\u201c). Atkreipsiu d\u0117mes\u012f: yra repriza Te Deum laudamus! Ji lyg antroji tos dalies padala). Reprizos atsiradimas sakyt\u0173, jog ciklo muzikin\u0117s minties pl\u0117tra didele dalimi yra grind\u017eiama simfonizmo logika. Kita vertus, klasikin\u0117s mi\u0161ios bei kiti sakraliniai ciklai da\u017enai taip pat baigiasi ai\u0161kiomis reprizomis. I\u0161eit\u0173, tame esti ir tradicijos \u017eym\u0117).<\/p>\n\n\n\n<p><br>Svarbus psalmisto vaidmuo. Psalmistas prie\u0161 kiekvien\u0105 ciklo dal\u012f giedojo piln\u0105 tos dalies tekst\u0105 lietuvi\u0161kai, grigali\u0161kuoju stiliumi. (Sekant D. Juoz\u0117nu, \u010dia autentin\u0117s grigalikos gal\u0117jo b\u016bti, bet ne per daug.). Tiesiog \u017eav\u0117jausi meni\u0161ku, b\u016btent meni\u0161ku choralo atlikimu. Pslamistas \u2013 kunigas Vilius Sikorskas tikras choralo meistras, gra\u017eaus tembro lyrinis baritonas. Tekst\u0105  frazavo jautriai, atid\u017eiai d\u0117liodamas prasminius akcentus, \u201enesaldino\u201c tembro. \u0160alia to, nuo vargon\u0173 giedamas choralas, ne kaip citata (citatos), o kaip svarbi ciklo muzikin\u0117 grandis (grandys), klausant rod\u0117si esanti net labai svarbus formos organizavimo veiksnys. Klausai pslamisto ir choro dialogo ir \u012fsivaizduoji, jog vyksta monumentali vientisa responsorija. Kai ta responsorija giedama pakaitomis lietuvi\u0161kai ir lotyni\u0161kai, tai nei\u0161vengiamai joje susipina, susilieja sakraliniai maldingumo\/pasaulieti\u0161ki, pilieti\u0161ki motyvai. Ir sutinku su Egle Berta\u0161iene, jog \u0161is Te Deum yra \u201ed\u017eiaugsmo himnas Dievui, Lietuvai ir visiems \u017emon\u0117ms, pasitinkantiems nauj\u0105 valstyb\u0117s \u0161imtmet\u012f\u201c (Lietuvi\u0173 kompozitor\u0117s premjera \u2013 Te Deum\u201c. https:\/\/www.bernardinai.lt \u203a 2018-11-07-lietuviu-komp\u2026)<\/p>\n\n\n\n<p><br>Apie repeticij\u0105 ir koncert\u0105. Pirmiausia, student\u0173 jungtinio choro sud\u0117tis, bals\u0173 proporcija. Iki \u0161iol vykusiuose festivaliuose \u0161iuo klausimu tradicijos lyg ir nebuvo. Atrodo, optimalus variantas b\u016bdavo, kai mi\u0161r\u016bs chorai dainuodavo sav\u0105j\u012f k\u016brin\u012f, o mergin\u0173 chorai, kuri\u0173 universitetuose yra gal 3\u20134, sav\u0105j\u012f. Pavyzd\u017eiui, IX festivalio metu Vilniuje, \u0160vent\u0173 Jon\u0173 ba\u017eny\u010dioje, mi\u0161r\u016bs chorai (ties altoriumi) atliko Edvardo Grygo \u201eOlaf\u0105 Trygvason\u0105\u201c, o merginos \u2013 auk\u0161tai, prie vargon\u0173, Jurijaus Kalco Missa brevis. Bet kuomet merginos savo k\u016brinio neturi ir \u0161liejasi prie jungtinio choro \u2013 jungtinio choro mergin\u0173 grup\u0117 tampa neproporcinga vyr\u0173 balsams, t.y.  ai\u0161kiai per didel\u0117. Tuokart n\u0117ra nei gra\u017eaus choro paveikslo, nei subalansuoto garso. Deja, \u0161\u012f kart\u0105 Kaune merginos savo k\u016brinio netur\u0117jo\u2026 Ir nors vyrai steng\u0117si, bendras jungtinio choro ansamblis savaime negal\u0117jo b\u016bti idealus.<\/p>\n\n\n\n<p> Prisik\u0117limo katedroje atlik\u0117jai i\u0161sid\u0117st\u0117 tokia tvarka: prie altoriaus (presbiterijoje) &#8211; pu\u010diam\u0173j\u0173 orkestras, \u0161onuose, ties navomis i\u0161 dviej\u0173 pusi\u0173 &#8211; chorai, solistai prie kairiojo choro, psalmistas prie vargon\u0173. Per repeticij\u0105, kol ba\u017eny\u010dia buvo tu\u0161\u010dia, garsas buvo nepaken\u010diamas \u2013 gaud\u0117, aid\u0117jo visais pa\u0161aliais. Bet kai koncerto metu ba\u017eny\u010dia buvo pilnut pilnut\u0117l\u0117, garsas persimain\u0117 ir buvo kuo puikiausias. Ir tekstas suprantamas!<\/p>\n\n\n\n<p><br>Dirigentei Danguolei Beinorytei vos ne per valand\u0105 teko atlikti i\u0161ties didel\u012f darb\u0105 \u2013 padiriguoti Magnus Hylander aran\u017euot\u0105 pu\u010diam\u0173j\u0173 instrument\u0173 orkestrui Juozo Gudavi\u010diaus dain\u0105 \u201eKur giria \u017ealiuoja\u201c bei i\u0161tisai, tik su b\u016btinomis, esmin\u0117mis pastabomis kai kuriose vietose, sulipdyti vis\u0105 \u201eTe Deum\u201c. Kadangi neseniai savo \u012fsp\u016bd\u017eiuose i\u0161 Liepojos dirigent\u0119 atvirai gyriau, \u0161\u012f kart\u0105 b\u016bsiu sant\u016bresnis, idant neb\u016b\u010diau \u012ftartas pataikavimu. Vis d\u0117l to ir \u010dia steb\u0117jausi, kaip dirigent\u0117 ir chorai d\u0117mesingai, nuosekliai, kantriai lipdo sud\u0117tingos fakt\u016bros ir kintan\u010di\u0173 temp\u0173 cikl\u0105. Mano \u012fsitikinimu to darbo s\u0117km\u0119 l\u0117m\u0117 ai\u0161k\u016bs, tiksl\u016bs, visiems \u2013  instrumentalistams ir dainininkams suprantami dirigent\u0117s mostai. Prie to dar valia ir geb\u0117jimas sukaupti atlik\u0117j\u0173 d\u0117mes\u012f. D\u0117l to tenka girti ir chorus bei kiekvien\u0105 daininink\u0105 atskirai. Kaip, kokiu lygiu jie partit\u016br\u0105 i\u0161moko namuose \u2013 nepasakysiu, ne\u017einau. Bet visi jie buvo geranori\u0161kai nusiteik\u0119 ir intensyviai kontaktavo su dirigente.<\/p>\n\n\n\n<p><br>Koncerto visi lauk\u0117 kaip \u0161vent\u0117s, ir ta \u0161vent\u0117 \u012fvyko! Situacijoje, kai dalyvauja jungtinis choras, pu\u010diam\u0173j\u0173 orkestras, solistai, vargonai, subtil\u016bs muzikos momentai, \u017einia, detal\u0117s didelio efekto neturi, nes jos klausytojo net nepasiekia. Muzika suvokiama bendru planu, gro\u017eintis erdviniu garsu, jo darna, \u0161ventini\u0173 jausm\u0173 inspiracija. Tenka konstatuoti, jog klausytojai buvo \u012fkv\u0117pti meno ir \u0161ventin\u0117s euforijos. K\u016brinys garbingai atliko savo i\u0161kili\u0105j\u0105 misij\u0105. &#8230;Per daug giriu \u2013 galiu sulaukti priekai\u0161to. Vienas i\u0161kilus dirigentas yra sak\u0119s, jog kiekvienoje operoje atsitinka nenumatyt\u0173, kebli\u0173 dalyk\u0173. Dirigento u\u017edavinys yra juos i\u0161lyginti, u\u017etu\u0161uoti, kad to nepasteb\u0117t\u0173 publika. Taigi, jeigu per \u201eTe Deum\u201c ir buvo kas atsitik\u0119, tai buvo labai mikliai susitvarkyta.<\/p>\n\n\n\n<p><br>Festivalio kulminacija su V. Striaupait\u0117s \u201eTe Deum\u201c buvo tikra \u0161vent\u0117 ne tik kaunie\u010diams, bet tuo pa\u010diu ir visiems studenti\u0161kiems chorams. Vyko festivalio estafet\u0117s perdavimo ritualas. Festivalis keliauja per did\u017eiuosius miestus \u2013 2022 metais vyks Vilniuje.<\/p>\n","protected":false},"excerpt":{"rendered":"<p>REGIMANTAS GUDELIS Baigiantis metams su kolegomis persimet\u0117me pastabomis apie XXII Lietuvos auk\u0161t\u0173j\u0173 mokykl\u0173 chor\u0173 festival\u012f (2021-10-22-24) ir nusisteb\u0117jome \u2013 prie\u0161 festival\u012f reklamos daug, po jo \u2013 tu\u0161\u010dia, jokios \u017einios apie&hellip; <\/p>\n","protected":false},"author":2,"featured_media":1703,"comment_status":"open","ping_status":"open","sticky":false,"template":"","format":"standard","meta":{"footnotes":""},"categories":[2],"tags":[],"_links":{"self":[{"href":"https:\/\/choras.lt\/index.php\/wp-json\/wp\/v2\/posts\/1701"}],"collection":[{"href":"https:\/\/choras.lt\/index.php\/wp-json\/wp\/v2\/posts"}],"about":[{"href":"https:\/\/choras.lt\/index.php\/wp-json\/wp\/v2\/types\/post"}],"author":[{"embeddable":true,"href":"https:\/\/choras.lt\/index.php\/wp-json\/wp\/v2\/users\/2"}],"replies":[{"embeddable":true,"href":"https:\/\/choras.lt\/index.php\/wp-json\/wp\/v2\/comments?post=1701"}],"version-history":[{"count":13,"href":"https:\/\/choras.lt\/index.php\/wp-json\/wp\/v2\/posts\/1701\/revisions"}],"predecessor-version":[{"id":1718,"href":"https:\/\/choras.lt\/index.php\/wp-json\/wp\/v2\/posts\/1701\/revisions\/1718"}],"wp:featuredmedia":[{"embeddable":true,"href":"https:\/\/choras.lt\/index.php\/wp-json\/wp\/v2\/media\/1703"}],"wp:attachment":[{"href":"https:\/\/choras.lt\/index.php\/wp-json\/wp\/v2\/media?parent=1701"}],"wp:term":[{"taxonomy":"category","embeddable":true,"href":"https:\/\/choras.lt\/index.php\/wp-json\/wp\/v2\/categories?post=1701"},{"taxonomy":"post_tag","embeddable":true,"href":"https:\/\/choras.lt\/index.php\/wp-json\/wp\/v2\/tags?post=1701"}],"curies":[{"name":"wp","href":"https:\/\/api.w.org\/{rel}","templated":true}]}}