{"id":1713,"date":"2022-01-05T11:36:00","date_gmt":"2022-01-05T11:36:00","guid":{"rendered":"https:\/\/choras.lt\/?p=1713"},"modified":"2022-01-05T11:36:02","modified_gmt":"2022-01-05T11:36:02","slug":"s-kairys-ragina-savivaldybes-aktyviai-prisideti-didinant-kulturos-darbuotoju-atlyginimus","status":"publish","type":"post","link":"https:\/\/choras.lt\/index.php\/2022\/01\/05\/s-kairys-ragina-savivaldybes-aktyviai-prisideti-didinant-kulturos-darbuotoju-atlyginimus\/","title":{"rendered":"S. Kairys ragina savivaldybes aktyviai prisid\u0117ti didinant kult\u016bros darbuotoj\u0173 atlyginimus"},"content":{"rendered":"\n<p>Kult\u016bros ministras Simonas Kairys kreip\u0117si \u012f Lietuvos savivaldybi\u0173 merus kviesdamas juos papildomai numatyti l\u0117\u0161\u0173 kult\u016bros ir meno darbuotoj\u0173 atlyginimams didinti. Ministro i\u0161si\u0173stame lai\u0161ke savivaldybi\u0173 vadov\u0173 pra\u0161oma prie didinam\u0173 atlyginim\u0173 prisid\u0117ti ne ma\u017eesne apimti, nei tam valstyb\u0117s skiriami asignavimai.<\/p>\n\n\n\n<p>\u0160i\u0173 met\u0173 valstyb\u0117s biud\u017eete numatytos tikslin\u0117s l\u0117\u0161os savivaldybi\u0173 kult\u016bros ir meno darbuotoj\u0173 darbo u\u017emokes\u010diui didinti siekia 4,114 mln. eur\u0173. I\u0161 j\u0173 2,469 mln. eur\u0173 yra valstyb\u0117s skiriamos papildomos l\u0117\u0161os savivaldybi\u0173 kult\u016bros ir meno darbuotoj\u0173 atlyginimams didinti, likusi dalis (1,645 mln. eur\u0173) yra l\u0117\u0161os, kurios iki \u0161iol savivaldybi\u0173 biud\u017eetams b\u016bdavo skiriamos dotacij\u0173 pavidalu i\u0161 Kult\u016bros ministerijos asignavim\u0173.<\/p>\n\n\n\n<p>Kult\u016bros ministras S. Kairys sako, kad siekiant kokybi\u0161kos kult\u016bros pl\u0117tros regionuose labai svarbu, kad ir pa\u010dios savivaldyb\u0117s priimt\u0173 atitinkamus sprendimus d\u0117l darbo u\u017emokes\u010dio fondo. Kreipdamasis \u012f savivaldybi\u0173 vadovus ministras viliasi, jog savivaldyb\u0117s savo ruo\u017etu prie atlyginim\u0173 didinimo prisid\u0117s bent tokia pat apimtimi, kaip valstyb\u0117s skiriami asignavimai.<\/p>\n\n\n\n<p>\u201eTa\u010diau &nbsp;matydamas geruosius lig\u0161iolinius pavyzd\u017eius skatin\u010diau savivaldybes skirti ir didesnius asignavimus. Kaip puikiai \u017einome, v\u0117liau \u0161ios l\u0117\u0161os sugr\u012f\u017eta stipresnio region\u0173 konkurencingumo, ai\u0161kesnio identiteto pavidalais, taip pat padeda stipr\u0117ti ir augti gyvybingoms, ver\u017elioms, aktyvioms vietos bendruomen\u0117ms\u201c, \u2013 sako S. Kairys. &nbsp;&nbsp;<\/p>\n\n\n\n<p>Didinti visos \u0161alies kult\u016bros ir meno darbuotoj\u0173 atlyginimus yra numatyta Vyriausyb\u0117s programoje. Tam \u0161i\u0173 met\u0173 valstyb\u0117s biud\u017eete papildomai skirta 13,5 mln. eur\u0173.<\/p>\n","protected":false},"excerpt":{"rendered":"<p>Kult\u016bros ministras Simonas Kairys kreip\u0117si \u012f Lietuvos savivaldybi\u0173 merus kviesdamas juos papildomai numatyti l\u0117\u0161\u0173 kult\u016bros ir meno darbuotoj\u0173 atlyginimams didinti. Ministro i\u0161si\u0173stame lai\u0161ke savivaldybi\u0173 vadov\u0173 pra\u0161oma prie didinam\u0173 atlyginim\u0173 prisid\u0117ti&hellip; <\/p>\n","protected":false},"author":2,"featured_media":302,"comment_status":"open","ping_status":"open","sticky":false,"template":"","format":"standard","meta":{"footnotes":""},"categories":[7],"tags":[],"_links":{"self":[{"href":"https:\/\/choras.lt\/index.php\/wp-json\/wp\/v2\/posts\/1713"}],"collection":[{"href":"https:\/\/choras.lt\/index.php\/wp-json\/wp\/v2\/posts"}],"about":[{"href":"https:\/\/choras.lt\/index.php\/wp-json\/wp\/v2\/types\/post"}],"author":[{"embeddable":true,"href":"https:\/\/choras.lt\/index.php\/wp-json\/wp\/v2\/users\/2"}],"replies":[{"embeddable":true,"href":"https:\/\/choras.lt\/index.php\/wp-json\/wp\/v2\/comments?post=1713"}],"version-history":[{"count":1,"href":"https:\/\/choras.lt\/index.php\/wp-json\/wp\/v2\/posts\/1713\/revisions"}],"predecessor-version":[{"id":1714,"href":"https:\/\/choras.lt\/index.php\/wp-json\/wp\/v2\/posts\/1713\/revisions\/1714"}],"wp:featuredmedia":[{"embeddable":true,"href":"https:\/\/choras.lt\/index.php\/wp-json\/wp\/v2\/media\/302"}],"wp:attachment":[{"href":"https:\/\/choras.lt\/index.php\/wp-json\/wp\/v2\/media?parent=1713"}],"wp:term":[{"taxonomy":"category","embeddable":true,"href":"https:\/\/choras.lt\/index.php\/wp-json\/wp\/v2\/categories?post=1713"},{"taxonomy":"post_tag","embeddable":true,"href":"https:\/\/choras.lt\/index.php\/wp-json\/wp\/v2\/tags?post=1713"}],"curies":[{"name":"wp","href":"https:\/\/api.w.org\/{rel}","templated":true}]}}