{"id":2237,"date":"2022-04-29T08:46:04","date_gmt":"2022-04-29T08:46:04","guid":{"rendered":"https:\/\/choras.lt\/?p=2237"},"modified":"2022-04-29T08:46:06","modified_gmt":"2022-04-29T08:46:06","slug":"tarptautinio-vyru-choro-gimimas-vilniuje","status":"publish","type":"post","link":"https:\/\/choras.lt\/index.php\/2022\/04\/29\/tarptautinio-vyru-choro-gimimas-vilniuje\/","title":{"rendered":"Tarptautinio vyr\u0173 choro gimimas Vilniuje"},"content":{"rendered":"\n<p><br>Kovo 25-\u0105j\u0105 dien\u0105 Vilniaus rotu\u0161\u0117je \u012fvyko koncertas, skirtas Baltarusios liaudies respublikos dienai pamin\u0117ti, kuriame choras \u201eUnija\u201c i\u0161rei\u0161k\u0117 palaikym\u0105 Ukrainai:<\/p>\n\n\n\n<figure class=\"wp-block-embed is-type-video is-provider-youtube wp-block-embed-youtube wp-embed-aspect-16-9 wp-has-aspect-ratio\"><div class=\"wp-block-embed__wrapper\">\n<iframe loading=\"lazy\" title=\"\u041e\u0439, \u0443 \u043b\u0443\u0437\u0456 \u0447\u0435\u0440\u0432\u043e\u043d\u0430 \u043a\u0430\u043b\u0438\u043d\u0430\" width=\"1110\" height=\"624\" src=\"https:\/\/www.youtube.com\/embed\/xUBqQFFGoQA?feature=oembed\" frameborder=\"0\" allow=\"accelerometer; autoplay; clipboard-write; encrypted-media; gyroscope; picture-in-picture\" allowfullscreen><\/iframe>\n<\/div><\/figure>\n\n\n\n<p>\u201eUNIA\u201c \u2013 baltarusi\u0173 vyr\u0173 choras, \u012fkurtas 1990-aisiais metais Minske. Nuo 1995-\u0173j\u0173 met\u0173 choras darbus t\u0119s\u0117 Mogiliovo filharmonijoje, o nuo 2001-\u0173j\u0173 &#8211; v\u0117l Minske. Originalia muzikos k\u016brini\u0173 koncertinio atlikimo maniera pasi\u017eym\u0117jo organizatorius, vadovas ir vyriausiasis dirigentas Kirilas Nosajevas (1960-05-15 \u2013 2018-07-17).<\/p>\n\n\n\n<p><br>Pradiniame choro repertuare dominavo XV\u2013XVII a. senovin\u0117s sakralin\u0117s giesm\u0117s, v\u0117liau \u2013 religiniai ir pasaulietiniai k\u016briniai (daugiau nei 200 i\u0161 skirting\u0173 epoch\u0173), \u012fskaitant himnus, liaudies dain\u0173 aran\u017euotes, XVI\u2013XX a. kompozitori\u0173 sakralin\u0119 muzik\u0105 (Vaclovas \u0160amotulietis, Cyprianas Bazylikas, M. Ravensky, A. Rogachevsky, M. Shchaglov, M. Butoma) ir \u0161iuolaikinius autorius (A. Litvinovskis, I. Matijevskis, V. Kuznecovas) ir kt. Per savo gyvavimo laikotarp\u012f choras i\u0161leido albumus \u201eMuzyka Litvy i Karony\u201c, \u201eBaltarusijos ba\u017enytin\u0117-cerkvin\u0117 muzika\u201c, \u201eBaltarusijos mar\u0161ai ir dainos&#8221; (Kovos lyrika. 1998), ne kart\u0105 tapo tarptautini\u0173 konkurs\u0173 laureatu ir diplomantu.<\/p>\n\n\n\n<p><br>Nuo 2020-\u0173j\u0173 m. rugpj\u016b\u010dio m\u0117nesio chorui \u201eUNIA\u201c vadovauja Kirilo Nosajevo \u012fp\u0117dinis Pavelas Gonca. Pirmasis atsinaujinusio kolektyvo pasirodymas \u012fvyko Minsko filharmonijos scenoje kaip akcija prie\u0161 vald\u017eios institucij\u0173 smurt\u0105 prie\u0161 civilius. 2020-\u0173j\u0173 m. spalio 17 d. Minsko \u0160vent\u0173j\u0173 Simono ir Elenos ba\u017eny\u010dioje \u012fvyko didelis choro labdaros koncertas, kurio tikslas buvo paremti \u0161iuolaikin\u0117s baltarusi\u0173 kult\u016bros veik\u0117jus.<\/p>\n\n\n\n<p><br>2020\u20132021 m., remiant Baltarusios kult\u016brinio solidarumo fondui, buvo sukurti vaizdo klipai dainoms \u201eLiotae arol\u201c (1863 m. sukil\u0117li\u0173 daina) ir \u201eScyag\u201c (tradicinis mar\u0161as). <\/p>\n\n\n\n<figure class=\"wp-block-embed is-type-video is-provider-youtube wp-block-embed-youtube wp-embed-aspect-16-9 wp-has-aspect-ratio\"><div class=\"wp-block-embed__wrapper\">\n<iframe loading=\"lazy\" title=\"\u0421\u0426\u042f\u0413   \u041c\u0443\u0436\u0447\u044b\u043d\u0441\u043a\u0456 \u0445\u043e\u0440 &#039;\u0423\u043d\u0456\u044f&#039; rock version\" width=\"1110\" height=\"624\" src=\"https:\/\/www.youtube.com\/embed\/o3jE7LDrdOU?feature=oembed\" frameborder=\"0\" allow=\"accelerometer; autoplay; clipboard-write; encrypted-media; gyroscope; picture-in-picture\" allowfullscreen><\/iframe>\n<\/div><\/figure>\n\n\n\n<p>Prad\u017eioje 2021-\u0173j\u0173 met\u0173 dalis chorist\u0173 kartu su vadovu d\u0117l politini\u0173 prie\u017eas\u010di\u0173 (represij\u0173) buvo priversti palikti Baltarusios respublik\u0105. Nepaisant \u0161ios aplinkyb\u0117s, kolektyvas savo veikl\u0105 t\u0119sia nauju, tarptautiniu formatu.<\/p>\n\n\n\n<p><br>Prasid\u0117jus karui Ukrainoje, choras \u012fra\u0161\u0117 vaizdo klip\u0105 dainai &#8220;\u041e\u0439, \u0443 \u043b\u0443\u0437\u0456, \u0447\u0435\u0440\u0432\u043e\u043d\u0430 \u043a\u0430\u043b\u0438\u043d\u0430&#8221;, taip i\u0161reik\u0161damas palaikym\u0105 Ukrainos tautai. Choras \u201eUnija\u201c \u012fra\u0161\u0117 Lietuvos Respublikos himn\u0105 Nepriklausomyb\u0117s atk\u016brimui pamin\u0117ti: <a href=\"https:\/\/youtu.be\/EJ8pHTUywrU\">https:\/\/youtu.be\/EJ8pHTUywrU<\/a>. Gegu\u017e\u0117s 3 d. choras pakviestas giedoti Lenkijos ambasadoje.<\/p>\n\n\n\n<figure class=\"wp-block-embed is-type-video is-provider-youtube wp-block-embed-youtube wp-embed-aspect-16-9 wp-has-aspect-ratio\"><div class=\"wp-block-embed__wrapper\">\n<iframe loading=\"lazy\" title=\"Letae arol\" width=\"1110\" height=\"624\" src=\"https:\/\/www.youtube.com\/embed\/AmWdVrLPqN0?feature=oembed\" frameborder=\"0\" allow=\"accelerometer; autoplay; clipboard-write; encrypted-media; gyroscope; picture-in-picture\" allowfullscreen><\/iframe>\n<\/div><figcaption>I\u0161 koncerto Vilniaus Rotu\u0161\u0117je kovo 25 d.<\/figcaption><\/figure>\n\n\n\n<p><\/p>\n\n\n\n<p><br><\/p>\n","protected":false},"excerpt":{"rendered":"<p>Kovo 25-\u0105j\u0105 dien\u0105 Vilniaus rotu\u0161\u0117je \u012fvyko koncertas, skirtas Baltarusios liaudies respublikos dienai pamin\u0117ti, kuriame choras \u201eUnija\u201c i\u0161rei\u0161k\u0117 palaikym\u0105 Ukrainai: \u201eUNIA\u201c \u2013 baltarusi\u0173 vyr\u0173 choras, \u012fkurtas 1990-aisiais metais Minske. Nuo 1995-\u0173j\u0173&hellip; <\/p>\n","protected":false},"author":2,"featured_media":2253,"comment_status":"open","ping_status":"open","sticky":false,"template":"","format":"standard","meta":{"footnotes":""},"categories":[3],"tags":[],"_links":{"self":[{"href":"https:\/\/choras.lt\/index.php\/wp-json\/wp\/v2\/posts\/2237"}],"collection":[{"href":"https:\/\/choras.lt\/index.php\/wp-json\/wp\/v2\/posts"}],"about":[{"href":"https:\/\/choras.lt\/index.php\/wp-json\/wp\/v2\/types\/post"}],"author":[{"embeddable":true,"href":"https:\/\/choras.lt\/index.php\/wp-json\/wp\/v2\/users\/2"}],"replies":[{"embeddable":true,"href":"https:\/\/choras.lt\/index.php\/wp-json\/wp\/v2\/comments?post=2237"}],"version-history":[{"count":11,"href":"https:\/\/choras.lt\/index.php\/wp-json\/wp\/v2\/posts\/2237\/revisions"}],"predecessor-version":[{"id":2254,"href":"https:\/\/choras.lt\/index.php\/wp-json\/wp\/v2\/posts\/2237\/revisions\/2254"}],"wp:featuredmedia":[{"embeddable":true,"href":"https:\/\/choras.lt\/index.php\/wp-json\/wp\/v2\/media\/2253"}],"wp:attachment":[{"href":"https:\/\/choras.lt\/index.php\/wp-json\/wp\/v2\/media?parent=2237"}],"wp:term":[{"taxonomy":"category","embeddable":true,"href":"https:\/\/choras.lt\/index.php\/wp-json\/wp\/v2\/categories?post=2237"},{"taxonomy":"post_tag","embeddable":true,"href":"https:\/\/choras.lt\/index.php\/wp-json\/wp\/v2\/tags?post=2237"}],"curies":[{"name":"wp","href":"https:\/\/api.w.org\/{rel}","templated":true}]}}