{"id":2312,"date":"2022-05-12T19:01:48","date_gmt":"2022-05-12T19:01:48","guid":{"rendered":"https:\/\/choras.lt\/?p=2312"},"modified":"2022-05-19T10:40:02","modified_gmt":"2022-05-19T10:40:02","slug":"1972-uju-ivykiu-liudininkai-apie-juodus-pavasarius-ir-rezistencijos-simboliu-tapusius-dzinsus","status":"publish","type":"post","link":"https:\/\/choras.lt\/index.php\/2022\/05\/12\/1972-uju-ivykiu-liudininkai-apie-juodus-pavasarius-ir-rezistencijos-simboliu-tapusius-dzinsus\/","title":{"rendered":"1972-\u0173j\u0173 \u012fvyki\u0173 liudininkai \u2013 apie juodus pavasarius ir rezistencijos simboliu tapusius d\u017einsus"},"content":{"rendered":"\n<p><br>Gegu\u017e\u0117s 14-\u0105j\u0105 Lietuvos nacionalinis operos ir baleto teatras \u012f Giuseppe\u2018s Verdi operos \u201eDon Karlas\u201c spektakl\u012f pakviet\u0117 \u017ei\u016brovus atvykti su d\u017einsais. Taip simboli\u0161kai pamin\u0117ta Pilietinio pasiprie\u0161inimo diena ir prie\u0161 50 met\u0173 susideginusio Romo Kalantos atminimas.<\/p>\n\n\n\n<p><br>\u201e1972-\u0173j\u0173 pavasar\u012f man buvo 25-eri. Buvau dar r\u016bkantis, tod\u0117l i\u0161 Kauno muzikinio teatro, kurio orkestre tada grojau, po rytin\u0117s sekmadienio repeticijos, jau apie pietus, i\u0161b\u0117gau \u012f lauk\u0105 supl\u0117\u0161ti d\u016bmo. Ir pasteb\u0117jau b\u016br\u012f jaunuoli\u0173, tarsi procesij\u0105 i\u0161 koki\u0173 dvide\u0161imties jaun\u0173 \u017emoni\u0173, palei teatro pastat\u0105 tarp med\u017ei\u0173 einan\u010di\u0173 link sodelio. Bet eina \u2013 ir eina sau \u017emon\u0117s, juk negali \u012ftarti toki\u0173 dalyk\u0173. Baigiau cigaret\u0119 ir gr\u012f\u017eau atgal \u012f teatr\u0105. Ir tik v\u0117liau, i\u0161gird\u0119s, kas t\u0105 dien\u0105 \u012fvyko, a\u0161 supratau, k\u0105 ma\u010diau. Iki Rimo Kalantos virtimo degan\u010diu fakelu buvo lik\u0119 vos kelios pasirengimo minut\u0117s\u201c, \u2013 pasakoja buv\u0119s LNOBT orkestro direktorius Henrikas Tarvydas, sostin\u0117s teatro muzikantams vadovav\u0119s nuo 2003 iki 2018 m. T\u0105 fakel\u0105 kai kurie jo kolegos Kaune pasteb\u0117jo pro teatro langus. \u017dinia apie tai, kad \u0161alia Muzikinio teatro susidegino \u017emogus, koridoriuose sklido i\u0161 l\u016bp\u0173 \u012f l\u016bpas. \u201eVakare gr\u012f\u017edamas sodelyje ma\u010diau tik nedidel\u012f i\u0161degusios \u017eol\u0117s plotel\u012f. O po keli\u0173 dien\u0173 grupel\u0117 teatro muzikant\u0173 ir chorist\u0173 nuva\u017eiavome prie namo, kuriame R. Kalanta buvo pa\u0161arvotas, ir sugiedojome, jei gerai pamenu, \u201eLietuva brangi\u201c. Ir a\u0161 toje grupel\u0117je buvau\u201c, \u2013 liudija H. Tarvydas.<\/p>\n\n\n\n<p class=\"has-text-align-center\"><br><strong>Laikinosios sostin\u0117s dvasia<\/strong> <\/p>\n\n\n\n<p>Kaune u\u017eaug\u0119s LNOBT tenoras Mindaugas Jankauskas 1972-aisiais dar nebuvo gim\u0119s, ta\u010diau R. Kalantos susideginimo liudinink\u0117mis tapo atsitiktinai Laisv\u0117s al\u0117ja pro Muzikinio teatro sodel\u012f gegu\u017e\u0117s 14-\u0105j\u0105 \u0117jusios jo mama ir mo\u010diut\u0117. \u201eJos tiesiog pasteb\u0117jo grupel\u0119 susispietusi\u0173 \u017emoni\u0173 ir pri\u0117jo pa\u017ei\u016br\u0117ti ar\u010diau, kas vyksta. Ta\u010diau netrukus priva\u017eiavo milicijos ma\u0161inos, i\u0161 j\u0173 i\u0161puol\u0119 pareig\u016bnai susirinkusiuosius \u0117m\u0117 vaikyti ir suimin\u0117ti. Mano mama ir mo\u010diut\u0117 sp\u0117jo pasisl\u0117pti netoliese stovin\u010diame name. Jame jos prabuvo iki nakties, nes anks\u010diau bijojo i\u0161eiti \u012f gatv\u0119. K\u0105 b\u016btent jos mat\u0117 \u2013 i\u0161 kit\u0173 \u017emoni\u0173 su\u017einojo tik kit\u0105 dien\u0105. V\u0117liau, kai pro t\u0105 sodel\u012f mo\u010diut\u0117 mane ma\u017e\u0105 vesdavo \u012f muzikos mokykl\u0105, ji man pasakodavo, kad ten \u017emogus susidegino u\u017e laisv\u0105 Lietuv\u0105, toki\u0105, kokia ji buvo prie\u0161 kar\u0105, ir rodydavo nam\u0105, kuriame jos tada abidvi sl\u0117p\u0117si.<\/p>\n\n\n\n<p>A\u0161 m\u016bs\u0173 namuose Panemun\u0117je nuo ma\u017eens buvau aukl\u0117jamas laikinosios sostin\u0117s laikus menan\u010dia antisovietine bei kataliki\u0161ka dvasia: man neleido mokytis Soviet\u0173 s\u0105jungos himno, bet mokindavo lietuvi\u0161k\u0173 dain\u0173 ir leisdavo patarnauti kunigui ba\u017eny\u010dioje. Namuose kabojo mano senelio, kur\u012f prezidentas Antanas Smetona apdovanojo medaliu, portretas su ulono uniforma ant \u017eirgo, o pal\u0117p\u0117je buvo daug \u0161vent\u0173 paveiksl\u0173, atkeliavusi\u0173 dar i\u0161 mano prosenel\u0117s nam\u0173. Bet pradin\u0117je mokykloje tur\u0117jome proting\u0105 mokytoj\u0105, kuri, su\u017einojusi, kad komisija klas\u0117se klausin\u0117ja vaik\u0173, kas eina \u012f ba\u017eny\u010di\u0105, i\u0161 anksto prigrasindavo niekam nekelti rank\u0173\u201c, \u2013 vaikyst\u0117s atsiminimais dalijosi M. Jankauskas.<\/p>\n\n\n\n<p class=\"has-text-align-center\"><br><strong>Sustiprino laisv\u0117s tro\u0161kim\u0105<\/strong><\/p>\n\n\n\n<p class=\"has-text-align-left\"><br>R. Kalantos laidotuv\u0117se 1972 m. gegu\u017e\u0117s 18-\u0105j\u0105 dalyvavo daug ma\u017eiau \u017emoni\u0173, nei ketino, nes saugumie\u010di\u0173 reikalavimu jos \u012fvyko por\u0105 valand\u0173 anks\u010diau, negu buvo suplanuota. Numatytu laiku susirink\u0119 kaunie\u010diai i\u0161 Vilijampol\u0117s patrauk\u0117 \u012f Muzikinio teatro sodel\u012f, o i\u0161 ten minia vald\u017eios apgavyste pasipiktinusi\u0173 \u017emoni\u0173 stichi\u0161kai patrauk\u0117 Laisv\u0117s al\u0117ja. \u201eJoje buvo ir mano t\u0117velis, tuo metu studijav\u0119s radijo in\u017einerijos specialyb\u0119 Kauno politechnikos institute. Milicijai prad\u0117jus jaunimo demonstracij\u0105 vaikyti, jis gavo su gumine lazda per galv\u0105, bet senamies\u010dio kiemais sugeb\u0117jo pab\u0117gti nesuimtas. Taip jam pavyko i\u0161vengti tardym\u0173 ir represij\u0173 u\u017e dalyvavim\u0105 istoriniame \u012fvykyje, kuris sustiprino \u017emoni\u0173 laisv\u0117s tro\u0161kimo poj\u016bt\u012f ir neabejotinai paspartino soviet\u0173 vald\u017eios \u017elugim\u0105 Lietuvoje\u201c, \u2013 pasakoja LNOBT generalinis direktorius Jonas Sakalauskas.<\/p>\n\n\n\n<p class=\"has-text-align-left\"><br>\u201eBesimokydamas Juozo Naujalio muzikos gimnazijoje, kasdien vaik\u0161\u010diodavau pro sodel\u012f prie Muzikinio teatro, matydavau lentel\u0119 su Romo Kalantos pavarde ir visada pagalvodavau apie t\u0105 jaun\u0105 \u017emog\u0173, tur\u0117jus\u012f tiek ry\u017eto ir pasiaukojimo vardan T\u0117vyn\u0117s laisv\u0117s. Man, Kauno vaikui, ta istorija atrod\u0117 labai \u012fdomi, nes gird\u0117davau ir savo t\u0117v\u0173 pasakojimus apie 1972-\u0173j\u0173 \u012fvykius. O neseniai, repetuodami vien\u0105 mano diriguojam\u0105 spektakl\u012f Kauno valstybiniame muzikiniame teatre, apie tai i\u0161sikalb\u0117jome su kolega \u2013 klavi\u0161ininku ir kariljonininku Julium Vilnoniu, kuris buvo t\u0173 \u012fvyki\u0173 liudininkas\u201c, \u2013 u\u017esimena LNOBT vyriausiasis dirigentas Ri\u010dardas \u0160umila.<\/p>\n\n\n\n<p class=\"has-text-align-center\"><br><strong>Juodi atminties pavasariai<\/strong><\/p>\n\n\n\n<p class=\"has-text-align-left\"><br>\u201eMan tuo metu buvo 16 met\u0173, R. Kalantos bi\u010diuli\u0173 ratas buvo keleriais metais u\u017e mane vyresnis. Bet a\u0161 j\u0173 mai\u0161to jud\u0117jim\u0105 ma\u010diau ir jam prijau\u010diau. Tokia mirtis jaunam paliko labai gil\u0173 \u012fsp\u016bd\u012f. Kiekvien\u0105 po to at\u0117jus\u012f pavasar\u012f, kai prad\u0117davo sprogti med\u017ei\u0173 lapai, man sugr\u012f\u017edavo skaud\u016bs prisiminimai ir u\u017eeidavo \u201ejuod\u0173\u201c emocij\u0173 laikotarpis, kai jausdavau visi\u0161k\u0105 beprasmyb\u0119, nes atrod\u0117, kad Soviet\u0173 s\u0105jungoje nieko ne\u012fmanoma pakeisti ir net pajudinti. O ka\u017ekur u\u017e \u201epla\u010diosios t\u0117vyn\u0117s\u201c sien\u0173 vyko tikras gyvenimas, laisvi \u017emon\u0117s k\u016br\u0117 did\u017eius, \u012fsp\u016bdingus dalykus. Mums tuo metu net ilgus plaukus ne\u0161ioti buvo draud\u017eiama, nors laisvos Lietuvos prisiminimai kaunie\u010di\u0173 \u0161eimose tebebuvo gyvi. Gyvenome E. O\u017ee\u0161kien\u0117s gatv\u0117je, mano t\u0117velis grojo Kauno muzikiniame teatre, taigi 1972-\u0173j\u0173 \u012fvykiai rutuliojosi visai \u0161alia, ir apie juos mes i\u0161kart su\u017einojome\u201c, \u2013  pasakoja muzikantas J. Vilnonis.<\/p>\n\n\n\n<p class=\"has-text-align-left\"><br>R. Kalantai kit\u0105 ryt\u0105 po susideginimo mirus, \u017emon\u0117s prad\u0117jo b\u016briuotis toje vietoje, ne\u0161ti g\u0117les. Pasak J. Vilnonio, j\u0173 jau nema\u017eai buvo prid\u0117ta, kai milicija apsi\u017ei\u016br\u0117jo ir visk\u0105 i\u0161met\u0117 \u012f \u0161iuk\u0161li\u0173 d\u0117\u017ees. Teritorija buvo aptverta pra\u0117jim\u0105 draud\u017eian\u010diomis juostomis. Jei kas nors j\u0173 nepaisydavo ir vis tiek priart\u0117davo su g\u0117l\u0117mis, civiliais r\u016bbais vilkintys saugumie\u010diai g\u0117les paimdavo, perlau\u017edavo, demonstratyviai apspjaudavo ir nune\u0161davo \u012f \u0161iuk\u0161lyn\u0105. <\/p>\n\n\n\n<p class=\"has-text-align-left\">\u201eSu klasioku pab\u0117gome i\u0161 pamok\u0173 ir nuva\u017eiavome \u012f Vilijampol\u0119 prie namelio, kuriame R. Kalanta buvo pa\u0161arvotas. Prie varteli\u0173 stov\u0117jo saugumietis ir visus ateinan\u010dius fotografavo. Po to sugr\u012f\u017eome kelioms paskutin\u0117ms pamokoms \u012f mokykl\u0105, o kai par\u0117jome namo \u2013 m\u016bs\u0173 t\u0117vams saugumie\u010diai jau buvo parod\u0119 fotografijas ir i\u0161d\u0117st\u0119 apie m\u016bs\u0173 antivalstybin\u0119 veikl\u0105, nors anais laikais nuotrauk\u0173 ry\u0161kinimo procesas reikalaudavo nema\u017eai laiko\u201c, \u2013 stebisi J. Vilnonis.<\/p>\n\n\n\n<p class=\"has-text-align-center\"><br><strong>D\u017einsai \u2013 1972 m. \u012fvyki\u0173 garbei<\/strong><\/p>\n\n\n\n<p class=\"has-text-align-left\"><br>Neformalusis jaunimas, kuris klaus\u0117 \u201eThe Beatles\u201c, \u201eThe Rolling Stones\u201c, \u201eThe Doors\u201c ir kit\u0173 vakarieti\u0161k\u0173 grupi\u0173 \u012fra\u0161\u0173, tuo metu steng\u0117si d\u0117v\u0117ti d\u017einsus. Bet tikrus firminius d\u017einsus gal\u0117jai gauti tik siuntiniu i\u0161 Amerikos arba juodojoje rinkoje, kurioje jie kainuodavo iki 200 rubli\u0173 \u2013 inteligentui tai buvo ma\u017edaug poros m\u0117nesi\u0173 atlyginimas.<\/p>\n\n\n\n<p class=\"has-text-align-left\"><br>\u201eMano t\u0117vas, kuris tuo metu buvo Muzikinio teatro orkestro kontrabos\u0173 grup\u0117s koncertmeisteris, u\u017edirbdavo 140 rubli\u0173. Bet a\u0161 d\u017einsus ne\u0161iojau, nes mes tur\u0117jome gimini\u0173 JAV. Tuo metu tur\u0117ti firminius d\u017einsus Lietuvoje buvo tas pat, kas \u0161iandieniniam jaunuoliui va\u017ein\u0117ti su \u201eTesla\u201c \u2013 superinis dalykas, kur\u012f ne kiekvienas gal\u0117davo sau leisti. Ir kartu tai buvo mai\u0161taujan\u010dio jaunimo, kuris sudar\u0117 tik nedidel\u0119 tuometinio jaunimo dal\u012f, skiriamasis \u017eenklas\u201c, \u2013 teigia J. Vilnonis.<\/p>\n\n\n\n<p class=\"has-text-align-left\"><br>\u201eIki \u0161iol atsimenu savo t\u0117vo ne\u0161iotus klio\u0161inius d\u017einsus ir manau, kad po R. Kalantos susideginimo kilusius protestus pagr\u012fstai gal\u0117tume vadinti \u201ed\u017einsine revoliucija\u201c. D\u017einsai tuo metu simbolizavo jaunimo alk\u012f vakarieti\u0161kai muzikai, filmams, spaudai ir viskam, kas atkeliaudavo i\u0161 anapus gele\u017ein\u0117s u\u017edangos\u201c, \u2013 tvirtina LNOBT generalinis direktorius J. Sakalauskas. Tod\u0117l gegu\u017e\u0117s 14-\u0105j\u0105, \u0161e\u0161tadien\u012f, rodomas operos \u201eDon Karlas\u201c, pasakojan\u010dios apie kovas u\u017e laisv\u0119, spektaklis buvo dedikuotas Pilietinio pasiprie\u0161inimo dienai. T\u0105 vakar\u0105 LNOBT savo \u017ei\u016brovams rekomenduota atvykti klausytis operos vilkint d\u017einsais ar kitomis d\u017einsinio audinio aprangos detal\u0117mis, simbolizuosian\u010diomis 1972-\u0173j\u0173 \u012fvykius. Taip buvo pagerb\u0117me prie\u0161 50 met\u0173 Lietuvos laisv\u0117s vardan save paaukojus\u012f Rom\u0105 Kalant\u0105 ir to meto pilietin\u0117s rezistencijos dalyvius.<\/p>\n\n\n\n<p class=\"has-text-align-center\"><strong>Renata Baltru\u0161aityt\u0117<\/strong><\/p>\n","protected":false},"excerpt":{"rendered":"<p>Gegu\u017e\u0117s 14-\u0105j\u0105 Lietuvos nacionalinis operos ir baleto teatras \u012f Giuseppe\u2018s Verdi operos \u201eDon Karlas\u201c spektakl\u012f pakviet\u0117 \u017ei\u016brovus atvykti su d\u017einsais. Taip simboli\u0161kai pamin\u0117ta Pilietinio pasiprie\u0161inimo diena ir prie\u0161 50 met\u0173&hellip; <\/p>\n","protected":false},"author":2,"featured_media":2314,"comment_status":"open","ping_status":"open","sticky":false,"template":"","format":"standard","meta":{"footnotes":""},"categories":[5],"tags":[],"_links":{"self":[{"href":"https:\/\/choras.lt\/index.php\/wp-json\/wp\/v2\/posts\/2312"}],"collection":[{"href":"https:\/\/choras.lt\/index.php\/wp-json\/wp\/v2\/posts"}],"about":[{"href":"https:\/\/choras.lt\/index.php\/wp-json\/wp\/v2\/types\/post"}],"author":[{"embeddable":true,"href":"https:\/\/choras.lt\/index.php\/wp-json\/wp\/v2\/users\/2"}],"replies":[{"embeddable":true,"href":"https:\/\/choras.lt\/index.php\/wp-json\/wp\/v2\/comments?post=2312"}],"version-history":[{"count":2,"href":"https:\/\/choras.lt\/index.php\/wp-json\/wp\/v2\/posts\/2312\/revisions"}],"predecessor-version":[{"id":2344,"href":"https:\/\/choras.lt\/index.php\/wp-json\/wp\/v2\/posts\/2312\/revisions\/2344"}],"wp:featuredmedia":[{"embeddable":true,"href":"https:\/\/choras.lt\/index.php\/wp-json\/wp\/v2\/media\/2314"}],"wp:attachment":[{"href":"https:\/\/choras.lt\/index.php\/wp-json\/wp\/v2\/media?parent=2312"}],"wp:term":[{"taxonomy":"category","embeddable":true,"href":"https:\/\/choras.lt\/index.php\/wp-json\/wp\/v2\/categories?post=2312"},{"taxonomy":"post_tag","embeddable":true,"href":"https:\/\/choras.lt\/index.php\/wp-json\/wp\/v2\/tags?post=2312"}],"curies":[{"name":"wp","href":"https:\/\/api.w.org\/{rel}","templated":true}]}}