{"id":2324,"date":"2022-05-16T08:37:35","date_gmt":"2022-05-16T08:37:35","guid":{"rendered":"https:\/\/choras.lt\/?p=2324"},"modified":"2022-05-16T08:37:37","modified_gmt":"2022-05-16T08:37:37","slug":"dzinsai-operos-teatre-lnobt-akcija-dzinsines-revoliucijos-garbei","status":"publish","type":"post","link":"https:\/\/choras.lt\/index.php\/2022\/05\/16\/dzinsai-operos-teatre-lnobt-akcija-dzinsines-revoliucijos-garbei\/","title":{"rendered":"D\u017einsai operos teatre \u2013 LNOBT akcija \u201ed\u017einsin\u0117s revoliucijos\u201c garbei"},"content":{"rendered":"\n<p>Su d\u017einsais \u012f oper\u0105? Taip, bet tik tuomet, kai tam pakvie\u010dia pats teatras! Vakar, Lietuvai minint Pilietinio pasiprie\u0161inimo dien\u0105 ir Romo Kalantos susideginimo 50-\u0105sias metines, Lietuvos nacionalinis operos ir baleto teatras \u012f operos \u201eDon Karlas\u201c spektakl\u012f \u017ei\u016brovus pakviet\u0117 atvykti m\u016bvint d\u017einsais.<\/p>\n\n\n\n<p><br>\u201eIki \u0161iol atsimenu savo t\u0117vo, dalyvavusio 1972-\u0173j\u0173 gegu\u017e\u0119 pasiprie\u0161inimo eisenoje Laisv\u0117s al\u0117joje, tur\u0117tus d\u017einsus ir manau, kad po R. Kalantos susideginimo kilusius protestus pagr\u012fstai gal\u0117tume vadinti \u201ed\u017einsine revoliucija\u201c. D\u017einsai tuo metu simbolizavo jaunimo alk\u012f vakarieti\u0161kai muzikai, filmams, spaudai ir viskam, kas atkeliaudavo i\u0161 anapus gele\u017ein\u0117s u\u017edangos\u201c, \u2013 sako LNOBT generalinis direktorius Jonas Sakalauskas.<\/p>\n\n\n\n<p><br>Vokie\u010di\u0173 re\u017eisieriaus G\u00fcnterio Kr\u00e4merio sukurtas politini\u0173 aliuzij\u0173 neslepiantis Giuseppes Verdi operos \u201eDon Karlas\u201c pastatymas, peln\u0119s net tris \u201eAuksinius scenos kry\u017eius\u201c, idealiai tiko tokiam vakarui. Publika scenoje gird\u0117jo tenor\u0105 i\u0161 JAV Gaston\u0105 Rivero, mecosopran\u0105 i\u0161 Italijos Teres\u0105 Romano, sopran\u0105 Viktorij\u0105 Mi\u0161k\u016bnait\u0119, bariton\u0105 Stepon\u0105 Zon\u012f, bosus Tad\u0105 Girinink\u0105 ir Liud\u0105 Mikalausk\u0105.<\/p>\n\n\n\n<p><br>\u201eSpektaklis, kur\u012f Vilniuje prista\u010diau 2016 m., kalba apie Ispanijos invazij\u0105 \u012f Nyderlandus, bet mintis apie Rusijos invazij\u0105 \u012f Ukrain\u0105 tuomet jau tvyrojo ore ir dar\u0117 \u012ftak\u0105 mano k\u016brybinei koncepcijai. Tai ai\u0161kiai parodo publikai, kad \u012fvairios \u201epergali\u0173 kampanijos\u201d, pana\u0161ios \u012f Ispanijos valdovo Pilypo II, niekada nesibaigs ir nuolat pildysis per tokius \u017emones, kaip Hitleris ar Putinas. Deja, 2016 m. mano pateikta istorijos interpretacija tapo prana\u0161i\u0161ka. Tuo metu niekas negal\u0117jo \u012fsivaizduoti \u0161iandienos ko\u0161maro, nors jo \u017eenklai jau egzistavo\u201c, \u2013 teigia re\u017eisierius G. Kr\u00e4meris.<\/p>\n\n\n\n<p><\/p>\n\n\n\n<p class=\"has-text-align-center\"><strong>Renata Baltru\u0161aityt\u0117<\/strong><\/p>\n\n\n\n<p class=\"has-text-align-center\"><strong>Martyno Aleksos nuotr.<\/strong><\/p>\n","protected":false},"excerpt":{"rendered":"<p>Su d\u017einsais \u012f oper\u0105? Taip, bet tik tuomet, kai tam pakvie\u010dia pats teatras! Vakar, Lietuvai minint Pilietinio pasiprie\u0161inimo dien\u0105 ir Romo Kalantos susideginimo 50-\u0105sias metines, Lietuvos nacionalinis operos ir baleto&hellip; <\/p>\n","protected":false},"author":2,"featured_media":2327,"comment_status":"open","ping_status":"open","sticky":false,"template":"","format":"standard","meta":{"footnotes":""},"categories":[5],"tags":[],"_links":{"self":[{"href":"https:\/\/choras.lt\/index.php\/wp-json\/wp\/v2\/posts\/2324"}],"collection":[{"href":"https:\/\/choras.lt\/index.php\/wp-json\/wp\/v2\/posts"}],"about":[{"href":"https:\/\/choras.lt\/index.php\/wp-json\/wp\/v2\/types\/post"}],"author":[{"embeddable":true,"href":"https:\/\/choras.lt\/index.php\/wp-json\/wp\/v2\/users\/2"}],"replies":[{"embeddable":true,"href":"https:\/\/choras.lt\/index.php\/wp-json\/wp\/v2\/comments?post=2324"}],"version-history":[{"count":3,"href":"https:\/\/choras.lt\/index.php\/wp-json\/wp\/v2\/posts\/2324\/revisions"}],"predecessor-version":[{"id":2328,"href":"https:\/\/choras.lt\/index.php\/wp-json\/wp\/v2\/posts\/2324\/revisions\/2328"}],"wp:featuredmedia":[{"embeddable":true,"href":"https:\/\/choras.lt\/index.php\/wp-json\/wp\/v2\/media\/2327"}],"wp:attachment":[{"href":"https:\/\/choras.lt\/index.php\/wp-json\/wp\/v2\/media?parent=2324"}],"wp:term":[{"taxonomy":"category","embeddable":true,"href":"https:\/\/choras.lt\/index.php\/wp-json\/wp\/v2\/categories?post=2324"},{"taxonomy":"post_tag","embeddable":true,"href":"https:\/\/choras.lt\/index.php\/wp-json\/wp\/v2\/tags?post=2324"}],"curies":[{"name":"wp","href":"https:\/\/api.w.org\/{rel}","templated":true}]}}