{"id":2339,"date":"2022-05-19T10:35:36","date_gmt":"2022-05-19T10:35:36","guid":{"rendered":"https:\/\/choras.lt\/?p=2339"},"modified":"2022-05-19T10:35:38","modified_gmt":"2022-05-19T10:35:38","slug":"vaikai-koncerte-muzika-kviete-pavasari","status":"publish","type":"post","link":"https:\/\/choras.lt\/index.php\/2022\/05\/19\/vaikai-koncerte-muzika-kviete-pavasari\/","title":{"rendered":"VAIKAI KONCERTE MUZIKA KVIET\u0116 PAVASAR\u012e"},"content":{"rendered":"\n<p>Tre\u010diadienio vakar\u0105, gegu\u017e\u0117s 18\u00a0d., \u0160iauli\u0173 kult\u016bros centre vyko koncertas \u201eMa\u017ea kelion\u0117 per didel\u012f pavasar\u012f\u201c, kurio metu buvo galima i\u0161girsti ir pamatyti jaun\u0173j\u0173 \u0160iauli\u0173 miesto atlik\u0117j\u0173 dain\u0173 ir \u0161oki\u0173 pasirodymus. <\/p>\n\n\n\n<p>\u0160iauli\u0173 kult\u016bros centro vokalo studija \u201eRokoko\u201c (meno vad. Rasa Kauneckait\u0117) vis\u0105 koncertin\u0119 program\u0105 paskyr\u0117 kelionei per pavasar\u012f, tad renginio metu atliekami muzikiniai k\u016briniai primin\u0117 pa\u010dias nuostabiausias gamtos ir \u017emogaus bendryst\u0117s akimirkas.<br><br>\u0160iauli\u0173 kult\u016bros centro vokalo studija \u201eRokoko\u201c (meno vad. Rasa Kauncekait\u0117) veikia jau daugiau nei trisde\u0161imt met\u0173, tad per savo gyvavimo metus i\u0161ugd\u0117 ir did\u017eiajai scenai paruo\u0161\u0117 daugyb\u0119 vaik\u0173. Studija atvira visiems \u0160iauli\u0173 miesto ir rajono vaikams, o muzikin\u012f keli\u0105 \u010dia pradeda tiek patys ma\u017eiausi, ikimokyklinio am\u017eiaus vaikai, tiek savo muzikin\u012f skon\u012f jau atrad\u0119 paaugliai.<\/p>\n\n\n\n<p><br>Pavasariniame koncerte \u201eMa\u017ea kelion\u0117 per didel\u012f pavasar\u012f\u201c \u017ei\u016brovai gal\u0117jo i\u0161vysti ir i\u0161girsti pa\u010dius gra\u017eiausius bei stipriausius \u0160iauli\u0173 kult\u016bros centro vokalo studijos \u201eRokoko\u201c paruo\u0161tus pasirodymus. Tradiciniame renginyje dalyvavo ir vokalo studijos draugai \u2013 \u0160iauli\u0173 kult\u016bros centro choreografijos studija \u201eAu\u0161rel\u0117\u201c (meno vad. M.\u00a0Kosaitis, meno vad. asist. V.\u00a0Adom\u0117nait\u0117- Butnorien\u0117), atlik\u0117jos Gerda Rum\u0161ien\u0117 ir Ugn\u0117 Jankauskyt\u0117. <\/p>\n\n\n\n<p>Finaline koncerto daina tapo \u2013 \u201eKreg\u017edut\u0117s\u201c, kuri bendram k\u016brinio atlikimui sukviet\u0117 visus koncerte pasirod\u017eiusius dalyvius.<\/p>\n\n\n\n<p class=\"has-text-align-center\"><br><strong>Au\u0161ra Brij\u016bnien\u0117<\/strong><\/p>\n","protected":false},"excerpt":{"rendered":"<p>Tre\u010diadienio vakar\u0105, gegu\u017e\u0117s 18\u00a0d., \u0160iauli\u0173 kult\u016bros centre vyko koncertas \u201eMa\u017ea kelion\u0117 per didel\u012f pavasar\u012f\u201c, kurio metu buvo galima i\u0161girsti ir pamatyti jaun\u0173j\u0173 \u0160iauli\u0173 miesto atlik\u0117j\u0173 dain\u0173 ir \u0161oki\u0173 pasirodymus. \u0160iauli\u0173&hellip; <\/p>\n","protected":false},"author":2,"featured_media":2341,"comment_status":"open","ping_status":"open","sticky":false,"template":"","format":"standard","meta":{"footnotes":""},"categories":[5],"tags":[],"_links":{"self":[{"href":"https:\/\/choras.lt\/index.php\/wp-json\/wp\/v2\/posts\/2339"}],"collection":[{"href":"https:\/\/choras.lt\/index.php\/wp-json\/wp\/v2\/posts"}],"about":[{"href":"https:\/\/choras.lt\/index.php\/wp-json\/wp\/v2\/types\/post"}],"author":[{"embeddable":true,"href":"https:\/\/choras.lt\/index.php\/wp-json\/wp\/v2\/users\/2"}],"replies":[{"embeddable":true,"href":"https:\/\/choras.lt\/index.php\/wp-json\/wp\/v2\/comments?post=2339"}],"version-history":[{"count":1,"href":"https:\/\/choras.lt\/index.php\/wp-json\/wp\/v2\/posts\/2339\/revisions"}],"predecessor-version":[{"id":2340,"href":"https:\/\/choras.lt\/index.php\/wp-json\/wp\/v2\/posts\/2339\/revisions\/2340"}],"wp:featuredmedia":[{"embeddable":true,"href":"https:\/\/choras.lt\/index.php\/wp-json\/wp\/v2\/media\/2341"}],"wp:attachment":[{"href":"https:\/\/choras.lt\/index.php\/wp-json\/wp\/v2\/media?parent=2339"}],"wp:term":[{"taxonomy":"category","embeddable":true,"href":"https:\/\/choras.lt\/index.php\/wp-json\/wp\/v2\/categories?post=2339"},{"taxonomy":"post_tag","embeddable":true,"href":"https:\/\/choras.lt\/index.php\/wp-json\/wp\/v2\/tags?post=2339"}],"curies":[{"name":"wp","href":"https:\/\/api.w.org\/{rel}","templated":true}]}}