{"id":2354,"date":"2022-05-23T09:17:52","date_gmt":"2022-05-23T09:17:52","guid":{"rendered":"https:\/\/choras.lt\/?p=2354"},"modified":"2022-05-23T09:17:54","modified_gmt":"2022-05-23T09:17:54","slug":"birzelio-menesi-ukrainos-vaiku-choru-koncertai-vilniuje-ir-kaune","status":"publish","type":"post","link":"https:\/\/choras.lt\/index.php\/2022\/05\/23\/birzelio-menesi-ukrainos-vaiku-choru-koncertai-vilniuje-ir-kaune\/","title":{"rendered":"BIR\u017dELIO M\u0116NES\u012e UKRAINOS VAIK\u0172 CHOR\u0172 KONCERTAI VILNIUJE IR KAUNE"},"content":{"rendered":"\n<p><br>Bir\u017eelio 9-12 dienomis \u012fvyksiantis \u201eKaunas Cantat-Kaunas Sings\u201c festivalis ruo\u0161ia \u012fdomi\u0105 program\u0105 festivalio lankytojams bei laukia gausaus b\u016brio dalyvi\u0173 i\u0161 \u012fvairi\u0173 Europos valstybi\u0173. Ypating\u0173 sve\u010di\u0173 tikim\u0117s sulaukti ir i\u0161 Ukrainos.\u00a0<\/p>\n\n\n\n<p><br>Visas pasaulis gyvena siaubing\u0173 karini\u0173 veiksm\u0173 draskomos Ukrainos akivaizdoje. Suprantame, kokia svarbi yra solidarizacija ir visokeriopa pagalba valstybei, atsid\u016brusiai tokioje skaud\u017eioje situacijoje. Ukraina \u2013 tai tauta, turinti unikalios kult\u016bros ir meno tradicijas, o ukrainie\u010diai \u2013 tai \u017emon\u0117s, kurie, ypatingai esant \u0161ioms sunkioms aplinkyb\u0117ms, stengiasi parodyti, kad j\u0173 kult\u016bra yra kaip niekada gyva ir pasi\u017eyminti savitu gro\u017eiu.<\/p>\n\n\n\n<p><br>Jubiliejiniame festivalyje laukiame dviej\u0173 kolektyv\u0173, kurie atvyks i\u0161 Ukrainos \u2013 tai berniuk\u0173 choras \u201eDzvinochok\u201c ir mergin\u0173 choras \u201eVognyk\u201c. <\/p>\n\n\n\n<p>\u201eDzvinochok\u201c berniuk\u0173 choras \u2013 tai unikalus kolektyvas, atgaivin\u0119s ukrainieti\u0161k\u0105 berniuk\u0173 chorinio dainavimo tradicij\u0105, kuri buvo beveik prarasta sovietme\u010diu. \u0160iandien \u201eDzvinochok\u201c \u2013 tai choro mokykla, jungianti 150 daininink\u0173 nuo 5-i\u0173 iki 45-i\u0173 met\u0173 am\u017eiaus.<\/p>\n\n\n\n<p><br>Antrasis choras \u201eVognyk\u201c taip pat aktyviai puosel\u0117ja Ukrainos \u0161iuolaikin\u0119 chorin\u0119 muzik\u0105 bei pristato j\u0105 u\u017e savo \u0161alies rib\u0173 \u012fvairiuose Europos miestuose. Bir\u017eelio m\u0117nes\u012f \u0161is choras, kartu su \u201eDzvinochok\u201c, nori pasidalinti dalele Ukrainos kult\u016bros ir su Kauno miesto gyventojais.<\/p>\n\n\n\n<p><br>\u0160ie kolektyvai net sud\u0117tingomis karo s\u0105lygomis repetuoja ir ruo\u0161iasi koncertams Lietuvoje bir\u017eelio m\u0117nes\u012f. Kartu norime parodyti, kad\u00a0 m\u016bs\u0173 kaimyn\u0117s Ukrainos kult\u016bra yra itin laukiama Europos kult\u016bros sostin\u0117je \u2013 Kaune.<\/p>\n\n\n\n<p><br>Bendradarbiaudami su ansambliu i\u0161 Vokietijos &#8220;Singer Pur&#8221;, Muzikos mokykla &#8220;Ugnel\u0117&#8221; ir choras &#8220;\u0104\u017euoliukas&#8221; stengiam\u0117s, kad \u0161ie chorai gal\u0117t\u0173 atvykti \u012f Lietuv\u0105, gaut\u0173 visas s\u0105lygas \u010dia koncertuoti ir supa\u017eindint\u0173 mus su turtinga ukrainie\u010di\u0173 chorine muzika. Ukrainos chorus gal\u0117site i\u0161girsti:<\/p>\n\n\n\n<p><br><strong>Vilniuje<\/strong> <\/p>\n\n\n\n<ul><li>bir\u017eelio 6 d. 18.30 val. Katedros aik\u0161t\u0117je, <\/li><\/ul>\n\n\n\n<ul><li>bir\u017eelio 7 d. Vilniaus rotu\u0161\u0117je 19 val. kartu su vaik\u0173 choru \u201cUgnel\u0117\u201d.<br><strong>Kaune<\/strong><\/li><li> bir\u017eelio 10 d. 20.30 val. Kaunas2022 Vasaros Scenoje, <\/li><li>bir\u017eelio 11 d. 20 val. Kauno \u0160v. Jurgio (pranci\u0161kon\u0173) ba\u017eny\u010dioje<\/li><li> bir\u017eelio 12 d. 19.30 \u0160v. Arkangelo Mykolo ba\u017eny\u010dioje (Sobore).                                                                         <\/li><li><br>Nor\u0117dami suteikti kuo didesn\u0119 pagalb\u0105 atvykstantiems kolektyvams, pra\u0161ome finansi\u0161kai paremti chorist\u0173 apgyvendinimo ir j\u0173 kelion\u0117s i\u0161laidoms \u012f Lietuv\u0105.<br><strong>REKVIZITAI:\u00a0<\/strong><br>V\u0161\u012e Lituania Cantat\u00a0<br>\u012emon\u0117s kodas: 304630939\u00a0<br>Banko s\u0105skaita: LT75 7300 0101 5308 6240\u00a0<br>Paskirtis: parama Ukrainos chorams<\/li><\/ul>\n","protected":false},"excerpt":{"rendered":"<p>Bir\u017eelio 9-12 dienomis \u012fvyksiantis \u201eKaunas Cantat-Kaunas Sings\u201c festivalis ruo\u0161ia \u012fdomi\u0105 program\u0105 festivalio lankytojams bei laukia gausaus b\u016brio dalyvi\u0173 i\u0161 \u012fvairi\u0173 Europos valstybi\u0173. Ypating\u0173 sve\u010di\u0173 tikim\u0117s sulaukti ir i\u0161 Ukrainos.\u00a0 Visas&hellip; <\/p>\n","protected":false},"author":2,"featured_media":2357,"comment_status":"open","ping_status":"open","sticky":false,"template":"","format":"standard","meta":{"footnotes":""},"categories":[2],"tags":[],"_links":{"self":[{"href":"https:\/\/choras.lt\/index.php\/wp-json\/wp\/v2\/posts\/2354"}],"collection":[{"href":"https:\/\/choras.lt\/index.php\/wp-json\/wp\/v2\/posts"}],"about":[{"href":"https:\/\/choras.lt\/index.php\/wp-json\/wp\/v2\/types\/post"}],"author":[{"embeddable":true,"href":"https:\/\/choras.lt\/index.php\/wp-json\/wp\/v2\/users\/2"}],"replies":[{"embeddable":true,"href":"https:\/\/choras.lt\/index.php\/wp-json\/wp\/v2\/comments?post=2354"}],"version-history":[{"count":3,"href":"https:\/\/choras.lt\/index.php\/wp-json\/wp\/v2\/posts\/2354\/revisions"}],"predecessor-version":[{"id":2358,"href":"https:\/\/choras.lt\/index.php\/wp-json\/wp\/v2\/posts\/2354\/revisions\/2358"}],"wp:featuredmedia":[{"embeddable":true,"href":"https:\/\/choras.lt\/index.php\/wp-json\/wp\/v2\/media\/2357"}],"wp:attachment":[{"href":"https:\/\/choras.lt\/index.php\/wp-json\/wp\/v2\/media?parent=2354"}],"wp:term":[{"taxonomy":"category","embeddable":true,"href":"https:\/\/choras.lt\/index.php\/wp-json\/wp\/v2\/categories?post=2354"},{"taxonomy":"post_tag","embeddable":true,"href":"https:\/\/choras.lt\/index.php\/wp-json\/wp\/v2\/tags?post=2354"}],"curies":[{"name":"wp","href":"https:\/\/api.w.org\/{rel}","templated":true}]}}