{"id":2359,"date":"2022-05-23T09:29:21","date_gmt":"2022-05-23T09:29:21","guid":{"rendered":"https:\/\/choras.lt\/?p=2359"},"modified":"2022-05-23T09:29:24","modified_gmt":"2022-05-23T09:29:24","slug":"siauliu-krasto-dainu-ir-sokiu-svente-augins-skambanti-gyvybes-medi","status":"publish","type":"post","link":"https:\/\/choras.lt\/index.php\/2022\/05\/23\/siauliu-krasto-dainu-ir-sokiu-svente-augins-skambanti-gyvybes-medi\/","title":{"rendered":"\u0160iauli\u0173 kra\u0161to dain\u0173 ir \u0161oki\u0173 \u0161vent\u0117 augins \u201eSkambant\u012f gyvyb\u0117s med\u012f\u201c"},"content":{"rendered":"\n<p><br>Paskutin\u012f gegu\u017e\u0117s savaitgal\u012f Kur\u0161\u0117nuose, Daug\u0117li\u0173 pu\u0161yno estradoje, vyks dain\u0173 ir \u0161oki\u0173 \u0161vent\u0117 \u201eSkambantis gyvyb\u0117s medis\u201c, kurioje dalyvaus gausus b\u016brys m\u0117g\u0117j\u0173 meno kolektyv\u0173, atlik\u0117j\u0173 i\u0161 \u0160iauli\u0173 regiono bei visos Lietuvos.<\/p>\n\n\n\n<p><br>\u201eM\u016bs\u0173 \u0161vent\u0117 \u2013 tai kvietimas \u012f 2024 m. \u0161imtmet\u012f minin\u010di\u0105 Lietuvos dain\u0173 \u0161vent\u0119 \u201eKad giria \u017ealiuot\u0173\u201c. Toje girioje t\u016bkstan\u010dius met\u0173 auga ir Gyvyb\u0117s medis \u2013 pasaulio stulpas, simbolin\u0117 a\u0161is, jungianti dang\u0173 ir \u017eem\u0119, praeit\u012f ir ateit\u012f, lietuvio pasaul\u0117jaut\u0105 ir pasaul\u0117vok\u0105. Mes \u2013 dain\u0173 ir \u0161oki\u0173 \u0161vent\u0117s organizatoriai ir puosel\u0117tojai \u2013 \u017einome ir liudijame: \u201eKad giria \u017ealiuot\u0173\u201c, turi augti, klest\u0117ti dainomis, \u0161okiais, melodijomis, k\u016brybi\u0161kumu, tik\u0117jimu, tvarumu ir bi\u010diulyste \u201eSkambantis gyvyb\u0117s medis\u201c, \u2013 sako \u0160iauli\u0173 r. savivaldyb\u0117s kult\u016bros centro direktor\u0117 Jovita Lubien\u0117.<\/p>\n\n\n\n<p><br>\u0160iauli\u0173 regiono dain\u0173 ir \u0161oki\u0173 \u0161vent\u0117 prasid\u0117s gegu\u017e\u0117s 27 d. 19 val. i\u0161kilmingu atidarymo vakaru \u0160iauli\u0173 r. savivaldyb\u0117s kult\u016bros centro Did\u017eiojoje sal\u0117je. Koncertuos Lietuvos kult\u016bros centr\u0173 vadov\u0173 choras, vadovaujamas Lietuvos nacionalinio kult\u016bros centro ir Dain\u0173 \u0161ven\u010di\u0173 direktoriaus Sauliaus Liausos.<\/p>\n\n\n\n<p><br>Gegu\u017e\u0117s 28 d. 20 val. Daug\u0117li\u0173 pu\u0161yn\u0105 u\u017elies dain\u0173 skambesys \u2013 beveik 3 t\u016bkst. atlik\u0117j\u0173 \u017ei\u016brovus pakvies \u012f \u012fsp\u016bding\u0105 keturi\u0173 valand\u0173 trukm\u0117s regin\u012f, atliepiant\u012f dainos, \u0161okio, muzikos derm\u0119. Ypating\u0105 nuotaik\u0105 kurs re\u017eis\u016briniai, garsiniai bei vaizdiniai sprendimai, kuriuos \u012fgyvendino \u0161vent\u0117s re\u017eisier\u0117, baletmeister\u0117 Leokadija Dabu\u017einskait\u0117 ir scenografas Marius Puskunigis. Renginio kulminacija taps vis\u0173 \u0161vent\u0117s dalyvi\u0173 atliekamas muzikinis k\u016brinys \u201eLietuva\u201c (muzika ir \u017eod\u017eiai Kipro Ma\u0161anausko).<\/p>\n\n\n\n<p><br>Programoje dalyvaus liaudi\u0161k\u0173 ir \u0161iuolaikini\u0173 \u0161oki\u0173 grup\u0117s, chorai, folkloro ansambliai, kapelos, dain\u0173 ir \u0161oki\u0173 ansambliai, Lietuvos kariuomen\u0117s orkestras, grup\u0117 \u201eVairas\u201c, atlik\u0117ja Laura Remeikien\u0117, dain\u0173 ir \u0161oki\u0173 ansamblio \u201eLietuva\u201c solist\u0117 Aist\u0117 Benkauskait\u0117, valstybinis choras \u201eVilnius\u201c.<\/p>\n\n\n\n<p><br>\u201eDain\u0173 ir \u0161oki\u0173 \u0161vent\u0117s \u2013 tai i\u0161skirtin\u0119 tradicij\u0105 kuriantis, puosel\u0117jantis ir perduodantis procesas bei nuolatinis kult\u016brinis vyksmas, \u012fsp\u016bdingiausias, spalvingiausias, vertingiausias kas ketverius metus pra\u017eystantis \u017eiedas, auginamas ir puosel\u0117jamas diena i\u0161 dienos, repeticija po repeticijos, vietos \u0161vent\u0117 po \u0161vent\u0117s kiekviename Lietuvos kaime ir mieste, da\u017enoje \u0161eimoje ir bendruomen\u0117je, kiekvienoje kult\u016bros ir \u0161vietimo \u012fstaigoje. B\u016btent regionin\u0117s dain\u0173 ir \u0161oki\u0173 \u0161vent\u0117s padeda prisiliesti prie \u0161ios tradicijos, pajusti jos vert\u0119 ir prasm\u0119\u201c, \u2013 regionini\u0173 dain\u0173 \u0161ven\u010di\u0173 svarb\u0105 pabr\u0117\u017e\u0117 J. Lubien\u0117.<\/p>\n\n\n\n<p class=\"has-text-align-left\"><br>\u0160iauli\u0173 regiono dain\u0173 ir \u0161oki\u0173 \u0161vent\u0119 \u201eSkambantis gyvyb\u0117s medis\u201c rengia \u0160iauli\u0173 rajono savivaldyb\u0117 kartu su Lietuvos nacionaliniu kult\u016bros centru bei Akmen\u0117s, Joni\u0161kio, Kelm\u0117s, Pakruojo, Radvili\u0161kio rajon\u0173 ir \u0160iauli\u0173 miesto savivaldyb\u0117mis.<\/p>\n\n\n\n<p class=\"has-text-align-center\"><br><br><strong>\u0160iauli\u0173 r. savivaldyb\u0117s kult\u016bros centro direktor\u0117 Jovita Lubien\u0117<\/strong><\/p>\n","protected":false},"excerpt":{"rendered":"<p>Paskutin\u012f gegu\u017e\u0117s savaitgal\u012f Kur\u0161\u0117nuose, Daug\u0117li\u0173 pu\u0161yno estradoje, vyks dain\u0173 ir \u0161oki\u0173 \u0161vent\u0117 \u201eSkambantis gyvyb\u0117s medis\u201c, kurioje dalyvaus gausus b\u016brys m\u0117g\u0117j\u0173 meno kolektyv\u0173, atlik\u0117j\u0173 i\u0161 \u0160iauli\u0173 regiono bei visos Lietuvos. \u201eM\u016bs\u0173&hellip; <\/p>\n","protected":false},"author":2,"featured_media":2360,"comment_status":"open","ping_status":"open","sticky":false,"template":"","format":"standard","meta":{"footnotes":""},"categories":[2],"tags":[],"_links":{"self":[{"href":"https:\/\/choras.lt\/index.php\/wp-json\/wp\/v2\/posts\/2359"}],"collection":[{"href":"https:\/\/choras.lt\/index.php\/wp-json\/wp\/v2\/posts"}],"about":[{"href":"https:\/\/choras.lt\/index.php\/wp-json\/wp\/v2\/types\/post"}],"author":[{"embeddable":true,"href":"https:\/\/choras.lt\/index.php\/wp-json\/wp\/v2\/users\/2"}],"replies":[{"embeddable":true,"href":"https:\/\/choras.lt\/index.php\/wp-json\/wp\/v2\/comments?post=2359"}],"version-history":[{"count":1,"href":"https:\/\/choras.lt\/index.php\/wp-json\/wp\/v2\/posts\/2359\/revisions"}],"predecessor-version":[{"id":2361,"href":"https:\/\/choras.lt\/index.php\/wp-json\/wp\/v2\/posts\/2359\/revisions\/2361"}],"wp:featuredmedia":[{"embeddable":true,"href":"https:\/\/choras.lt\/index.php\/wp-json\/wp\/v2\/media\/2360"}],"wp:attachment":[{"href":"https:\/\/choras.lt\/index.php\/wp-json\/wp\/v2\/media?parent=2359"}],"wp:term":[{"taxonomy":"category","embeddable":true,"href":"https:\/\/choras.lt\/index.php\/wp-json\/wp\/v2\/categories?post=2359"},{"taxonomy":"post_tag","embeddable":true,"href":"https:\/\/choras.lt\/index.php\/wp-json\/wp\/v2\/tags?post=2359"}],"curies":[{"name":"wp","href":"https:\/\/api.w.org\/{rel}","templated":true}]}}