{"id":2362,"date":"2022-05-24T08:58:58","date_gmt":"2022-05-24T08:58:58","guid":{"rendered":"https:\/\/choras.lt\/?p=2362"},"modified":"2022-05-24T08:59:00","modified_gmt":"2022-05-24T08:59:00","slug":"siuolaikines-operos-festivalis-roterdame-isgirsti-tai-kas-dar-nematyta","status":"publish","type":"post","link":"https:\/\/choras.lt\/index.php\/2022\/05\/24\/siuolaikines-operos-festivalis-roterdame-isgirsti-tai-kas-dar-nematyta\/","title":{"rendered":"\u0160iuolaikin\u0117s operos festivalis Roterdame: i\u0161girsti tai, kas dar nematyta"},"content":{"rendered":"\n<p><br>\u0160iuo metu prodiuserin\u0117s kompanijos \u201eOperomanija\u201c vadov\u0117 Ana Ablamonova vie\u0161i Roterdame (Nyderlandai) rengiamame \u0161iuolaikinio muzikos teatro, naujosios operos festivalyje \u201eO.\u201c (iki 2021-\u0173j\u0173 vadinosi \u201eOperadagen Rotterdam\u201c) bei b\u016bdama tarptautinio tinklo \u201eMusic Theatre NOW\u201c tarybos nar\u0117 dalyvauja ten pat vykstan\u010diuose 5-tosios to paties pavadinimo konkurso laidos renginiuose ir laureat\u0173 apdovanojimuose. \u0160iemet, po pandemijos \u201epavogt\u0173\u201c dviej\u0173 festivali\u0173, \u201eOperadagen Rotterdam\u201c pasitiko \u0161\u016bkiu: \u201eI\u0161girsk tai, ko niekada neteko matyti\u201c.<\/p>\n\n\n\n<p><br>\u201eFestivalyje lankausi jau bema\u017e de\u0161imtmet\u012f. Tai renginys, kuriame galima pamatyti did\u017eiausi\u0105 \u0161iuolaikinio muzikos teatro darb\u0173 koncentrat\u0105, sutikti \u0161ia meno kryptimi besidomin\u010dius k\u016br\u0117jus, prodiuserius, festivali\u0173 kuratorius. Be to, pastaraisiais metais tarptautinis \u0161iuolaikiniam muzikos teatrui, naujajai operai skirtas konkursas \u201eMusic Theatre NOW\u201c, kuriame prie\u0161 de\u0161imt met\u0173 nugal\u0117jo opera \u201eGeros dienos!\u201c, vyksta po \u0161io festivalio \u201estogu\u201c. \u0160\u012fkart susitikimai skirti aptarti 5-ajai konkurso laidai, paskelbti laureatus ir parengti kito konkurso kvietim\u0105, kuris startuos jau 2023-aisiais.<\/p>\n\n\n\n<p> \u201eMusic Theatre NOW\u201c tikslas \u2013 atrasti naujus, \u012fdomius \u0161iuolaikin\u0117s operos darbus, k\u016brybines komandas, autorius, suteikti jiems \u201ebals\u0105\u201c, galimyb\u0119 prisistatyti tarptautinei auditorijai, \u012f\u017evelgti ir apibendrinti \u0161ios meno krypties vystymosi tendencijas. Siekiame atrasti tai, kuo prie\u0161 de\u0161imtmet\u012f buvo \u201eGeros dienos!\u201c atvejis. Operai \u201eGeros dienos!\u201c dalyvavimas ir laim\u0117jimas \u0161iame konkurse tapo lemtingas, atv\u0117r\u0117 tarptautinius vandenis\u201c, \u2013 pasakojo A. Ablamonova. <\/p>\n\n\n\n<p>Tarp \u0161i\u0173metini\u0173 konkurso \u201eMusic Theatre NOW\u201c laureat\u0173 \u2013 darbai i\u0161 Ukrainos, Vengrijos, Nyderland\u0173, Kroatijos, Piet\u0173 Afrikos Respublikos ir Australijos. Vieni j\u0173 \u2013 tai nauji vardai \u0161iuolaikinio muzikos teatro, naujosios operos rinkoje, kiti \u2013 gerai pa\u017e\u012fstami \u0161iuolaikinio meno lauko atstovai, pavyzd\u017eiui, dramaturgas, re\u017eisierius ir atlik\u0117jas i\u0161 PAR Brettas Bailey\u2018is. Pasak \u201eOperomanijos\u201c prodiuser\u0117s, \u0161alia pagrindini\u0173 tiksl\u0173 ir pareig\u0173, dalyvaujant festivalyje \u201eOperadagen Rotterdam\u201c ir tinklo \u201eMusic Theatre NOW\u201c veikloje, visada esti ir \u017evalgybiniai u\u017edaviniai ie\u0161kant nauj\u0173 id\u0117j\u0173, \u012fdomi\u0173 k\u016br\u0117j\u0173, bendradarbiavimo galimybi\u0173, sklaidos pl\u0117tros siekiant pristatyti organizacijos prodiusuojamus k\u016brinius tarptautin\u0117je rinkoje, prane\u0161ti apie naujai pl\u0117tojamus projektus.<\/p>\n\n\n\n<p><br>\u201e\u0160\u012fkart ne tik pamatysiu bent keliolika \u0161iuolaikinio muzikos teatro darb\u0173, bet ir galiu paskleisti \u017eini\u0105 apie 2022 met\u0173 spal\u012f vyksiant\u012f 8-\u0105j\u012f NOA festival\u012f ir pakviesti \u012f j\u012f potencialius interesantus\u201c, \u2013 sako A. Ablamonova. \u0160iemet festivalis \u201eO.\u201c (\u201eOperadagen Rotterdam\u201c) vyksta gegu\u017e\u0117s 20\u201329 dienomis. Per de\u0161imt festivalio dien\u0173 \u012fvairiose Roterdamo erdv\u0117se \u012fvyks daugiau kaip \u0161imtas \u0161iuolaikinio muzikos teatro rengini\u0173, savitai jungian\u010di\u0173 muzikinio atlikimo, dramin\u0117s vaidybos, \u0161okio pasirodym\u0173, performanso, klasikin\u0117s operos, koncerto, gatv\u0117s teatro, improvizuot\u0173 akcij\u0173-atrakcij\u0173 formas. <\/p>\n\n\n\n<p>Festivalyje \u201eOperadagen Rotterdam\u201c \u0161iuolaikinio muzikos teatro, naujosios operos \u017eanras i\u0161siskleid\u017eia tematikos ir i\u0161rai\u0161kos priemoni\u0173 \u012fvairove, netik\u0117tomis epoch\u0173, stili\u0173 ir \u017eanr\u0173 konvergencijomis. Pavyzd\u017eiui, \u0161i\u0173met\u0117je programoje pristatomi darbai apima kasdien vykstan\u010di\u0105 minioper\u0105 gele\u017einkelio stotyje, paremt\u0105 keliautoj\u0173 istorijomis; muzikin\u012f vyksm\u0105 m\u0117sin\u0117je; postmoderni\u0105 queer videooper\u0105, paremt\u0105 Claudio Monteverdi \u201eOrf\u0117ju\u201c; postapokaliptin\u012f magnum opus i\u0161 folkloro, fizinio teatro ir virtualaus meno; taip pat judesio pasakojim\u0105, kupin\u0105 moteri\u0161kos j\u0117gos, savit\u0173 atlik\u0117j\u0173 ir Puccini emocij\u0173\u2026 be to, dar ir dokumentin\u0119 oper\u0105 apie vien\u0105 i\u0161 Roterdamo priemies\u010di\u0173 bei tarptautiniu muzikos teatro hitu \u012fvardyt\u0105 lietuvi\u0173 k\u016br\u0117j\u0173 Vaivos Grainyt\u0117s, Linos Lapelyt\u0117s ir Rugil\u0117s Barzd\u017eiukait\u0117s oper\u0105-performans\u0105 \u201eSaul\u0117 ir j\u016bra\u201c. \u0160iemet programoje savo darbus pristato k\u016br\u0117jai i\u0161 Nyderland\u0173, Did\u017eiosios Britanijos, Italijos, Belgijos, Graikijos, Ukrainos, Lietuvos, Vengrijos, Japonijos ir kt.<\/p>\n\n\n\n<p>2001-aisiais \u012fkurtas kasmetinis festivalis \u201eOperadagen Rotterdam\u201c pirmiausia siek\u0117 eksperimentuoti \u0161iuolaikinio muzikos teatro lauke ir pristatyti operos produkcij\u0105 mieste, kuris neturi operos teatro. Festivalyje dalyvauja ir valstybini\u0173 teatr\u0173 k\u016br\u0117jai ar trup\u0117s, ir nepriklausomos k\u016brybin\u0117s grup\u0117s bei atskir\u0173 meninink\u0173 iniciatyvos. Per du de\u0161imtme\u010dius festivalio organizatoriams pavyko pritraukti publik\u0105 programoje si\u016blant labai skirtingo masto ir stiliaus k\u016brinius, tiesiogine prasme i\u0161vesti oper\u0105 \u012f gatves, bei suburti tarptautin\u0119 \u0161iuolaikinio muzikos teatro bendruomen\u0119 i\u0161 kasmet \u012f festival\u012f atvykstan\u010di\u0173 k\u016br\u0117j\u0173, prodiuseri\u0173, meno kritik\u0173.<\/p>\n\n\n\n<p><br>Prie\u0161 penkerius metus (2017) \u201eOperomanija\u201c festivalyje pristat\u0117 du savo repertuare turimus k\u016brinius \u2013 oper\u0105 \u201eGeros dienos!\u201c ir erdvin\u0119 oper\u0105 tamsoje \u201eConfessions\u201c. \u201eOperomanijos\u201c vadov\u0117 A. Ablamonova prisimena: \u201ePublika abu darbus sutiko pozityviai, kiekvienas j\u0173 buvo parodytas po kelet\u0105 kart\u0173. Po \u0161i\u0173 rodym\u0173 sulauk\u0117me pasi\u016blym\u0173 dalyvauti kituose festivaliuose \u2013 tai yra svarbi toki\u0173 festivali\u0173 teikiama galimyb\u0117. Daug \u201ereikaling\u0173\u201c \u017emoni\u0173 pamato pristatomus k\u016brinius \u2013 i\u0161auga tikimyb\u0117 sulaukti kvietim\u0173 juos pristatyti kitose u\u017esienio scenose\u201c.<\/p>\n\n\n\n<p class=\"has-text-align-center\"><br><strong>\u201eOperomanijos\u201c inf.<\/strong><\/p>\n","protected":false},"excerpt":{"rendered":"<p>\u0160iuo metu prodiuserin\u0117s kompanijos \u201eOperomanija\u201c vadov\u0117 Ana Ablamonova vie\u0161i Roterdame (Nyderlandai) rengiamame \u0161iuolaikinio muzikos teatro, naujosios operos festivalyje \u201eO.\u201c (iki 2021-\u0173j\u0173 vadinosi \u201eOperadagen Rotterdam\u201c) bei b\u016bdama tarptautinio tinklo \u201eMusic Theatre&hellip; <\/p>\n","protected":false},"author":2,"featured_media":2364,"comment_status":"open","ping_status":"open","sticky":false,"template":"","format":"standard","meta":{"footnotes":""},"categories":[2],"tags":[],"_links":{"self":[{"href":"https:\/\/choras.lt\/index.php\/wp-json\/wp\/v2\/posts\/2362"}],"collection":[{"href":"https:\/\/choras.lt\/index.php\/wp-json\/wp\/v2\/posts"}],"about":[{"href":"https:\/\/choras.lt\/index.php\/wp-json\/wp\/v2\/types\/post"}],"author":[{"embeddable":true,"href":"https:\/\/choras.lt\/index.php\/wp-json\/wp\/v2\/users\/2"}],"replies":[{"embeddable":true,"href":"https:\/\/choras.lt\/index.php\/wp-json\/wp\/v2\/comments?post=2362"}],"version-history":[{"count":1,"href":"https:\/\/choras.lt\/index.php\/wp-json\/wp\/v2\/posts\/2362\/revisions"}],"predecessor-version":[{"id":2363,"href":"https:\/\/choras.lt\/index.php\/wp-json\/wp\/v2\/posts\/2362\/revisions\/2363"}],"wp:featuredmedia":[{"embeddable":true,"href":"https:\/\/choras.lt\/index.php\/wp-json\/wp\/v2\/media\/2364"}],"wp:attachment":[{"href":"https:\/\/choras.lt\/index.php\/wp-json\/wp\/v2\/media?parent=2362"}],"wp:term":[{"taxonomy":"category","embeddable":true,"href":"https:\/\/choras.lt\/index.php\/wp-json\/wp\/v2\/categories?post=2362"},{"taxonomy":"post_tag","embeddable":true,"href":"https:\/\/choras.lt\/index.php\/wp-json\/wp\/v2\/tags?post=2362"}],"curies":[{"name":"wp","href":"https:\/\/api.w.org\/{rel}","templated":true}]}}