{"id":2369,"date":"2022-05-27T09:29:09","date_gmt":"2022-05-27T09:29:09","guid":{"rendered":"https:\/\/choras.lt\/?p=2369"},"modified":"2022-06-01T19:11:54","modified_gmt":"2022-06-01T19:11:54","slug":"choru-festivalis-musu-dainose-isibegeja","status":"publish","type":"post","link":"https:\/\/choras.lt\/index.php\/2022\/05\/27\/choru-festivalis-musu-dainose-isibegeja\/","title":{"rendered":"Chor\u0173 festivalis &#8220;M\u016bs\u0173 dainose&#8221;: 28-t\u0105 &#8211; suaugusi\u0173j\u0173 chor\u0173 konkursas!"},"content":{"rendered":"\n<p>D\u017eiazo pianisto Dainiaus Pulausko ir Vievio kult\u016bros centro (KC) \u012fkurtas chor\u0173 festivalyje &#8220;M\u016bs\u0173 dainose&#8221; gegu\u017e\u0117s 21 dien\u0105 Vievyje skamb\u0117j\u0119 vaik\u0173 chor\u0173 balsai u\u017eleido viet\u0105 sve\u010diams i\u0161 Estijos &#8211; Pernu Mihkel Ludig vyr\u0173 chorui, koncertavusiam Vievio kult\u016bros centre penktadien\u012f, gegu\u017e\u0117s 27 d. <\/p>\n\n\n\n<p>\u0160e\u0161tadien\u012f, 2022 m. gegu\u017e\u0117s 28 d. nuo 10 val., Vievio gimnazijoje vyko suaugusi\u0173j\u0173 chor\u0173 pasaulietin\u0117s muzikos konkursas. Jam u\u017esiregistravo 12 kolektyv\u0173 &#8211; moter\u0173, vyr\u0173, mi\u0161r\u016bs ir senjor\u0173 chorai. <\/p>\n\n\n\n<p>Moter\u0173 chorai: Kai\u0161iadori\u0173 KC \u201eNona\u201c (vadov\u0117 Jurgita Ja\u0161auskien\u0117),  Vilniaus mokytoj\u0173 nam\u0173 \u201eAidas\u201c (vad. Lina Ma\u010diulien\u0117), Ukmerg\u0117s KC \u201e\u017demyna\u201c (vad. Neringa Valinskien\u0117) ir tik prie\u0161 por\u0105 met\u0173 susik\u016br\u0119s Jurbarko KC moter\u0173 choras \u201eSaul\u0117\u201c (vad. Danut\u0117 Lapien\u0117).<\/p>\n\n\n\n<p>Vyr\u0173 choras &#8211; vienas ir vienintelis (ir Lietuvoje tai turb\u016bt nieko nestebina!): Pernu Mihkel Ludig vyr\u0173 choras.  (Mihkel Ludig (1880-1958) &#8211; est\u0173 kompozitorius, vargonininkas ir choro dirigentas. Kaip kompozitorius jis ypa\u010d daug dirbo su a cappella chorin\u0117mis dainomis. L\u00fcdig laikomas vienu pagrindini\u0173 XX am\u017eiaus Estijos didelio masto muzikini\u0173 rengini\u0173 organizatoriumi.) <\/p>\n\n\n\n<p>Mi\u0161ri\u0173 chor\u0173 kategorijoje var\u017e\u0117si 5 chorai: Lietuvos moksl\u0173 akademijos mi\u0161rus choras (vad. Judita Tau\u010dait\u0117),  VDU \u017d\u016aA student\u0173 mi\u0161rus choras \u201eDaina\u201c (vad. Ramun\u0117 Navickien\u0117),  Marijampol\u0117s KC \u201e\u0160e\u0161up\u0117\u201c (vad. Valdas Ma\u010diulskas), L\u017d\u016aM mi\u0161rus choras \u201eDobilas\u201c (vad. Ignas Garla) ir Kretingos KC kamerinis choras \u201eKristale\u201c (vad. Kristina Rimien\u0117).<\/p>\n\n\n\n<p>Pasaulietin\u0117s muzikos konkurs\u0105 u\u017ebaig\u0117 senjorai: Kauno KC mi\u0161rus choras \u201eAiniai\u201c (vad. Giedr\u0117 Visockien\u0117) ir Klaip\u0117dos \u017dvej\u0173 kult\u016bros r\u016bm\u0173 mi\u0161rus senjoro choras \u201eAtminties gaida\u201c (vad. Vytautas Saikauskas).<\/p>\n\n\n\n<p>Pasaulietin\u0117s&nbsp;muzikos konkurse chorai atliko po 3 k\u016brinius (privalomas k\u016brinys \u2013 daina i\u0161 bet kurios buvusios Lietuvos dain\u0173 \u0161vent\u0117s repertuaro).<\/p>\n\n\n\n<p>13.30 val. Vievio \u0160v. Onos ba\u017eny\u010dioje prasid\u0117jo festivalio sakralin\u0117s muzikos konkursas. Jame  dalyvavo 13 chor\u0173:  <\/p>\n\n\n\n<ol><li>Panev\u0117\u017eio bendruomeni\u0173 r\u016bm\u0173 mi\u0161rus choras \u201e\u010ci\u016bto\u201c (vad. Dalia Gaspari\u016bnien\u0117)<\/li><li>Kai\u0161iadori\u0173 KC moter\u0173 choras \u201eNona\u201c (vad. Jurgita Ja\u0161auskien\u0117)<\/li><li>Jurbarko KC moter\u0173 choras \u201eSaul\u0117\u201c (vad. Danut\u0117 Lapien\u0117)<\/li><li>Babt\u0173 kult\u016bros centro moter\u0173 choras \u201eGynia\u201c (vad. Danut\u0117 \u0160akalien\u0117)<\/li><li>Jurbarko kult\u016bros centro moter\u0173 choras \u201eLelija\u201c (vad. Dal\u0117 Jonu\u0161auskien\u0117)<\/li><li>L\u017d\u016aM mi\u0161rus choras \u201eDobilas\u201c (vad. Ignas Garla)<\/li><li>Kretingos KC kamerinis choras \u201eKristale\u201c (vad. Kristina Rimien\u0117)<\/li><li>Kauno raj. Garliavos mi\u0161rus choras \u201eMelodija\u201c (vad. Ramun\u0117 Navickien\u0117)<\/li><li>Radvili\u0161kio KC mi\u0161rus choras (vad. K\u0119stutis Pak\u0161tas)<\/li><li>Kazl\u0173 R\u016bdos savivaldyb\u0117s KC mi\u0161rus choras \u201eViltis\u201c (Salom\u0117ja Vitukynien\u0117)<\/li><li>Marijampol\u0117s KC \u201e\u0160e\u0161up\u0117\u201c (vad. Valdas Ma\u010diulskas)<\/li><li>Var\u0117nos KC mi\u0161rus choras \u201eVarpil\u0117\u201c (vad. Laima Petru\u0161kevi\u010dien\u0117)<\/li><li>Vilniaus \u0160v. Vyskupo Stanislovo ir \u0161v. Vladislovo arkikatedros bazilikos Parapinis choras (vad. Judita Tau\u010dait\u0117)<\/li><\/ol>\n\n\n\n<p>Sakralin\u0117s&nbsp;muzikos konkurse chorai taip pat atliko po 3 k\u016brinius (privalomas k\u016brinys \u2013 Lietuvos autoriaus sakralinis k\u016brinys).<\/p>\n\n\n\n<p>Chor\u0173 pasirodymus vertino LCHS vadov\u0117 Rasa Gelgotien\u0117, &#8220;Ave vita&#8221; meno vadovas Kastytis Barisas, d\u017eiazo pianistas Dainius Pulauskas.<\/p>\n\n\n\n<p>Konkursai skirti \u017eymiai chorvedei Aldonai Pulauskienei atminti. Chorai vertinami vietomis, apdovanoti Pad\u0117kos ra\u0161tais, atminimo suvenyrais. Prizus chorams \u2013 Pasaulietin\u0117s muzikos ir Sakralin\u0117s muzikos konkurs\u0173 laim\u0117tojams \u2013 \u012fsteig\u0117 garsus d\u017eiazo muzikantas ir kompozitorius Dainius Pulauskas.<\/p>\n\n\n\n<p>Festivalio baigiamasis akordas &#8211; jungtinio choro koncertas Vievio miesto aik\u0161t\u0117je. Skamb\u0117jo gra\u017eiausios Dain\u0173 \u0161ven\u010di\u0173 dainos. <\/p>\n\n\n\n<p>Festivalio meno vadov\u0117 &#8211; Audron\u0117 Stepankevi\u010di\u016bt\u0117.<\/p>\n\n\n\n<p class=\"has-text-align-center\"><\/p>\n","protected":false},"excerpt":{"rendered":"<p>D\u017eiazo pianisto Dainiaus Pulausko ir Vievio kult\u016bros centro (KC) \u012fkurtas chor\u0173 festivalyje &#8220;M\u016bs\u0173 dainose&#8221; gegu\u017e\u0117s 21 dien\u0105 Vievyje skamb\u0117j\u0119 vaik\u0173 chor\u0173 balsai u\u017eleido viet\u0105 sve\u010diams i\u0161 Estijos &#8211; Pernu Mihkel&hellip; <\/p>\n","protected":false},"author":2,"featured_media":2378,"comment_status":"open","ping_status":"open","sticky":false,"template":"","format":"standard","meta":{"footnotes":""},"categories":[2],"tags":[],"_links":{"self":[{"href":"https:\/\/choras.lt\/index.php\/wp-json\/wp\/v2\/posts\/2369"}],"collection":[{"href":"https:\/\/choras.lt\/index.php\/wp-json\/wp\/v2\/posts"}],"about":[{"href":"https:\/\/choras.lt\/index.php\/wp-json\/wp\/v2\/types\/post"}],"author":[{"embeddable":true,"href":"https:\/\/choras.lt\/index.php\/wp-json\/wp\/v2\/users\/2"}],"replies":[{"embeddable":true,"href":"https:\/\/choras.lt\/index.php\/wp-json\/wp\/v2\/comments?post=2369"}],"version-history":[{"count":16,"href":"https:\/\/choras.lt\/index.php\/wp-json\/wp\/v2\/posts\/2369\/revisions"}],"predecessor-version":[{"id":2424,"href":"https:\/\/choras.lt\/index.php\/wp-json\/wp\/v2\/posts\/2369\/revisions\/2424"}],"wp:featuredmedia":[{"embeddable":true,"href":"https:\/\/choras.lt\/index.php\/wp-json\/wp\/v2\/media\/2378"}],"wp:attachment":[{"href":"https:\/\/choras.lt\/index.php\/wp-json\/wp\/v2\/media?parent=2369"}],"wp:term":[{"taxonomy":"category","embeddable":true,"href":"https:\/\/choras.lt\/index.php\/wp-json\/wp\/v2\/categories?post=2369"},{"taxonomy":"post_tag","embeddable":true,"href":"https:\/\/choras.lt\/index.php\/wp-json\/wp\/v2\/tags?post=2369"}],"curies":[{"name":"wp","href":"https:\/\/api.w.org\/{rel}","templated":true}]}}