{"id":2393,"date":"2022-05-29T07:35:58","date_gmt":"2022-05-29T07:35:58","guid":{"rendered":"https:\/\/choras.lt\/?p=2393"},"modified":"2022-05-30T13:19:46","modified_gmt":"2022-05-30T13:19:46","slug":"prasideda-vi-dubingiu-muzikos-festivalis-koncertuos-kauno-valstybinis-choras-bel-canto-ir-kiti-atlikejai","status":"publish","type":"post","link":"https:\/\/choras.lt\/index.php\/2022\/05\/29\/prasideda-vi-dubingiu-muzikos-festivalis-koncertuos-kauno-valstybinis-choras-bel-canto-ir-kiti-atlikejai\/","title":{"rendered":"Prasideda VI Dubingi\u0173 muzikos festivalis: koncertuos Kauno valstybinis choras, &#8220;Bel Canto&#8221; ir kiti atlik\u0117jai"},"content":{"rendered":"\n<p><br>Bir\u017eelio 4 d. Dubingi\u0173 \u0160v. Jurgio ba\u017eny\u010dioje prasideda \u0161e\u0161tasis Dubingi\u0173 muzikos festivalis. Nuo savo pirmtak\u0173 jis i\u0161siskiria tuo, kad yra dedikuojamas naujosios Dubingi\u0173 \u0160v. Jurgio ba\u017eny\u010dios konsekravimo i\u0161kilm\u0117ms pa\u017eym\u0117ti. \u0160ia proga ruo\u0161iamos teatralizuotos festivalio atidarymo sve\u010di\u0173 sutiktuv\u0117s, ypatingas ir atidarymui skirtas koncertas: jo vie\u0161nia \u2013 Lietuvos Nacionalin\u0117s kult\u016bros ir meno premijos laureat\u0117, operos primadona Irena Milkevi\u010di\u016bt\u0117. A\u0161tuonis muzikinius \u012fvykius vasaros m\u0117nesiais klausytojams dovanos \u017einomi atlik\u0117jai&nbsp; \u2013&nbsp; Mer\u016bnas Vitulskis, choras &#8220;Bel Canto&#8221;, Kauno valstybinis choras ir kt. Programa klausytoj\u0173 taip pat nenuvils: pasak festivalio meno vadovo Eimanto Be\u0161\u0117no \u201catlik\u0117jai klausytojus d\u017eiugins skirting\u0173 muzikos \u017eanr\u0173 gausa. Koncertuose skamb\u0117s d\u017eiazo improvizacijos, lietuvi\u0173 liaudies dain\u0173 motyvais kurta muzika, laiko patikrinti klasikin\u0117s muzikos perlai bei \u012fstabiausios sakralin\u0117s giesm\u0117s.\u201d<\/p>\n\n\n\n<p class=\"has-text-align-center\"><br><strong>Trumpa festivalio istorija<\/strong><\/p>\n\n\n\n<p><br>Festivalio id\u0117j\u0105 i\u0161puosel\u0117jo ir nuostabiu muzikiniu \u012fvykiu pavert\u0117 Dubingi\u0173 ba\u017eny\u010dios mecenat\u0117 Aurelija Rusteikien\u0117 ir K\u016brybos nam\u0173 ELITAZ prodiuseris Gediminas Jaunius. 2017 m. puikios akustikos \u0161ventov\u0117je, apsuptoje \u012fstabaus gro\u017eio gamtos, nuskamb\u0117jo pirmasis festivalio koncertas &#8220;Piligrim\u0173 giesm\u0117s&#8221;. Garb\u0117 prad\u0117ti festivalio tradicij\u0105 teko smuiko virtuozui Vytautui Mikeli\u016bnui ir kontraboso maestro Eugenijui Kanevi\u010diui. Per penkias festivalio vasaras surengti&nbsp;27&nbsp;\u012fsimintini koncertai, kuriuose dalyvavo \u012fvairi\u0173 \u017eanr\u0173 muzikos kolektyvai bei&nbsp;atlik\u0117jai:&nbsp;Kauno valstybinis choras (Petras Bingelis),&nbsp;VDU kamerinis orkestras (Vytautas Luko\u010dius),&nbsp;Senosios muzikos ansamblis&nbsp;&#8220;Jerycho&#8221; (Lenkija), Lietuvos nacionalin\u0117s kult\u016bros ir meno premijos laureat\u0117 Asta Krik\u0161\u010di\u016bnait\u0117, Aist\u0117&nbsp;Pilibavi\u010di\u016bt\u0117, Rafailas Karpis, Liudas Mikalauskas, Eimantas Be\u0161\u0117nas, Egl\u0117 Stund\u017eiait\u0117-Be\u0161\u0117nien\u0117 ir kiti.&nbsp;Repertuaras taip pat labai \u012fvairus \u2013 nuo religini\u0173 giesmi\u0173, lietuvi\u0173 ir u\u017esienio klasikos k\u016brini\u0173 iki d\u017eiazo improvizacij\u0173. <\/p>\n\n\n\n<p>\u012esimintinas muzikines patirtis kasmet dovanoja renginio partneriai: Pa\u017eaislio muzikos festivalis ir Mol\u0117t\u0173 Kult\u016bros centro festivalis&nbsp;\u201c\u0160lovinkime Vie\u0161pat\u012f stygomis ir d\u016bdomis&#8221;. Dar vienas tradicija tapusios Dubingi\u0173 muzikos \u0161vent\u0117s ypatumas \u2013 jo gyvavim\u0105 ir klest\u0117jim\u0105 nuo pat prad\u017ei\u0173 \u012fkvepia ir palaiko bi\u010diulyst\u0117. Daugelis atlik\u0117j\u0173 buvo ir teb\u0117ra renginio organizatori\u0173 draugai, bi\u010diuliai, neatlygintinai besidalijantys savo talentais su dubing\u0117nais bei j\u0173 sve\u010diais. J\u0173 ir festivalio mecenat\u0173 \u2013 Aurelijaus ir Aurelijos Rusteik\u0173 fondo, Topo centro, Mol\u0117t\u0173 kult\u016bros centro \u2013 d\u0117ka visi koncertai iki \u0161iol yra nemokami.<\/p>\n\n\n\n<p class=\"has-text-align-center\"><br><strong>2022 m. vasaros programa<\/strong><\/p>\n\n\n\n<p><br>\u0160i\u0173metis vasaros popie\u010di\u0173 ciklas taip pat \u017eada daug maloni\u0173 muzikini\u0173 \u012fsp\u016bd\u017ei\u0173. Kadangi jo dedikacija i\u0161ties ypatinga, i\u0161skirtinis \u017eadamas ir festivalio atidarymas, vyksiantis bir\u017eelio 4 d. 15 val.: j\u012f lyd\u0117s teatralizuotos sve\u010di\u0173 sutiktuv\u0117s. Garbingus kviestinius sve\u010dius bei koncerto klausytojus \u0161ventov\u0117s prieigose pasitiks ir sve\u010di\u0173 knygoje pasira\u0161yti kvies pirmoji Dubingi\u0173 ba\u017eny\u010dios fundator\u0117 Liudvika Karolina Radvilait\u0117 (daininink\u0117 Egl\u0117 Stund\u017eiait\u0117- Be\u0161\u0117nien\u0117), \u012f muzikos erdv\u0119 palyd\u0117s ba\u017eny\u010dios ir festivalio mecenat\u0117 bei organizator\u0117 Aurelija Rusteikien\u0117 ir festivalio Garb\u0117s Ambasador\u0117 Birut\u0117 Vizgirdien\u0117. Festival\u012f taip pat sveikins Dubingi\u0173 klebonas Dainius Jan\u010diauskas, Dievo Gailestingumo \u0161ventov\u0117s rektorius kun. Povilas Narijauskas. Atidarymo koncerto metu, kuris prasid\u0117s 16 val., klausytojai tur\u0117s nuostabi\u0105 prog\u0105 i\u0161girsti jubiliejin\u012f-\u0161ventin\u012f IRENOS MILKEVI\u010cI\u016aT\u0116S (sopranas) koncert\u0105 \u201eOPEROS KARALIEN\u0116\u201c. Koncerte taip pat dalyvaus Emilija Finag\u0117jevait\u0117 (sopranas), Nerijus Noreika (tenoras), Raminta Gocentien\u0117 (pianist\u0117), stygini\u0173 kvartetas: Angeles Salas (smuikas), Ieva Eriksonait\u0117 (smuikas), Simonas Lau\u010dka (altas), Augustas Gocentas (violon\u010del\u0117). <\/p>\n\n\n\n<p><br>Bir\u017eelio 11 d. 16 val. po Dubingi\u0173 ba\u017eny\u010dios skliautais skamb\u0117s choro BEL CANTO koncertas M\u0116LYNA\u2013GELTONA\u2013\u017dALIA\u2013RAUDONA, skirtas Ukrainai paremti. Jo vie\u0161nia \u2013 Ukrainos nacionalinio operos ir baleto teatro solist\u0117 Kseniya Bakhritdinova-Kravchuk. Meno vadovas, I dirigentas Egidijus Kaveckas, chormeister\u0117, II dirigent\u0117 Milda \u0160velnien\u0117, chormeister\u0117, koncertmeister\u0117 Raminta Gocentien\u0117.<\/p>\n\n\n\n<p>Bir\u017eelio 25 d. 16 val. koncertas \u201eKODAS \u2013 H2F\u201c. Atlik\u0117jai \u2013 Aist\u0117 Baliunyt\u0117-Dailidien\u0117 (arfa), Vytenis Gurstis (fleita).<\/p>\n\n\n\n<p class=\"has-text-align-left\">Liepos 9 d. 16 val. tradici\u0161kai i\u0161tikim\u0173 Mol\u0117t\u0173 kult\u016bros centro festivalio bi\u010diuli\u0173 ir r\u0117m\u0117j\u0173 dovanojamas SAKRALIN\u0116S MUZIKOS FESTIVALIO \u201e\u0160LOVINKIME VIE\u0160PAT\u012e STYGOMIS IR D\u016aDOMIS\u201c koncertas. Atlik\u0117jai \u2013 Loreta Sungailien\u0117 (vokalas), Vytautas Pilibavi\u010dius (trombonas, ragas), Edgar Sabilo (klavi\u0161iniai), Art\u016bras Maniu\u0161is (perkusija).<\/p>\n\n\n\n<p><br>Liepos 30 d. 16 val. Dubingiuose skamb\u0117s d\u017eiazas. ANDREY CHMUT JAZZ TRIO ir j\u0173 koncertas TAVO DAIN\u0172 SKAMBESYS (The sound of your songs). Atlik\u0117jai \u2013 Andrey Chmut (saksofonas) \u2013 Ukraina, George Iweze (bosin\u0117 gitara) \u2013 Nigerija, Andrius Sav\u010denko (klavi\u0161iniai) \u2013 Lietuva.<br><\/p>\n\n\n\n<p>Rugpj\u016b\u010dio 6 d. 16 val. skamb\u0117s koncertas \u201eKLAUSYK, IZRAELI\u201c. Atlik\u0117jai \u2013 Girmant\u0117 Vaitkut\u0117 (vokalas), Radvil\u0117 \u017dalait\u0117 (vokalas), Martynas Jok\u0161as(klavi\u0161iniai, vokalas).<\/p>\n\n\n\n<p><br>Rugpj\u016b\u010dio 20 d. 16 val. \u2013 irgi tradicija tapusi Pa\u017eaislio muzikos festivalio dovana: koncertas \u201eJ. S. BACHO MOTETAI\u201c. Atlik\u0117jai \u2013 Kauno valstybinis choras, meno vadovas ir vyr. dirigentas Robertas \u0160ervenikas; Asta Kri\u0161taponien\u0117 (violon\u010del\u0117).<\/p>\n\n\n\n<p><br>Rugpj\u016b\u010dio 27 d. 16 val. VI Dubingi\u0173 muzikos festivalio u\u017edarymo koncertas. Sve\u010diuose \u2013 MER\u016aNAS VITULSKIS (tenoras) ir jo koncertas \u201eAM\u017dI\u0172 MUZIKA\u201c. Dalyvauja stygini\u0173 kvartetas Archi Quartett.<\/p>\n\n\n\n<p>Festivalio Garb\u0117s Ambasador\u0117 &#8211; Birut\u0117 Vizgirdien\u0117<br>Generalinis r\u0117m\u0117jas &#8211; Aurelijos ir Aurelijaus Rusteik\u0173 fondas<br>R\u0117m\u0117jai \u2013 Topo centras, Mol\u0117t\u0173 kult\u016bros centras, La Boheme.<br>Festivalio partneriai \u2013 Asvejos regioninis parkas, Dubingi\u0173 seni\u016bnija, AdvertLab, Kolibrio filmai.<br>Informaciniai partneriai \u2013 Lietuvos radijo ir televizijos \u201cMa\u017eoji studija\u201d, Interneto dienra\u0161tis Bernardinai.lt,<br>Mol\u0117t\u0173 kra\u0161to laikra\u0161tis \u201eVilnis\u201c.<\/p>\n\n\n\n<p>Festivalio reng\u0117jai laukia vis\u0173, neabejing\u0173 muzikos, sakrali\u0173 erdvi\u0173 ir gamtos gro\u017eio kuriamai dermei.<\/p>\n\n\n\n<p class=\"has-text-align-center\"><strong>VI Dubingi\u0173 muzikos festivalio reng\u0117j\u0173 informacija<\/strong><\/p>\n","protected":false},"excerpt":{"rendered":"<p>Bir\u017eelio 4 d. Dubingi\u0173 \u0160v. Jurgio ba\u017eny\u010dioje prasideda \u0161e\u0161tasis Dubingi\u0173 muzikos festivalis. Nuo savo pirmtak\u0173 jis i\u0161siskiria tuo, kad yra dedikuojamas naujosios Dubingi\u0173 \u0160v. Jurgio ba\u017eny\u010dios konsekravimo i\u0161kilm\u0117ms pa\u017eym\u0117ti. \u0160ia&hellip; <\/p>\n","protected":false},"author":2,"featured_media":2395,"comment_status":"open","ping_status":"open","sticky":false,"template":"","format":"standard","meta":{"footnotes":""},"categories":[6,2],"tags":[],"_links":{"self":[{"href":"https:\/\/choras.lt\/index.php\/wp-json\/wp\/v2\/posts\/2393"}],"collection":[{"href":"https:\/\/choras.lt\/index.php\/wp-json\/wp\/v2\/posts"}],"about":[{"href":"https:\/\/choras.lt\/index.php\/wp-json\/wp\/v2\/types\/post"}],"author":[{"embeddable":true,"href":"https:\/\/choras.lt\/index.php\/wp-json\/wp\/v2\/users\/2"}],"replies":[{"embeddable":true,"href":"https:\/\/choras.lt\/index.php\/wp-json\/wp\/v2\/comments?post=2393"}],"version-history":[{"count":5,"href":"https:\/\/choras.lt\/index.php\/wp-json\/wp\/v2\/posts\/2393\/revisions"}],"predecessor-version":[{"id":2415,"href":"https:\/\/choras.lt\/index.php\/wp-json\/wp\/v2\/posts\/2393\/revisions\/2415"}],"wp:featuredmedia":[{"embeddable":true,"href":"https:\/\/choras.lt\/index.php\/wp-json\/wp\/v2\/media\/2395"}],"wp:attachment":[{"href":"https:\/\/choras.lt\/index.php\/wp-json\/wp\/v2\/media?parent=2393"}],"wp:term":[{"taxonomy":"category","embeddable":true,"href":"https:\/\/choras.lt\/index.php\/wp-json\/wp\/v2\/categories?post=2393"},{"taxonomy":"post_tag","embeddable":true,"href":"https:\/\/choras.lt\/index.php\/wp-json\/wp\/v2\/tags?post=2393"}],"curies":[{"name":"wp","href":"https:\/\/api.w.org\/{rel}","templated":true}]}}