{"id":2442,"date":"2022-06-03T07:27:58","date_gmt":"2022-06-03T07:27:58","guid":{"rendered":"https:\/\/choras.lt\/?p=2442"},"modified":"2022-06-03T07:28:01","modified_gmt":"2022-06-03T07:28:01","slug":"lietuvos-nacionalinis-kulturos-centras-inicijuoja-nauja-testini-kulturos-projekta-europos-lietuviu-kulturos-dienas","status":"publish","type":"post","link":"https:\/\/choras.lt\/index.php\/2022\/06\/03\/lietuvos-nacionalinis-kulturos-centras-inicijuoja-nauja-testini-kulturos-projekta-europos-lietuviu-kulturos-dienas\/","title":{"rendered":"Lietuvos nacionalinis kult\u016bros centras inicijuoja nauj\u0105 t\u0119stin\u012f kult\u016bros projekt\u0105 \u2013 Europos lietuvi\u0173 kult\u016bros dienas"},"content":{"rendered":"\n<p><strong>Jau \u0161\u012f savaitgal\u012f&nbsp;<\/strong><strong>Norvegijoje,&nbsp;Rugalande, vyksian\u010dios&nbsp;Europos lietuvi\u0173 kult\u016bros dienos&nbsp;suburs lietuvius net i\u0161 vienuolikos Europos \u0161ali\u0173. Tris dienas truksian\u010diame renginyje vyks&nbsp;menini\u0173 kolektyv\u0173 pasirodymai, kult\u016bros forumas, diskusijos apie diasporos kult\u016bros politik\u0105, pasirengim\u0105 Dain\u0173 \u0161vent\u0117ms bei pirm\u0173j\u0173&nbsp;Lietuvi\u0173 nam\u0173&nbsp;Norvegijoje oficialus atidarymas.<\/strong><\/p>\n\n\n\n<p>Europos lietuvi\u0173 kult\u016bros dienos \u2013 tai naujas t\u0119stinis kult\u016bros rei\u0161kinys, skirtas Europos lietuvi\u0173 kult\u016brinei veiklai puosel\u0117ti ir skatinti, kasmet keliausiantis po skirtingas Europos \u0161alis.<\/p>\n\n\n\n<p>Pirmieji \u0161i\u0105 tradicij\u0105 pradeda Norvegijos lietuviai&nbsp;\u2013 bir\u017eelio 3\u20136 d.&nbsp;Rugalande rengiamoje \u0161vent\u0117je dalyvaus Airijos, Belgijos, Jungtin\u0117s Karalyst\u0117s, Lietuvos, Norvegijos, Ukrainos, \u0160vedijos, \u0160veicarijos, Vokietijos ir JAV lietuvi\u0173 bendruomeni\u0173 pirmininkai, kult\u016brin\u0117s veiklos kuratoriai, m\u0117g\u0117j\u0173 meno kolektyvai ir j\u0173 vadovai.<\/p>\n\n\n\n<p>Atidarymo renginyje susirinkusiuosius sveikins atstovai i\u0161 pagrindini\u0173 Lietuvos valstybini\u0173 ir vyriausybini\u0173 institucij\u0173: Prezident\u016bros, Lietuvos Respublikos Seimo, Vyriausyb\u0117s, Kult\u016bros ir U\u017esienio reikal\u0173 ministerij\u0173.<\/p>\n\n\n\n<p>Apvaliojo stalo diskusijose bus aptarta Lietuvos kult\u016bros politika diasporai, bendradarbiavimas, priemon\u0117s ir b\u016bdai, kaip i\u0161laikyti ir stiprinti diasporos tautin\u0119 tapatyb\u0119, sudarant s\u0105lygas pasaulio lietuviams pa\u017einti nacionalin\u0119 kult\u016br\u0105 ir naudotis jos i\u0161tekliais.<\/p>\n\n\n\n<p>Svarbi renginio dalis \u2013 Lietuvos nacionalinio kult\u016bros centro pristatoma tautini\u0173 kostium\u0173 kolekcija ir 2024 m. Lietuvoje vyksianti jubiliejin\u0117 Dain\u0173 \u0161vent\u0117.<\/p>\n\n\n\n<p>Europos lietuvi\u0173 kult\u016bros dienose dalyvausiantys Europos \u0161ali\u0173 lietuvi\u0173 m\u0117g\u0117j\u0173 meno kolektyvai ne tik d\u017eiugins susirinkusius tautie\u010dius, bet ir \u012fsilies \u012f lietuvi\u0161kos ir norvegi\u0161kos kult\u016bros festival\u012f. J\u0173 meniniai pasirodymai taps did\u017eiulio kasme\u010dio \u201eRiskadagene\u201c festivalio dalimi.<\/p>\n\n\n\n<p>Trij\u0173 dien\u0173 kult\u016bros rengin\u012f kar\u016bnuos bir\u017eelio 4 d. Homerseko miestelyje oficialiai atidaromi Lietuvi\u0173 namai. Rogalando lietuvi\u0173 bendrijos pastangomis restauruotas senas namas virto gra\u017eiu, ak\u012f traukian\u010diu pastatu miestelio centre ir svetingais namais, kuriuose vyks \u012fvair\u016bs lietuvyb\u0117s puosel\u0117jimo renginiai bei susitikimai.<\/p>\n\n\n\n<p>Europos lietuvi\u0173 kult\u016bros dien\u0173 organizatoriai tikisi, kad \u0161io renginio v\u0117liava kasmet keliaus per skirtingas Europos \u0161alis, kuriose gyvena ir savo tautin\u0119 tapatyb\u0119 puosel\u0117ja u\u017esienio lietuviai, kad \u0161ie susitikimai pad\u0117s aktyvinti Europos kra\u0161t\u0173 lietuvi\u0173 bendruomeni\u0173 veikl\u0105, skatins lietuvius burtis \u012f meno kolektyvus, ruo\u0161tis ir dalyvauti Dain\u0173 \u0161vent\u0117se Lietuvoje, taip pat taps puikia proga&nbsp;&nbsp;meno kolektyv\u0173 vadovams susitikti su Lietuvos institucij\u0173 atstovais aptarti diasporos tautinio identiteto puosel\u0117jimo klausimus, o meno kolektyvams savo pasirodymais \u012fvairiuose Europos miestuose garsinti Lietuvos vard\u0105 ir jos kult\u016br\u0105.<\/p>\n\n\n\n<p>Rengin\u012f organizuoja Rugalando lietuvi\u0173 bendrija, Pasaulio lietuvi\u0173 bendruomen\u0117 ir Lietuvos nacionalinis kult\u016bros centras.<\/p>\n","protected":false},"excerpt":{"rendered":"<p>Jau \u0161\u012f savaitgal\u012f&nbsp;Norvegijoje,&nbsp;Rugalande, vyksian\u010dios&nbsp;Europos lietuvi\u0173 kult\u016bros dienos&nbsp;suburs lietuvius net i\u0161 vienuolikos Europos \u0161ali\u0173. Tris dienas truksian\u010diame renginyje vyks&nbsp;menini\u0173 kolektyv\u0173 pasirodymai, kult\u016bros forumas, diskusijos apie diasporos kult\u016bros politik\u0105, pasirengim\u0105 Dain\u0173 \u0161vent\u0117ms&hellip; <\/p>\n","protected":false},"author":2,"featured_media":783,"comment_status":"open","ping_status":"open","sticky":false,"template":"","format":"standard","meta":{"footnotes":""},"categories":[7],"tags":[],"_links":{"self":[{"href":"https:\/\/choras.lt\/index.php\/wp-json\/wp\/v2\/posts\/2442"}],"collection":[{"href":"https:\/\/choras.lt\/index.php\/wp-json\/wp\/v2\/posts"}],"about":[{"href":"https:\/\/choras.lt\/index.php\/wp-json\/wp\/v2\/types\/post"}],"author":[{"embeddable":true,"href":"https:\/\/choras.lt\/index.php\/wp-json\/wp\/v2\/users\/2"}],"replies":[{"embeddable":true,"href":"https:\/\/choras.lt\/index.php\/wp-json\/wp\/v2\/comments?post=2442"}],"version-history":[{"count":1,"href":"https:\/\/choras.lt\/index.php\/wp-json\/wp\/v2\/posts\/2442\/revisions"}],"predecessor-version":[{"id":2443,"href":"https:\/\/choras.lt\/index.php\/wp-json\/wp\/v2\/posts\/2442\/revisions\/2443"}],"wp:featuredmedia":[{"embeddable":true,"href":"https:\/\/choras.lt\/index.php\/wp-json\/wp\/v2\/media\/783"}],"wp:attachment":[{"href":"https:\/\/choras.lt\/index.php\/wp-json\/wp\/v2\/media?parent=2442"}],"wp:term":[{"taxonomy":"category","embeddable":true,"href":"https:\/\/choras.lt\/index.php\/wp-json\/wp\/v2\/categories?post=2442"},{"taxonomy":"post_tag","embeddable":true,"href":"https:\/\/choras.lt\/index.php\/wp-json\/wp\/v2\/tags?post=2442"}],"curies":[{"name":"wp","href":"https:\/\/api.w.org\/{rel}","templated":true}]}}