{"id":2451,"date":"2022-06-03T08:22:20","date_gmt":"2022-06-03T08:22:20","guid":{"rendered":"https:\/\/choras.lt\/?p=2451"},"modified":"2022-06-03T08:22:23","modified_gmt":"2022-06-03T08:22:23","slug":"vievio-kulturos-centre-prof-tado-sumsko-kurybos-vakaras","status":"publish","type":"post","link":"https:\/\/choras.lt\/index.php\/2022\/06\/03\/vievio-kulturos-centre-prof-tado-sumsko-kurybos-vakaras\/","title":{"rendered":"Vievio kult\u016bros centre &#8211; prof. Tado \u0160umsko k\u016brybos vakaras"},"content":{"rendered":"\n<p>2022 m. bir\u017eelio 6 d. 18,30 val. Vievio KC &#8211; choro dirigento prof. Tado \u0160umsko k\u016brybos vakaras. Tai dalis projekto &#8220;Gr\u012f\u017etu namo&#8221;, skirto i\u0161 Vievio kilusi\u0173 ir \u010dia gyvenusi\u0173 garsi\u0173 Lietuvos meninink\u0173 k\u016brybos pristatymui. <\/p>\n\n\n\n<p>Vievio kapin\u0117se ilsisi kelios\u00ad \u0160umsk\u0173 kartos: Tado prosenelis Jonas \u0160umskas, palaidotas 1912 metais, senelis Vincas \u0160umskas, palaidotas 1960 metais, t\u0117velis Boles\u00adlovas, palaidotas 1977 metais. O jei Vievyje bet kurio sutikto \u017emogaus paklaustum\u0117te, ar pa\u017e\u012fstate \u0160umsk\u0105, jie klaust\u0173, kur\u012f: ar t\u0105 kompozitori\u0173, ar t\u0105 duonos i\u0161ve\u017eiotoj\u0105, ar t\u0105\u2026 daugyb\u0119 profesij\u0173 i\u0161vardint\u0173 \u017emon\u0117s, i\u0161gird\u0119 \u0160umsk\u0173 pavard\u0119, nes jie Vievio apylink\u0117se gyvena, dirba, kuria Lietuvai nuo neatmenam\u0173 laik\u0173.\u00a0<\/p>\n\n\n\n<p>Plati \u0160umsk\u0173 gimin\u0117 Elektr\u0117n\u0173 apylink\u0117se, pasak Tado \u0160umsko, atsirado nuo Vytauto laik\u0173, kai Trak\u0173 \u201epavietuose\u201c buvo apgyvendinti totoriai. Nors totoriai buvo gars\u016bs karved\u017eiai, bet lietuvi\u0173 visuomen\u0117 j\u0173 nenor\u0117davo priimti \u012f savo bendruomenes, tod\u0117l totoriai imdavo \u012f \u017emonas lietuvaites ir pasiimdavo j\u0173 pavardes. Taip ant senosios totori\u0173 v\u0117liavos atsirado \u0160umsk\u0173 pavard\u0117.\u00a0V\u0117liau, apie 1700 metus, u\u017e vos trisde\u0161imt penki\u0173 kilometr\u0173 nuo Vilniaus, prie dabartinio Vilniaus\u2013Astravo kelio, didikai Mykolas ir Halina \u0160umskai pastat\u0119 medin\u0119 ba\u017eny\u010di\u0105 ir dominikon\u0173 vienuolyn\u0105. XIX a. dokumentai liudija, kad dominikon\u0173 vienuoliai i\u0161laik\u0117 \u0160umsko, tuomet vals\u010diaus centro, parapin\u0119 mokykl\u0105 ir seneli\u0173 prieglaud\u0105, o i\u0161gin\u0117 juos caro vald\u017eia ir ba\u017eny\u010di\u0105 pavert\u0117 cerkve. \u0160umskai savo gimin\u0117s \u0161aknis kaip tik i\u0161 ten ir kildina. Kaip liudija istorija, \u0160umskai visada buvo tarp \u017emoni\u0173 ir su \u017emon\u0117mis \u2013 vienuolynas, seneli\u0173 namai, mal\u016bnai, koncert\u0173 sal\u0117s \u2013 taip ir nuo XX am\u017eiaus prad\u017eios, ir per 22 nepriklausomos Lietuvos metus, ir per okupacij\u0105, ir per nauj\u0105j\u012f nepriklausomyb\u0117s laikotarp\u012f \u0160umsk\u0173 plati gimin\u0117 k\u016br\u0117 ir kuria Lietuv\u0105.<\/p>\n\n\n\n<p>Vos ketverius metus 1960\u20131964 m. Tadas \u0160umskas lank\u0117 Vievio vidurin\u0119 mokykl\u0105 ir muzikos mokykloje mok\u0117si skambinti fortepijonu (mokyt. J. Ge\u010das). Gim\u0117 Tadas Vilniuje, o mirus t\u0117veliui, \u0161eima i\u0161 Vievio v\u0117l sugr\u012f\u017eo \u012f Vilni\u0173. Vilniuje, \u017einoma, didesn\u0117s galimyb\u0117s talentingam vaikui buvo mokslo siekti. Tadas baig\u0117 Vilniaus M.K.\u010ciurlionio mokykl\u0105 ir jau 1971 metais respublikiniame dirigent\u0173 konkurse Vilniuje tapo laureatu. V\u0117liau dirigavim\u0105 studijavo Leningrado valstybin\u0117je N. Rimskio-Korsakovo konservatorijoje ir aspirant\u016broje (prof. A. Michailovo klas\u0117), fakultatyviai lank\u0117 doc. J. Serebriakovo ir doc. R. Martynovo simfoninio dirigavimo klases. 1978\u20131979 m. ten vadovavo konservatorijos choro studijai ir miesto moter\u0173 chorui. Nuo 1976 m. Tadas gr\u012f\u017eo \u012f Lietuv\u0105, dirbo Lietuvos valstybin\u0117s konservatorijos (muzikos akademijos) Choro dirigavimo katedros d\u0117stytoju, nuo 1982 m. vyr. d\u0117stytojas, <strong>1<\/strong>985\u20131988 m. LMTA kamerinio choro dirigentas, nuo 1991 m. docentas, nuo 2010 m. profesorius. <\/p>\n\n\n\n<p>T. \u0160umskas nuo 1979 m. \u2013 Vilniaus gamybinio susivienijimo \u201eVilma\u201c (v\u0117liau &#8211; &#8220;Vytis&#8221;) vyr\u0173 choro dirigentas, 1983\u20131998 m. meno vadovas ir dirigentas. T. \u0160umskas \u2013 respublikini\u0173 moksleivi\u0173, Baltijos respublik\u0173 student\u0173, Lietuvos tautini\u0173, Pasaulio lietuvi\u0173 dain\u0173 \u0161ven\u010di\u0173 dirigentas. 1993 m. buvo chor\u0173 festivalio \u201eResegna Polifonica\u201c Italijoje meno direktorius, daugelio respublikini\u0173 ir tarptautini\u0173 chor\u0173 konkurs\u0173 \u017eiuri narys. Pastaruosius 15 met\u0173 vadovavo Vilniaus \u012fgulos Karinink\u0173 ramov\u0117s vyr\u0173 chorui &#8220;Aidas&#8221;.<\/p>\n\n\n\n<p>Prof. Tada \u0160umskas &#8211;  LIFE teatro festivali\u0173 ir MENO FORTO muzikos vadovas ir aktorius. Vaidino vir\u0161 200 spektakli\u0173 35-iuose tarptautiniuose teatr\u0173 festivaliuose, gastroliavo 42-ose \u0161alyse. Para\u0161\u0117 muzik\u0105 \u0161e\u0161iems dramos spektakliams, bendradarbiavo su teatro re\u017eisieriais E. Nekro\u0161iumi, R. Tuminu, J. Jura\u0161u, L. M. Zaikausku, A. Dap\u0161iu. Paskelb\u0117 mokslini\u0173 straipsni\u0173 spaudoje bei moksliniuose leidiniuose. 1990 m. dirigentui suteiktas nusipelniusio artisto garb\u0117s vardas, 1994 m. jis apdovanotas S. \u0160imkaus premija, 2010 m. apdovanotas KAM ordinu \u201eU\u017e nuopelnus\u201c, yra Lietuvos atsargos karinink\u0173 s\u0105jungos garb\u0117s narys.<\/p>\n\n\n\n<p>\u017dod\u017eiu, tai \u017emogus, kuris turi, k\u0105 papasakoti!<\/p>\n\n\n\n<p>Vakare dalyvauja Vilniaus moter\u0173 choras &#8220;Dain\u0173 sodai&#8221; ir Vievio vyr\u0173 vokalinis ansamblis &#8220;Con Moto&#8221;.<\/p>\n","protected":false},"excerpt":{"rendered":"<p>2022 m. bir\u017eelio 6 d. 18,30 val. Vievio KC &#8211; choro dirigento prof. Tado \u0160umsko k\u016brybos vakaras. Tai dalis projekto &#8220;Gr\u012f\u017etu namo&#8221;, skirto i\u0161 Vievio kilusi\u0173 ir \u010dia gyvenusi\u0173 garsi\u0173&hellip; <\/p>\n","protected":false},"author":2,"featured_media":2453,"comment_status":"open","ping_status":"open","sticky":false,"template":"","format":"standard","meta":{"footnotes":""},"categories":[6],"tags":[],"_links":{"self":[{"href":"https:\/\/choras.lt\/index.php\/wp-json\/wp\/v2\/posts\/2451"}],"collection":[{"href":"https:\/\/choras.lt\/index.php\/wp-json\/wp\/v2\/posts"}],"about":[{"href":"https:\/\/choras.lt\/index.php\/wp-json\/wp\/v2\/types\/post"}],"author":[{"embeddable":true,"href":"https:\/\/choras.lt\/index.php\/wp-json\/wp\/v2\/users\/2"}],"replies":[{"embeddable":true,"href":"https:\/\/choras.lt\/index.php\/wp-json\/wp\/v2\/comments?post=2451"}],"version-history":[{"count":2,"href":"https:\/\/choras.lt\/index.php\/wp-json\/wp\/v2\/posts\/2451\/revisions"}],"predecessor-version":[{"id":2454,"href":"https:\/\/choras.lt\/index.php\/wp-json\/wp\/v2\/posts\/2451\/revisions\/2454"}],"wp:featuredmedia":[{"embeddable":true,"href":"https:\/\/choras.lt\/index.php\/wp-json\/wp\/v2\/media\/2453"}],"wp:attachment":[{"href":"https:\/\/choras.lt\/index.php\/wp-json\/wp\/v2\/media?parent=2451"}],"wp:term":[{"taxonomy":"category","embeddable":true,"href":"https:\/\/choras.lt\/index.php\/wp-json\/wp\/v2\/categories?post=2451"},{"taxonomy":"post_tag","embeddable":true,"href":"https:\/\/choras.lt\/index.php\/wp-json\/wp\/v2\/tags?post=2451"}],"curies":[{"name":"wp","href":"https:\/\/api.w.org\/{rel}","templated":true}]}}