{"id":2464,"date":"2022-06-05T16:42:06","date_gmt":"2022-06-05T16:42:06","guid":{"rendered":"https:\/\/choras.lt\/?p=2464"},"modified":"2022-06-05T16:42:09","modified_gmt":"2022-06-05T16:42:09","slug":"raimonda-skabeikaite-skinasi-kelia-tarptautiniuose-dirigentu-konkursuose","status":"publish","type":"post","link":"https:\/\/choras.lt\/index.php\/2022\/06\/05\/raimonda-skabeikaite-skinasi-kelia-tarptautiniuose-dirigentu-konkursuose\/","title":{"rendered":"Raimonda Skabeikait\u0117 skinasi keli\u0105 tarptautiniuose dirigent\u0173 konkursuose"},"content":{"rendered":"\n<p>.<br>Gimusi Ma\u017eeikiuose jau penkiolikos met\u0173 Raimonda Skabeikait\u0117 i\u0161va\u017eiavo \u012f Vilni\u0173 studijuoti chorinio dirigavimo (doc. Remigijus Songaila) \u012f Juozo Tallat-Kelp\u0161os konservatorij\u0105. Pirmajame respublikiniame Jono Kavaliausko jaun\u0173j\u0173 dirigent\u0173 konkurse tapo laureat\u0117 ir toliau s\u0117kmingai t\u0119s\u0117 savo choro dirigavimo studijas. Po met\u0173 pertraukos \u012fstojo \u012f Vytauto Did\u017eiojo Universiteto Muzikos Akademij\u0105, muzikos pedagogikos studijas (doc. Art\u016bras Dambrauskas) ir aktyviai \u012fsitrauk\u0117 \u012f Kauno muzikin\u0119 veikl\u0105, kur dainavo ir dirbo chormeistere chore \u201eKamertonas\u201c (vad. K\u0119stutis Jakeli\u016bnas), bei buvo vokalinio ansamblio \u201eAcusto\u201c (meno vad. K\u0119stutis Jakeli\u016bnas) daininink\u0117. <\/p>\n\n\n\n<p>2012 ir 2013 metais R. Skabeikait\u0117 i\u0161band\u0117 savo j\u0117gas kompozitori\u0173 konkurse \u201eVox Juventutis\u201c, kurio laureat\u0117 ji tapo dukart i\u0161 eil\u0117s.<\/p>\n\n\n\n<p>Chorinio dirigavimo studijas ji t\u0119t\u0117 2013 metais Graco Men\u0173 Universitete Austrijoje, prof. Johannes Prinz klas\u0117je. Toliau sek\u0117 orkestro dirigavimo studijos (prof. Wolfgang Bozic, prof. Marc Piollet, prof.Wolfgang D\u00f6rner). Studijas s\u0117kmingai baigusi 2019 met\u0173 ruden\u012f, ji aktyviai \u012fsitrauk\u0117 \u012f koncertin\u0119 ir edukacin\u0119 veikl\u0105 Grace, kur \u0161iuo metu dirba ir gyvena.<\/p>\n\n\n\n<p>2021 met\u0173 lapkrit\u012f Raimonda Skabeikait\u0117 tapo 3-\u010diojo Tarptautinio \u0160iuolaikin\u0117s Muzikos \u201eCitt\u00e0 di Brescia Giancarlo Facchinetti\u201c (Italija) dirigent\u0173 konkurso pirmosios vietos laim\u0117toja.<\/p>\n\n\n\n<p>2022 met\u0173 gegu\u017e\u0119 Raimonda Skabeikait\u0117 tapo 5-ojo Tarptautinio \u201eNino Rota dirigent\u0173 konkurso\u201c (Italija) pirmosios vietos laim\u0117toja. Taip pat dirigentei atiteko Taranto miesto publikos prizas.<\/p>\n","protected":false},"excerpt":{"rendered":"<p>.Gimusi Ma\u017eeikiuose jau penkiolikos met\u0173 Raimonda Skabeikait\u0117 i\u0161va\u017eiavo \u012f Vilni\u0173 studijuoti chorinio dirigavimo (doc. Remigijus Songaila) \u012f Juozo Tallat-Kelp\u0161os konservatorij\u0105. Pirmajame respublikiniame Jono Kavaliausko jaun\u0173j\u0173 dirigent\u0173 konkurse tapo laureat\u0117 ir&hellip; <\/p>\n","protected":false},"author":2,"featured_media":2465,"comment_status":"open","ping_status":"open","sticky":false,"template":"","format":"standard","meta":{"footnotes":""},"categories":[2],"tags":[],"_links":{"self":[{"href":"https:\/\/choras.lt\/index.php\/wp-json\/wp\/v2\/posts\/2464"}],"collection":[{"href":"https:\/\/choras.lt\/index.php\/wp-json\/wp\/v2\/posts"}],"about":[{"href":"https:\/\/choras.lt\/index.php\/wp-json\/wp\/v2\/types\/post"}],"author":[{"embeddable":true,"href":"https:\/\/choras.lt\/index.php\/wp-json\/wp\/v2\/users\/2"}],"replies":[{"embeddable":true,"href":"https:\/\/choras.lt\/index.php\/wp-json\/wp\/v2\/comments?post=2464"}],"version-history":[{"count":3,"href":"https:\/\/choras.lt\/index.php\/wp-json\/wp\/v2\/posts\/2464\/revisions"}],"predecessor-version":[{"id":2471,"href":"https:\/\/choras.lt\/index.php\/wp-json\/wp\/v2\/posts\/2464\/revisions\/2471"}],"wp:featuredmedia":[{"embeddable":true,"href":"https:\/\/choras.lt\/index.php\/wp-json\/wp\/v2\/media\/2465"}],"wp:attachment":[{"href":"https:\/\/choras.lt\/index.php\/wp-json\/wp\/v2\/media?parent=2464"}],"wp:term":[{"taxonomy":"category","embeddable":true,"href":"https:\/\/choras.lt\/index.php\/wp-json\/wp\/v2\/categories?post=2464"},{"taxonomy":"post_tag","embeddable":true,"href":"https:\/\/choras.lt\/index.php\/wp-json\/wp\/v2\/tags?post=2464"}],"curies":[{"name":"wp","href":"https:\/\/api.w.org\/{rel}","templated":true}]}}