{"id":2476,"date":"2022-06-07T18:26:25","date_gmt":"2022-06-07T18:26:25","guid":{"rendered":"https:\/\/choras.lt\/?p=2476"},"modified":"2022-06-07T18:26:28","modified_gmt":"2022-06-07T18:26:28","slug":"birzeli-vyksiantis-festivalis-kaunas-cantat-kaunas-sings-2022-miesta-uzpildys-chorines-muzikos-skambesiais","status":"publish","type":"post","link":"https:\/\/choras.lt\/index.php\/2022\/06\/07\/birzeli-vyksiantis-festivalis-kaunas-cantat-kaunas-sings-2022-miesta-uzpildys-chorines-muzikos-skambesiais\/","title":{"rendered":"Bir\u017eel\u012f vyksiantis festivalis &#8220;Kaunas Cantat &#8211; Kaunas Sings 2022&#8221; miest\u0105 u\u017epildys chorin\u0117s muzikos skambesiais"},"content":{"rendered":"\n<p>2022 metai Kaunui labai svarb\u016bs: tap\u0119s Europos kult\u016bros sostine, miestas tapo \u012fvairiausi\u0173 rengini\u0173, parod\u0173, festivali\u0173, \u012ftraukian\u010di\u0173 gyventojus ir miesto sve\u010dius, vieta. Po dviej\u0173 met\u0173 pertraukos \u012f Kauno miest\u0105 gr\u012f\u017eta tarptautinis festivalis &#8220;Kaunas Cantat \u2013 Kaunas Sings 2022&#8221;, kuris vyks bir\u017eelio 9 \u2013 12 dienomis ir visus d\u017eiugins rengini\u0173 ir dalyvi\u0173 gausa.<\/p>\n\n\n\n<p><br>Jubiliejinis ,,Kaunas Cantat\u201d festivalis \u0161iemet gr\u012f\u017eta su trenksmu. Festivalio programa pritaikyta kiekvieno klausytojo skoniui. \u0160i\u0173 met\u0173 festivalyje pasirodys kolektyvai i\u0161 skirting\u0173 Europos valstybi\u0173. Gausiausi\u0105 festivalio dalyvi\u0173 dal\u012f sudaro kolektyvai i\u0161 skirting\u0173 Lietuvos kampeli\u0173: Kauno kult\u016bros nam\u0173 mi\u0161rus choras \u201eGintaras\u201c, folkloro ansamblis \u201eKadujo\u201c, \u0160iauli\u0173 r. savivaldyb\u0117s kult\u016bros centro jaunimo choras \u201eMelomanai\u201c, kamerinis choras i\u0161 Alytaus \u201eVarsa\u201c, kamerinis Santaros klinik\u0173 mi\u0161rus choras, Vilnius Tech akademinis choras \u201eGabija\u201c, Vilniaus universiteto Kauno fakulteto akademinio dainavimo studija \u201eVeni Gaudere\u201c, Kauno \u201eVyturio\u201c gimnazijos mi\u0161rus choras \u201eVyturys\u201c. <\/p>\n\n\n\n<p>Taip pat festivalyje dalyvaus moter\u0173 choras \u201eGizella\u201c i\u0161 Vengrijos miesto Ve\u0161premo, kuris kitais metais perims Europos kult\u016bros sostin\u0117s vair\u0105 i\u0161 Kauno. Taip pat festivalyje pasirodys \u0161eimyninis ansamblis \u201eFamily Singers\u201c i\u0161 \u0160vedijos, kuriame dainuoja tos pa\u010dios \u0161eimos nariai: \u0161e\u0161i broliai ir ses\u0117s nuo 11 iki 23 met\u0173 am\u017eiaus bei j\u0173 t\u0117vai. Ypatingai laukiame kolektyv\u0173 i\u0161 karo niokojamos Ukrainos \u2013 tai berniuk\u0173 choras \u201eDzvinochok\u201c ir mergai\u010di\u0173 choras \u201eVognyk\u201c. Festivalio organizatoriai ir r\u0117m\u0117jai ypatingai steng\u0117si, kad \u0161ie chorai gal\u0117t\u0173 sudalyvauti ,,Kaunas Cantat\u201d festivalyje ir parodyti, kad, nepaisant vis\u0173 negand\u0173, Ukrainos kult\u016bra klesti.<\/p>\n\n\n\n<p><br>Festivalio atidarymas \u2013 bir\u017eelio 9 dien\u0105, 20 val. VDU Did\u017eiojoje sal\u0117je. Atidarymo koncerto sve\u010diai \u2013 ne\u012fprastos sud\u0117ties vokalinis ansamblis i\u0161 Vokietijos \u201eSinger Pur\u201c. Ansamblyje dainuoja sopranas, trys tenorai, baritonas ir bosas. Kolektyvo repertuaras pasi\u017eymi itin \u012fvairi\u0173 stili\u0173 spektru \u2013 atliekamose programose galima i\u0161girsti visko, k\u0105 \u012fmanoma atlikti balsu: nuo viduram\u017ei\u0173 laik\u0173 iki avangardo. Ansamblis klausytojams \u017eada staigmen\u0173: stebins ne tik i\u0161 savo repertuaro atliekamomis dainomis, ta\u010diau u\u017edainuos ir lietuvi\u0161kai.<\/p>\n\n\n\n<p><br>Kaunas apsuptas dviej\u0173 did\u017eiausi\u0173 Lietuvos upi\u0173, tod\u0117l dr\u0105siai galime j\u012f vadinti vandens miestu. Viena i\u0161 festivalio naujovi\u0173 \u2013 tai koncertai prie fontan\u0173. Bir\u017eelio 10 dien\u0105 vyks koncertai prie keturi\u0173 fontan\u0173 Kauno mieste: prie Kauko laipt\u0173 fontano, Vienyb\u0117s aik\u0161t\u0117je, Kaunas 2022 Vasaros scenoje ir prie Laisv\u0117s al\u0117jos fontano.<\/p>\n\n\n\n<p><br>Atviri pasidainavimai \u2013 tai konceptas, kuris bus \u012fgyvendintas ,,Kaunas Cantat\u201d festivalio metu. Dirigento padedami, atvir\u0173 pasidainavim\u0173 dalyviai kartu mokosi dain\u0173 partijas ir v\u0117liau sujungia \u012f bendr\u0105 k\u016brin\u012f. Atvir\u0173 pasidainavim\u0173 renginius ves kviestinis dirigentas i\u0161 Vokietijos Jan Schumacher. \u0160iuose renginiuose kvie\u010diami dalyvauti ne tik chorai, ta\u010diau ir visi \u017emon\u0117s, norintys pajusti chorin\u0117s muzikos dvasi\u0105 ir i\u0161bandyti savo j\u0117gas dainuojant su kitais. Atviriems pasidainavimams talkins Kauno \u201eSaul\u0117s\u201c gimnazijos choras \u201eAkordas\u201c, kuris visiems renginio dalyviams pad\u0117s mokytis ir atlikti k\u016brinius. Atvir\u0173 pasidainavim\u0173 renginiai vyks bir\u017eelio 9 \u2013 12 dienomis: bir\u017eelio 9 d., 13.00 val. \u2013 Vienyb\u0117s aik\u0161t\u0117je, bir\u017eelio 10 d., 13.00 val. \u2013 prekybos ir pramog\u0173 centro \u201eAkropolis III auk\u0161to rengini\u0173 erdv\u0117je, 17.00 val. \u2013 Kaunas 2022 Vasaros scenoje Rotu\u0161\u0117s aik\u0161t\u0117je, bir\u017eelio 11 d., 16.00 val. \u2013 ant Kauno centrinio pa\u0161to laipt\u0173, bir\u017eelio 12 d., 13.00 val. \u2013 Nepriklausomyb\u0117s aik\u0161t\u0117je.<\/p>\n\n\n\n<p><br>Bir\u017eelio 11 dien\u0105 numatomos dvi paskaitos chorin\u0117s muzikos entuziastams ir ne tik. Ansamblis \u201eSinger Pur\u201c skaitys paskait\u0105 \u201eDainavimas vokaliniame ansamblyje\u201c, o dirigentas Jan Schumacher \u2013 \u201eAtviri pasidainavimai: repertuaras, patarimai ir gudryb\u0117s\u201c.<\/p>\n\n\n\n<p><br>Kitas rengini\u0173 ciklas \u2013 \u201eCantus Nocturnus\u201c, tai koncertai skirtingose Kauno miesto ba\u017eny\u010diose. Chorin\u0117 muzika yra neatsiejama nuo sakralini\u0173 erdvi\u0173, tod\u0117l koncert\u0173 ciklas \u201eCantus Nocturnus\u201c taps svarbia ,,Kaunas Cantat\u201d festivalio dalimi. Koncertai vyks bir\u017eelio 11 dien\u0105 Kauno \u0160v. Pranci\u0161kaus Ksavero (J\u0117zuit\u0173) ba\u017eny\u010dioje, Kauno \u0160v. Jurgio (Pranci\u0161kon\u0173) ba\u017eny\u010dioje, \u0160v. Trejyb\u0117s ba\u017eny\u010dioje ir Vytauto Did\u017eiojo \u0160v. Mergel\u0117s \u0116mimo \u012f dang\u0173 ba\u017eny\u010dioje.<\/p>\n\n\n\n<p><br>Festival\u012f vainikuos u\u017edarymo koncertas, kuris vyks bir\u017eelio 12 dien\u0105, 19.30 val., Kauno. \u0160v. Arkangelo Mykolo (\u012egulos) ba\u017eny\u010dioje. Visi festivalio dalyviai susiburs bendrai programai ir atliks festivalio himn\u0105 \u201eCantemus\u201c, kurio kompozitorius yra Vaclovas Augustinas.<\/p>\n\n\n\n<p><br>Jubiliejinis &#8220;Kaunas Cantat \u2013 Kaunas Sings 2022&#8221; festivalis \u017eada gaus\u0173 skai\u010di\u0173 rengini\u0173, \u012f kuriuos kvie\u010diami \u012fsitraukti visi miesto gyventojai ir Europos kult\u016bros sostin\u0117s lankytojai.<\/p>\n\n\n\n<p><br>Atidarymo koncerto bilietai: <\/p>\n","protected":false},"excerpt":{"rendered":"<p>2022 metai Kaunui labai svarb\u016bs: tap\u0119s Europos kult\u016bros sostine, miestas tapo \u012fvairiausi\u0173 rengini\u0173, parod\u0173, festivali\u0173, \u012ftraukian\u010di\u0173 gyventojus ir miesto sve\u010dius, vieta. Po dviej\u0173 met\u0173 pertraukos \u012f Kauno miest\u0105 gr\u012f\u017eta tarptautinis&hellip; <\/p>\n","protected":false},"author":2,"featured_media":2478,"comment_status":"open","ping_status":"open","sticky":false,"template":"","format":"standard","meta":{"footnotes":""},"categories":[2],"tags":[],"_links":{"self":[{"href":"https:\/\/choras.lt\/index.php\/wp-json\/wp\/v2\/posts\/2476"}],"collection":[{"href":"https:\/\/choras.lt\/index.php\/wp-json\/wp\/v2\/posts"}],"about":[{"href":"https:\/\/choras.lt\/index.php\/wp-json\/wp\/v2\/types\/post"}],"author":[{"embeddable":true,"href":"https:\/\/choras.lt\/index.php\/wp-json\/wp\/v2\/users\/2"}],"replies":[{"embeddable":true,"href":"https:\/\/choras.lt\/index.php\/wp-json\/wp\/v2\/comments?post=2476"}],"version-history":[{"count":1,"href":"https:\/\/choras.lt\/index.php\/wp-json\/wp\/v2\/posts\/2476\/revisions"}],"predecessor-version":[{"id":2477,"href":"https:\/\/choras.lt\/index.php\/wp-json\/wp\/v2\/posts\/2476\/revisions\/2477"}],"wp:featuredmedia":[{"embeddable":true,"href":"https:\/\/choras.lt\/index.php\/wp-json\/wp\/v2\/media\/2478"}],"wp:attachment":[{"href":"https:\/\/choras.lt\/index.php\/wp-json\/wp\/v2\/media?parent=2476"}],"wp:term":[{"taxonomy":"category","embeddable":true,"href":"https:\/\/choras.lt\/index.php\/wp-json\/wp\/v2\/categories?post=2476"},{"taxonomy":"post_tag","embeddable":true,"href":"https:\/\/choras.lt\/index.php\/wp-json\/wp\/v2\/tags?post=2476"}],"curies":[{"name":"wp","href":"https:\/\/api.w.org\/{rel}","templated":true}]}}