{"id":2507,"date":"2022-06-12T17:38:19","date_gmt":"2022-06-12T17:38:19","guid":{"rendered":"https:\/\/choras.lt\/?p=2507"},"modified":"2022-06-12T17:38:22","modified_gmt":"2022-06-12T17:38:22","slug":"noreciau-isdirbti-ir-penkiasdesimt-bet-kazin-ar-uzteks-sveikatos","status":"publish","type":"post","link":"https:\/\/choras.lt\/index.php\/2022\/06\/12\/noreciau-isdirbti-ir-penkiasdesimt-bet-kazin-ar-uzteks-sveikatos\/","title":{"rendered":",,Nor\u0117\u010diau i\u0161dirbti ir penkiasde\u0161imt, bet ka\u017ein ar u\u017eteks sveikatos\u201c"},"content":{"rendered":"\n<p class=\"has-text-align-center\"><strong>Pokalbis su choro vadovu Antanu Pociumi<\/strong><\/p>\n\n\n\n<p>Antanas Pocius (g. 1945 m. rugs\u0117jo 16 d. Betygaloje) &#8211; choro dirigentas ir pedagogas. Nuo 1970 m.- Ukmerg\u0117s vaik\u0173 muzikos mokyklos akordeono specialyb\u0117s d\u0117stytojas ir skyriaus ved\u0117jas. 1971-1976 m. neakivaizdiniu b\u016bdu choro dirigavim\u0105 studijavo Lietuvos valstybin\u0117je konservatorijoje.1976 m. prad\u017eioje Ukmerg\u0117s kult\u016bros r\u016bmuose Suorganizavo mi\u0161r\u0173j\u012f chor\u0105 ir keturiasde\u0161imt \u0161e\u0161is metus jam vadovauja.<\/p>\n\n\n\n<p> Per savo gyvavimo laikotarp\u012f mi\u0161rus choras ,,Vyturys\u201c aktyviai dalyvauja Ukmerg\u0117s rajono ir respublikiniuose renginiuose, \u0161vent\u0117se, festivaliuose. Respublikiniuose konkursuose kolektyvas yra peln\u0119s prizini\u0173 viet\u0173 ir tap\u0119s laureatu. Dabar kolektyvas ruo\u0161iasi Lietuvos vakar\u0173 kra\u0161to dain\u0173 \u0161ventei, kuri \u012fvyks bir\u017eelio 11-12 d. Klaip\u0117doje.<\/p>\n\n\n\n<p><br><strong>Kada prad\u0117jote mokytis muzikos ir kaip \u012fvyko, kad \u012fgijote dvi muzikines specialybes ?<\/strong><\/p>\n\n\n\n<p><br>Mano istorija tokia, baig\u0119s vidurin\u0119 mokykl\u0105, prad\u017eioje 1963 m. stojau \u012f Kauno Juozo Gruod\u017eio auk\u0161tesniosios muzikos mokyklos akordeono specialyb\u0119, nes labai nor\u0117jau groti akordeonu, bet pasirod\u0117 jau esu per senas, nebaig\u0119s muzikos mokyklos ir man\u0119s nepri\u0117m\u0117. Man pasi\u016bl\u0117 chorin\u012f dirigavim\u0105. Mokindamasis chorvedybos, mokytojas mane gyr\u0117, nes vaikas b\u016bdamas a\u0161 tur\u0117jau ger\u0105 bals\u0105 ir muzikin\u0119 atmint\u012f, nes jeigu i\u0161girsdavau vien\u0105 kart\u0105 melodij\u0105, a\u0161 j\u0105 i\u0161grodavau. Vaikas b\u016bdamas grojau armonika. Pirm\u0105 kurs\u0105 pabaigiau ir tur\u0117jau i\u0161eiti \u012f armij\u0105. Tarnavau Sibire aviacijoje, ten grojau tri\u016bba paraduose, \u0161okiuose karinink\u0173 namuose, konkursuose, nes muzikantams b\u016bdavo lengvesn\u0117 tarnyba. Gr\u012f\u017e\u0119s po armijos \u012fstojau tiesiai \u012f akordeono specialyb\u0117s antr\u0105 kurs\u0105. Baig\u0119s studijas gavau paskyrim\u0105 \u012f Ukmerg\u0119. Atva\u017eiav\u0119s \u012f Ukmerg\u0119 prad\u0117jau dirbti meno vadovu Kult\u016bros namuose ir vesti akordeono pamokas vaik\u0173 muzikos mokykloje.<\/p>\n\n\n\n<p><br><strong>Kada ir kaip prad\u0117jote dirbti su Ukmerg\u0117s kult\u016bros centro mi\u0161riuoju choru?<\/strong><\/p>\n\n\n\n<p><br>Jau a\u0161 dirbau \u0161e\u0161erius metus Ukmerg\u0117je ir \u0161is choras buvo mano iniciatyva, niekas nepad\u0117jo man jo sukurti, vienintel\u0117 s\u0105lyga, kad leido Kult\u016bros namai man repetuoti, nes jie buvo k\u0105 tik pastatyti. Net nebuvo skirtas etatas choro vadovo. Dirbau su meno vadovo etatu jau antrus metus ir dar papildomai buvau suk\u016br\u0119s estradin\u012f ansambl\u012f, su kuriuo tur\u0117jome koncert\u0173 Ukmerg\u0117je, taip pat v\u0117liau tapome geriausiu kolektyvu Auk\u0161taitijos zonoje. Baigdamas konservatorij\u0105 1976 m. chorin\u012f dirigavim\u0105, jau dirbau su vaik\u0173 muzikos choru. Konservatorijoje mano d\u0117stytojas buvo Kazys Juz\u0117nas, buv\u0119s \u201eDain\u0173 \u0161ven\u010di\u0173\u201c vyriausias dirigentas. Baigiant konservatorij\u0105 d\u0117stytojas klaus\u0117: \u201eKur dirbi? Ar turi chor\u0105?\u201c Jei choro neturi, &#8211; d\u0117stytojas sakydavo: \u201eva\u017eiuosi \u012f Klaip\u0117d\u0105?\u201c Va\u017eiuoti \u012f Klaip\u0117d\u0105 tada buvo did\u017eiausias pa\u017eeminimas. Gr\u012f\u017eus i\u0161 sesijos, teko pasiraitoti rankoves, apeiti vis\u0105 Ukmerg\u0119 (vaik\u0173 dar\u017eelius, \u012fmones, mokyklas, \u012fstaigas\u2026), sukviesti norin\u010dius dainuoti. Susirink\u0119 45 dainininkai, i\u0161mokome pirm\u0105j\u0105 &#8211; harmonizuot\u0105 lietuvi\u0173 liaudies dain\u0105 Kazimiero Viktoro Banai\u010dio ,,U\u017e j\u016bri\u0173 mari\u0173\u201c. Baland\u017eio pabaigoje dainavome pirmajame koncerte, o gegu\u017e\u0117s 27 d. su choru apsigyniau savo diplomin\u012f darb\u0105.<\/p>\n\n\n\n<p><br><strong>Kaip toliau sudarin\u0117jote choro repertuar\u0105, kaip vyko choro gyvenimas?<\/strong><\/p>\n\n\n\n<p><br>Tarybiniais laikais liaudies dainas dainuoti nedraud\u0117, bet buvo privaloma komunist\u0173 partijai duokl\u0119 atiduoti. Reik\u0117davo koncert\u0173 programa suderinti su j\u0173 vadovais. Prad\u017eioje choras vadinosi Ukmerg\u0117s kult\u016bros centro mi\u0161rus choras. M\u016bs\u0173 choras jau dalyvavo 1980 m Dain\u0173 \u0161vent\u0117je, kurioje buvo laim\u0117ta tre\u010dia vieta. 1981 m. su choru dalyvavome turistin\u0117je &#8211; koncertin\u0117je kelion\u0117je po Kor\u0117jos liaudies demokratin\u0119 respublik\u0105. 1983 m. chorui suteiktas liaudies kolektyvo vardas ,,Vyturys\u201c. 1987 m ,,Vyturys\u201c laim\u0117jo pirm\u0105j\u0105 viet\u0105 respublikiniame Juozo Naujalio vardo konkurse. Tuo metu stipriausi chor\u0173 kolektyvai buvo Jonavos, Anyk\u0161\u010di\u0173, Marijampol\u0117s. Galima i\u0161skirti, kad m\u016bs\u0173 kolektyvas pirmasis rajone prad\u0117jo rengti chorin\u0117s muzikos koncertus. Per visus choro gyvavimo metus atlikta daugiau negu 200 skirting\u0173 k\u016brini\u0173.<\/p>\n\n\n\n<p><br><strong>Kokias dar u\u017esienio \u0161alis teko aplankyti?<\/strong><\/p>\n\n\n\n<p><br>Teko koncertuoti Latvijoje, Baltarusijoje, Ukrainoje, \u0160iaur\u0117s ir Baltijos \u0161ali\u0173 chor\u0173 \u0161vent\u0117se, kurios vyko \u0160vedijoje, Norvegijoje, Islandijoje, Estijoje, Suomijoje, aplank\u0117me Kor\u0117jos respublik\u0105. 2010 m. m\u016bs\u0173 choras atstovavo Lietuvos ba\u017enytin\u0119 chorin\u0119 muzik\u0105 Islandijoje. Tur\u0117jome b\u016btinai sugiedoti ba\u017enytin\u012f himn\u0105 \u010ceslovo Sasnausko ,,Marija, Marija\u201c, tai buvo \u012fdomu, kad teko dainuoti katedroje, kuri talpina daugiau kaip t\u016bkstant\u012f \u017emoni\u0173, po programos atlikimo, vietinis vargonininkas papra\u0161\u0117, kad \u0161i\u0105 dain\u0105 pakartotum\u0117me mormorando. Mums dainuojant visa katedra atsistojus dainavo \u0161i\u0105 dain\u0105 islandi\u0161kai. Jie savo programose tur\u0117jo tekst\u0105 island\u0173 kalba. Tai buvo nepakartojamas \u012fsp\u016bdis. Jie pirmieji pripa\u017eino Lietuvos nepriklausomyb\u0119, u\u017e tai parod\u0117 mums pagarb\u0105 ir visai Lietuvai. 1981 m. m\u016bs\u0173 choras pirmas Ukmerg\u0117je sovietiniais laikais i\u0161va\u017eiavo \u012f u\u017esienio \u0161al\u012f, kaip meno kolektyvas.<\/p>\n\n\n\n<p><br><strong>Kaip choro darbas keit\u0117si atk\u016brus nepriklausomyb\u0119?<\/strong><\/p>\n\n\n\n<p><br>Labai keit\u0117si choro repertuaras. Po Nepriklausomyb\u0117s atk\u016brimo niekas nebenor\u0117jo dainuoti rusi\u0161kai, nors chore yra dainuojan\u010di\u0173 ir rus\u0173 tautyb\u0117s \u017emoni\u0173. M\u016bs\u0173 repertuare neliko rusi\u0161k\u0173 dain\u0173. Prad\u0117jome dainuoti angl\u0173, lotyn\u0173 kalbomis. Mes dalyvavome visose \u0160iaur\u0117s Baltijos \u0161ali\u0173 tarptautiniuose festivaliuose, kur visada buvome paruo\u0161\u0119 tos \u0161alies kalba dain\u0105.<\/p>\n\n\n\n<p><br><strong>Ar teko choro istorijoje atlikti stambios formos k\u016brinius?<\/strong><\/p>\n\n\n\n<p><br>Taip \u017einoma teko atlikti. Atlikome savo koncertin\u0117je programoje fragment\u0105 Aleksandro Skriabino pirmosios simfonijos final\u0105 ,,Menui \u0161lov\u0117\u201c, finalin\u012f chor\u0105 ,,Aleliuja\u2018 i\u0161 Georgo Friedricho H\u00e1ndelio oratorijos ,,Judas Makad\u0117jus\u201c ir Carlo Orffo kontat\u0105 ,,Carmina Burana\u201c.<\/p>\n\n\n\n<p><br><strong>Kaip dabar repetuojate, koks darbo pob\u016bdis?<\/strong><\/p>\n\n\n\n<p><br>Mes repetuojame tris kartus savait\u0117je. Pirmadieniais su moterimis, antradien\u012f su vyrais, o ketvirtadieniais darome bendr\u0105 repeticij\u0105. Dabar kolektyve dainuoja 43 choristai. Did\u017eiausias skai\u010dius chore buvo 1985 m., tada dainavo apie a\u0161tuoniasde\u0161imt dalyvi\u0173. Per vis\u0105 mano darbo laik\u0105 jau yra i\u0161keliav\u0119 Anapilin apie keturiasde\u0161imt chorist\u0173. Bendrai pasikeit\u0117 vir\u0161 dviej\u0173 \u0161imt\u0173 chorist\u0173. Per metus pasikei\u010dia nuo 2 iki 5 dalyvi\u0173. Labai \u012fkalbinti \u017emoni\u0173 nereikia, kad ateit\u0173 dainuoti, nes nuo seno choras turi garbing\u0105 vard\u0105 ir \u010dia patekusiems, saky\u010diau yra garb\u0117 dainuoti. Nors \u017einoma, reikia tur\u0117ti sugeb\u0117jim\u0173 dainuoti chore. Pirma, nauj\u0173 nari\u0173 visada patikrinu klaus\u0105, da\u017eniausiai tai atlieku prie viso choro, kad b\u016bsimam dainininkui i\u0161tekt\u0173 dr\u0105sos padainuoti. Nors tekdavo ir nema\u017eai j\u0173 nepriimti, pasitaikydavo norin\u010di\u0173 dainuoti \u012fvairi\u0173 \u017emoni\u0173.<\/p>\n\n\n\n<p><br><strong>Kaip ruo\u0161iat\u0117s repeticijoms, ar daug laiko tenka skirti pasiruo\u0161imui?<\/strong><\/p>\n\n\n\n<p><br>Da\u017eniausiai k\u016brinius savo repertuarui pasi\u016blau a\u0161 pats, tai yra vadovo darbas. Tenka kiekvien\u0105 partij\u0105 per\u017ei\u016br\u0117ti, kiekvien\u0105 k\u016brin\u012f gerai i\u0161analizuoti, tik tada galiu ateiti ir dirbti su choru. B\u016bt\u0173 negra\u017eu, jei at\u0117jus \u012f chor\u0105 nesusigaudytum su k\u016briniu, partijomis. B\u016bna labai sud\u0117ting\u0173 k\u016brini\u0173, kur darbo pasiruo\u0161imui reikalauja nema\u017eai.<\/p>\n\n\n\n<p><strong>Mi\u0161rus choras ,,Vyturys\u201c gyvuoja jau keturiasde\u0161imt \u0161e\u0161is metus. Ar yra dainuojan\u010di\u0173 dalyvi\u0173 nuo kolektyvo suk\u016brimo prad\u017eios?<\/strong><\/p>\n\n\n\n<p><br>Vyriausias m\u016bs\u0173 choristas yra 84 met\u0173. Mums da\u017eniausiai visada trukdavo vyr\u0173 bals\u0173. Jaunim\u0105 dabar yra sunkiau prisikviesti, dauguma dainuojan\u010di\u0173 yra vidutinio am\u017eiaus ir vyresni dalyviai. Dabar dainuoja vienas vyras ir dvi moterys nuo pirm\u0173j\u0173 choro \u012fk\u016brimo met\u0173. Keturiasde\u0161imt \u0161e\u0161i choro gyvavimo metai, tai didelis laiko tarpas.<\/p>\n\n\n\n<p><br><strong>Kokie j\u016bs\u0173 ateities planai, kokie koncertai J\u016bs\u0173 laukia?<\/strong><\/p>\n\n\n\n<p><br>Dabar ruo\u0161iam\u0117s Vakar\u0173 Lietuvos kra\u0161to dain\u0173 \u0161ventei, kuri vyks bir\u017eelio 11-12 d. Klaip\u0117doje. \u0160vent\u0117 tur\u0117jo \u012fvykti dar 2020 m, bet d\u0117l pandemijos, perkelta \u012f \u0161iuos metus. Daug labai met\u0173 jau dirbu su choru, su\u0117jo 46 m. darbo chore, nor\u0117\u010diau i\u0161dirbti ir penkiasde\u0161imt, bet ka\u017ein ar u\u017eteks sveikatos. Niekas Ukmerg\u0117je nei\u0161dirbo tiek laiko.<\/p>\n\n\n\n<p><br><strong>D\u0117koju u\u017e pokalb\u012f, nor\u0117\u010diau palink\u0117ti geriausios sveikatos ir dar ilgai draugauti su choru ,,Vyturiu\u201c.<\/strong><\/p>\n\n\n\n<p class=\"has-text-align-center\"><strong>Kalbino: Indr\u0117 Bareikyt\u0117, LMTA student\u0117<\/strong><\/p>\n","protected":false},"excerpt":{"rendered":"<p>Pokalbis su choro vadovu Antanu Pociumi Antanas Pocius (g. 1945 m. rugs\u0117jo 16 d. Betygaloje) &#8211; choro dirigentas ir pedagogas. Nuo 1970 m.- Ukmerg\u0117s vaik\u0173 muzikos mokyklos akordeono specialyb\u0117s d\u0117stytojas&hellip; <\/p>\n","protected":false},"author":2,"featured_media":2510,"comment_status":"open","ping_status":"open","sticky":false,"template":"","format":"standard","meta":{"footnotes":""},"categories":[5],"tags":[],"_links":{"self":[{"href":"https:\/\/choras.lt\/index.php\/wp-json\/wp\/v2\/posts\/2507"}],"collection":[{"href":"https:\/\/choras.lt\/index.php\/wp-json\/wp\/v2\/posts"}],"about":[{"href":"https:\/\/choras.lt\/index.php\/wp-json\/wp\/v2\/types\/post"}],"author":[{"embeddable":true,"href":"https:\/\/choras.lt\/index.php\/wp-json\/wp\/v2\/users\/2"}],"replies":[{"embeddable":true,"href":"https:\/\/choras.lt\/index.php\/wp-json\/wp\/v2\/comments?post=2507"}],"version-history":[{"count":2,"href":"https:\/\/choras.lt\/index.php\/wp-json\/wp\/v2\/posts\/2507\/revisions"}],"predecessor-version":[{"id":2509,"href":"https:\/\/choras.lt\/index.php\/wp-json\/wp\/v2\/posts\/2507\/revisions\/2509"}],"wp:featuredmedia":[{"embeddable":true,"href":"https:\/\/choras.lt\/index.php\/wp-json\/wp\/v2\/media\/2510"}],"wp:attachment":[{"href":"https:\/\/choras.lt\/index.php\/wp-json\/wp\/v2\/media?parent=2507"}],"wp:term":[{"taxonomy":"category","embeddable":true,"href":"https:\/\/choras.lt\/index.php\/wp-json\/wp\/v2\/categories?post=2507"},{"taxonomy":"post_tag","embeddable":true,"href":"https:\/\/choras.lt\/index.php\/wp-json\/wp\/v2\/tags?post=2507"}],"curies":[{"name":"wp","href":"https:\/\/api.w.org\/{rel}","templated":true}]}}