{"id":251,"date":"2020-12-09T16:01:53","date_gmt":"2020-12-09T16:01:53","guid":{"rendered":"https:\/\/choras.lt\/?p=251"},"modified":"2020-12-18T15:38:15","modified_gmt":"2020-12-18T15:38:15","slug":"sutrinko-trinko-busimas-liepaiciu-ir-afrikos-bugnu-albumas","status":"publish","type":"post","link":"https:\/\/choras.lt\/index.php\/2020\/12\/09\/sutrinko-trinko-busimas-liepaiciu-ir-afrikos-bugnu-albumas\/","title":{"rendered":"&#8220;Sutrinko trinko&#8221; &#8211; b\u016bsimas &#8220;Liepai\u010di\u0173&#8221; ir &#8220;Afrikos b\u016bgn\u0173&#8221; albumas"},"content":{"rendered":"\n<p>Lietuvi\u0161kos sutartin\u0117s naujai suskamb\u0117s \u201eLiepai\u010di\u0173\u201c&nbsp;choro ir \u201eAfrikos b\u016bgn\u0173\u201c albume&nbsp;Vilniaus miesto chorinio dainavimo mokykla \u201eLiepait\u0117s\u201c \u0161iandien kvie\u010dia i\u0161girsti pirm\u0105 dain\u0105 ir&nbsp;vaizdo klip\u0105 i\u0161 b\u016bsimo albumo \u201eSutrinko trinko\u201c. Album\u0105, skirt\u0105 naujai pa\u017evelgti \u012f lietuvi\u0161kas&nbsp;sutartines bei atrasti netik\u0117t\u0105 choro ir b\u016bgn\u0173 s\u0105veik\u0105, mergin\u0173 choras \u012fra\u0161\u0117 kartu su ansambliu&nbsp;\u201eAfrikos b\u016bgnai\u201c.<\/p>\n\n\n\n<p>\u200e<br>Specialiai \u0161iam projektui Vitalijaus Neugasimovo aran\u017euot\u0173 sutartini\u0173 premjera \u012fvyko pavasar\u012f, su&nbsp;gyvomis vaizdo projekcijomis bei perkusijos grup\u0117s \u201eAfrikos b\u016bgnai\u201c ritmais. Ta\u010diau d\u0117l&nbsp;prasid\u0117jusios pandemijos suplanuotus koncertus teko nukelti. Taip projektas su garso re\u017eisieriaus&nbsp;Algirdo Dr\u0117mos pagalba transformavosi \u012f album\u0105 bei septynis video klipus, kurtus animatoriaus&nbsp;Pijaus \u010ceikausko.<\/p>\n\n\n\n<p>\u200e<br>\u201eN\u0117ra to blogo, kas nei\u0161eit\u0173 \u012f ger\u0105. Lietuvos Kult\u016bros Tarybos, par\u0117musios \u0161\u012f projekt\u0105, lankstus&nbsp;po\u017ei\u016bris \u012f susiklos\u010diusi\u0105 pad\u0117t\u012f leido atsirasti dar didesnei auditorijai prieinamam ir&nbsp;ilgaam\u017ei\u0161kesniam produktui \u2013 skaitmeniniam albumui\u201c, \u2013&nbsp;rezultatu d\u017eiaugiasi mergin\u0173 choro<br>vadov\u0117 Jolita Vaitkevi\u010dien\u0117.<\/p>\n\n\n\n<p>\u200e<br>Skaitmeninis albumas \u201eSutrinko trinko\u201c Spotify ir Pakartot skaitmenin\u0117se platformose atsiras&nbsp;sausio 12 d. Iki tol kas savait\u0119 mergin\u0173 choras \u017eada klausytojus nustebinti vis nauju animuotu&nbsp;vaizdo klipu. Tiek skaitmeninis albumas, tiek animuoti video \u201eLiepait\u0117ms\u201c&nbsp;\u2013 naujos i\u0161rai\u0161kos&nbsp;formos.<\/p>\n\n\n\n<p>\u200e<br>Kaip pasakoja mergin\u0173 choro vadov\u0117 ir id\u0117jos sumanytoja J. Vaitkevi\u010dien\u0117, mintis apie toki\u0105&nbsp;program\u0105 kilo minint de\u0161imties met\u0173 sukakt\u012f, kai Kenijoje lietuvi\u0173 liaudies sutartin\u0117s UNESCO buvo&nbsp;pripa\u017eintos kaip unikalus, saugotinas tradicin\u0117s polifonin\u0117s muzikos fenomenas.&nbsp;Pos\u0117d\u017eio vieta Afrikoje simboli\u0161kai inspiravo \u201eLiepai\u010di\u0173\u201c&nbsp;mergin\u0173 chor\u0105 b\u016btent 2020 metais sukurti&nbsp;program\u0105, gr\u012fst\u0105 lietuvi\u0161k\u0173 sutartini\u0173 pirmaprad\u0117s melodikos ir Afrikos b\u016bgn\u0173 ritm\u0173 sinergija.<\/p>\n\n\n\n<p>\u200e<br>\u201eAfrikos b\u016bgn\u0173\u201c studijos \u012fk\u016br\u0117jas, perkusininkas Gediminas Ma\u010diulskis neatsitiktinai pakviestas&nbsp;projekte b\u016bti atsakingu u\u017e ritmo inkliuzus. Su kolegomis jau eil\u0119 met\u0173 muzikantas s\u0117kmingai&nbsp;u\u017esiima edukacine, interaktyvia veikla, yra gerai pa\u017ein\u0119s Vakar\u0173 Afrikos b\u016bgn\u0173 muzik\u0105, \u0161okius ir&nbsp;kult\u016br\u0105. Septyniuose albumo k\u016briniuose galima i\u0161girsti atlik\u0117j\u0105 grojant instrumentais: djabara,&nbsp;kenkeni, kesereni, sangban, dunumba, djembe ir balafonu.<\/p>\n\n\n\n<p>\u200e<br>\u012evairios scenin\u0117s veiklos patirties sukaup\u0119s mergin\u0173 choras \u201eLiepait\u0117s\u201c \u2013 atviras k\u016brybiniams&nbsp;ie\u0161kojimams. Daininink\u0117s yra dalyvavusios G. Varno re\u017eisuotame A. Vivaldi oratorijos \u201eJuditos&nbsp;triumfas\u201c teatralizuotame pastatyme, L. Vilkon\u010diaus operoje \u201eBenediktas ir \u017eirafa\u201c, atliko progresyv\u0173&nbsp;J. Pranulyt\u0117s \u012fvietint\u0105 audio-vizualin\u012f cikl\u0105 \u201eVandenys\u201c bei du kartus nugal\u0117jo \u201eLRT\u201c projekte&nbsp;\u201eLietuvos balsai\u201c.\u201c Dabar mergin\u0173 choras kvie\u010dia sudalyvauti skaitmenin\u0117je \u201eSutrinko trinko\u201c&nbsp;patirtyje.<\/p>\n\n\n\n<p>\u200e<\/p>\n\n\n\n<p>Pirmojo albumo k\u016brinio animuotas video:&nbsp;Liepait\u0117s ir Afrikos b\u016bgnai &#8211; \u201eSutrinko trinko\u201c: https:\/\/youtu.be\/n3SCZwEFO3M&nbsp;<\/p>\n","protected":false},"excerpt":{"rendered":"<p>Lietuvi\u0161kos sutartin\u0117s naujai suskamb\u0117s \u201eLiepai\u010di\u0173\u201c&nbsp;choro ir \u201eAfrikos b\u016bgn\u0173\u201c albume&nbsp;Vilniaus miesto chorinio dainavimo mokykla \u201eLiepait\u0117s\u201c \u0161iandien kvie\u010dia i\u0161girsti pirm\u0105 dain\u0105 ir&nbsp;vaizdo klip\u0105 i\u0161 b\u016bsimo albumo \u201eSutrinko trinko\u201c. Album\u0105, skirt\u0105 naujai pa\u017evelgti&hellip; <\/p>\n","protected":false},"author":1,"featured_media":334,"comment_status":"open","ping_status":"open","sticky":false,"template":"","format":"standard","meta":{"footnotes":""},"categories":[3],"tags":[],"_links":{"self":[{"href":"https:\/\/choras.lt\/index.php\/wp-json\/wp\/v2\/posts\/251"}],"collection":[{"href":"https:\/\/choras.lt\/index.php\/wp-json\/wp\/v2\/posts"}],"about":[{"href":"https:\/\/choras.lt\/index.php\/wp-json\/wp\/v2\/types\/post"}],"author":[{"embeddable":true,"href":"https:\/\/choras.lt\/index.php\/wp-json\/wp\/v2\/users\/1"}],"replies":[{"embeddable":true,"href":"https:\/\/choras.lt\/index.php\/wp-json\/wp\/v2\/comments?post=251"}],"version-history":[{"count":1,"href":"https:\/\/choras.lt\/index.php\/wp-json\/wp\/v2\/posts\/251\/revisions"}],"predecessor-version":[{"id":252,"href":"https:\/\/choras.lt\/index.php\/wp-json\/wp\/v2\/posts\/251\/revisions\/252"}],"wp:featuredmedia":[{"embeddable":true,"href":"https:\/\/choras.lt\/index.php\/wp-json\/wp\/v2\/media\/334"}],"wp:attachment":[{"href":"https:\/\/choras.lt\/index.php\/wp-json\/wp\/v2\/media?parent=251"}],"wp:term":[{"taxonomy":"category","embeddable":true,"href":"https:\/\/choras.lt\/index.php\/wp-json\/wp\/v2\/categories?post=251"},{"taxonomy":"post_tag","embeddable":true,"href":"https:\/\/choras.lt\/index.php\/wp-json\/wp\/v2\/tags?post=251"}],"curies":[{"name":"wp","href":"https:\/\/api.w.org\/{rel}","templated":true}]}}