{"id":2564,"date":"2022-06-29T16:26:37","date_gmt":"2022-06-29T16:26:37","guid":{"rendered":"https:\/\/choras.lt\/?p=2564"},"modified":"2022-06-29T16:26:39","modified_gmt":"2022-06-29T16:26:39","slug":"operos-tenoras-tomas-pavilionis-laisve-man-asocijuojasi-su-dekingumo-jausmu","status":"publish","type":"post","link":"https:\/\/choras.lt\/index.php\/2022\/06\/29\/operos-tenoras-tomas-pavilionis-laisve-man-asocijuojasi-su-dekingumo-jausmu\/","title":{"rendered":"Operos tenoras Tomas Pavilionis: \u201eLaisv\u0117 man asocijuojasi su d\u0117kingumo jausmu\u201c"},"content":{"rendered":"\n<p>\u017demaitijos dvar\u0173 muzikos festivalis 2-\u0105j\u012f leidim\u0105 pradeda Oginski\u0173 r\u016bmuose Plung\u0117je. Sve\u010dius prad\u017eiugins puikiu operos i\u0161trauk\u0173 koncertu dviems tenorams \u201eLaisv\u0117 melodramoje ir Maneskin\u201c. Tomas Pavilionis, vienas geriausi\u0173 Lietuvos tenor\u0173, Lietuvos nacionalinio operos ir baleto teatro solistas, atliks arijas i\u0161 s\u0117kmingai pristatyt\u0173 vaidmen\u0173 teatre \u2013 Ferrando arij\u0105 i\u0161 W.A.Mozarto \u201eVisos jos tokios\u201c, Nemorino romanti\u0161kai aistring\u0105 meil\u0117s i\u0161pa\u017eint\u012f i\u0161 G. Donizetti k\u016brinio \u201eMeil\u0117s eliksyras\u201c ir kitas arijas. Ital\u0173 tenoras Donato Ravini klausytojus pamalonins arijomis i\u0161 oper\u0173 W.A.Mozarto \u201eDon \u017duanas\u201c, G. Rossini \u201eSevilijos kirp\u0117jas\u201c, G.Puccini \u201eTosca\u201c ir kit\u0173.<\/p>\n\n\n\n<p>\u201ePirmiausia laisv\u0117 man asocijuojasi su d\u0117kingumo jausmu. Esu laimingas ir d\u0117kingas, kad galiu daryti tai, kuo tikiu. \u0160iais neramiais laikais net tie, kas gim\u0117 laisvoje Lietuvoje, pradeda suprasti laisv\u0117s trapum\u0105 ir svarb\u0105, tod\u0117l linkiu kiekvienam nuolat pagalvoti ir bent jau mintyse pad\u0117koti tiems, kas kovojo ir suteik\u0117 mums laisv\u0117s dovan\u0105\u201c, &#8211; sako Tomas Pavilionis.<\/p>\n\n\n\n<p>\u201eKlasikos degustacijos\u201c k\u016br\u0117jai savo klausytojus m\u0117gsta nustebinti, tod\u0117l \u0161iame melodramai (operai) skirtame renginyje i\u0161girsime ir populiariausios \u0161i\u0173 dien\u0173 roko grup\u0117s \u201eManeskin\u201c gabal\u0105, atliekam\u0105 klasikiniu stiliumi, bei \u017einomo Italijos romanti\u0161k\u0173 ir kartu ironi\u0161k\u0173 dain\u0173 autoriaus ir atlik\u0117jo Fabrizio De Andr\u0205 dain\u0105. Solistams akompanuos ilgamet\u0117 maestro Virgilijaus Noreikos pianist\u0117, Lietuvos nacionalinio operos ir baleto teatro koncertmeister\u0117 Lina Giedraityt\u0117.<\/p>\n\n\n\n<p>\u0160i\u0173me\u010dio festivalio tema \u2013 laisv\u0117. Jame dalyvauja nema\u017eai artist\u0173 i\u0161 sve\u010di\u0173 \u0161ali\u0173: i\u0161 Pranc\u016bzIjos atvyksta smuikinink\u0117 Magdalena Geka bei \u012fsp\u016bdinga pora &#8211; tenoras-akordeonistas Remy Poulakis su mecosopranu Sarah Laulan, i\u0161 Latvijos &#8211; pianist\u0117 Iveta Calite, ital\u0173 menininkas Donato Ravini.<\/p>\n\n\n\n<p>Festivalio koncertai vyks \u017demaitjos dvaruose: Oginski\u0173 r\u016bmuose Plung\u0117je, Renavo dvaro sodyboje, Palangos gintaro muziejuje (J.J. Ti\u0161kevi\u010diaus palikimas) ir Tel\u0161i\u0173 miesto amfiteatre.<\/p>\n\n\n\n<p><br>Antr\u0105 kart\u0105 regiono verslo lyder\u0117 AB ORLEN Lietuva patvirtino savo mecenatyst\u0119, d\u0117ka \u0161ios Vakar\u0173 Lietuvos kompanijos festivalis \u012fvyks ir penkis vasaros vakarus d\u017eiugins muzika \u017emoni\u0173 \u0161irdis. \u012e atidarymo koncert\u0105 biliet\u0173 kainos nutirpo. Kiti festivalio r\u0117m\u0117jai: Plung\u0117s lag\u016bna, Plung\u0117s \u0161altis, Oginski hotel, Lietuvos bajor\u0173 karali\u0161koji s\u0105junga, Transkela, Baltic Blue Berry, informaciniai partneriai \u2013 Santarv\u0117 ir Tel\u0161i\u0173 \u017einios.<\/p>\n\n\n\n<p><br>Renginio bilietais pasir\u016bpinkite \u010dia Laisv\u0117 melodramoje ir MANESKIN. Festivalis tickets.paysera.com, taip pat galite \u012fsigyti \u017demai\u010di\u0173 dail\u0117s muziejaus kasoje ir prie\u0161 rengin\u012f.<\/p>\n","protected":false},"excerpt":{"rendered":"<p>\u017demaitijos dvar\u0173 muzikos festivalis 2-\u0105j\u012f leidim\u0105 pradeda Oginski\u0173 r\u016bmuose Plung\u0117je. Sve\u010dius prad\u017eiugins puikiu operos i\u0161trauk\u0173 koncertu dviems tenorams \u201eLaisv\u0117 melodramoje ir Maneskin\u201c. Tomas Pavilionis, vienas geriausi\u0173 Lietuvos tenor\u0173, Lietuvos nacionalinio&hellip; <\/p>\n","protected":false},"author":2,"featured_media":2566,"comment_status":"open","ping_status":"open","sticky":false,"template":"","format":"standard","meta":{"footnotes":""},"categories":[2],"tags":[],"_links":{"self":[{"href":"https:\/\/choras.lt\/index.php\/wp-json\/wp\/v2\/posts\/2564"}],"collection":[{"href":"https:\/\/choras.lt\/index.php\/wp-json\/wp\/v2\/posts"}],"about":[{"href":"https:\/\/choras.lt\/index.php\/wp-json\/wp\/v2\/types\/post"}],"author":[{"embeddable":true,"href":"https:\/\/choras.lt\/index.php\/wp-json\/wp\/v2\/users\/2"}],"replies":[{"embeddable":true,"href":"https:\/\/choras.lt\/index.php\/wp-json\/wp\/v2\/comments?post=2564"}],"version-history":[{"count":1,"href":"https:\/\/choras.lt\/index.php\/wp-json\/wp\/v2\/posts\/2564\/revisions"}],"predecessor-version":[{"id":2565,"href":"https:\/\/choras.lt\/index.php\/wp-json\/wp\/v2\/posts\/2564\/revisions\/2565"}],"wp:featuredmedia":[{"embeddable":true,"href":"https:\/\/choras.lt\/index.php\/wp-json\/wp\/v2\/media\/2566"}],"wp:attachment":[{"href":"https:\/\/choras.lt\/index.php\/wp-json\/wp\/v2\/media?parent=2564"}],"wp:term":[{"taxonomy":"category","embeddable":true,"href":"https:\/\/choras.lt\/index.php\/wp-json\/wp\/v2\/categories?post=2564"},{"taxonomy":"post_tag","embeddable":true,"href":"https:\/\/choras.lt\/index.php\/wp-json\/wp\/v2\/tags?post=2564"}],"curies":[{"name":"wp","href":"https:\/\/api.w.org\/{rel}","templated":true}]}}