{"id":2574,"date":"2022-07-04T05:19:37","date_gmt":"2022-07-04T05:19:37","guid":{"rendered":"https:\/\/choras.lt\/?p=2574"},"modified":"2022-07-04T05:19:40","modified_gmt":"2022-07-04T05:19:40","slug":"tautiska-giesme-aplink-pasauli-parodys-lietuviu-solidarumo-jega","status":"publish","type":"post","link":"https:\/\/choras.lt\/index.php\/2022\/07\/04\/tautiska-giesme-aplink-pasauli-parodys-lietuviu-solidarumo-jega\/","title":{"rendered":"\u201eTauti\u0161ka giesm\u0117 aplink pasaul\u012f\u201c parodys lietuvi\u0173 solidarumo j\u0117g\u0105"},"content":{"rendered":"\n<h3 class=\"wp-block-heading\"><strong>\u0160iemet liepos 6-\u0105j\u0105, Lietuvos Valstyb\u0117s dien\u0105, \u201eTauti\u0161ka giesm\u0117 aplink pasaul\u012f\u201d nuskamb\u0117s jau keturiolikt\u0105j\u012f kart\u0105. Kur begyvent\u0173 ar besisve\u010diuot\u0173, \u0161v\u0119sdami Valstyb\u0117s dien\u0105 lietuviai visame pasaulyje susitelkia ir gieda Lietuvos himn\u0105. \u201eSolidar\u016bs \u2013 mes stipr\u016bs!\u201d \u2013 tokia \u017einia \u0161iemet apskries pasaul\u012f ir parodys, kad\u00a0 tvirti ir stipr\u016bs esame tod\u0117l, kad mokame susitelkti.<\/strong><\/h3>\n\n\n\n<p>\u201ePastar\u0173j\u0173 met\u0173 patirtis parod\u0117, kaip greitai ir stipriai lietuviai moka susitelkti, siekdami \u012fveikti i\u0161kylan\u010dias gr\u0117smes. Tik solidarumas suteikia mums j\u0117g\u0173, kuri\u0173 prireikia vis naujiems i\u0161\u0161\u016bkiams atremti, \u2013 sako \u201eTauti\u0161kos giesm\u0117s aplink pasaul\u012f\u201c sumanytojas Raimundas Daubaras. \u2013 \u0160iemet pasauliui ir vieni kitiems ne\u0161ime \u017eini\u0105, kad m\u016bs\u0173 j\u0117ga \u2013 susitelkimas, kuris padeda apginti brangiausia, k\u0105 turime \u2013 laisv\u0119, gyvyb\u0119, lietuvi\u0173 kult\u016br\u0105 ir tradicijas.\u201c &nbsp;<\/p>\n\n\n\n<p><strong>Valstyb\u0117s diena \u2013 geriausia proga parodyti sau ir pasauliui lietuvi\u0173 solidarumo gali\u0105<\/strong><\/p>\n\n\n\n<p>Lietuvos Respublikos Prezidento Gitano Naus\u0117dos \u012fsitikinimu, pastar\u0173j\u0173 met\u0173 krizi\u0173 ir i\u0161\u0161\u016bki\u0173 akivaizdoje susitelkimas ir solidarumas svarb\u016bs kaip niekada. Prie\u0161 kelerius metus pasaulyje prasid\u0117jusi pandemija atskleid\u0117 ir pilieti\u0161kumo bei bendruomeninio veikimo gali\u0105, kuomet medikai, savanoriai, nevyriausybin\u0117s organizacijos ir valstyb\u0117s institucijos veik\u0117 i\u0161vien, siekdami vieno tikslo. Pasienie\u010di\u0173 ir kari\u0173 profesionalumas, \u012fvairi\u0173 institucij\u0173 vieningas darbas leido suvaldyti hibridin\u0119 atak\u0105 Baltarusijos pasienyje. O \u0161iemet Rusijos prad\u0117tas karas prie\u0161 Ukrain\u0105 dar labiau paliudijo laisv\u0173 \u017emoni\u0173 solidarumo ir susitelkimo svarb\u0105.<\/p>\n\n\n\n<p>\u201eVeikimas i\u0161vien, i\u0161laikant pagarb\u0105 kitam ir kito nuomonei, yra i\u0161ties laisv\u0173 ir laisv\u0119 mylin\u010di\u0173 \u017emoni\u0173 bruo\u017eas. \u0160ioje pasaulio dalyje laisv\u0117 n\u0117ra savaime suprantamas dalykas: j\u0105 reikia i\u0161sikovoti ir ginti. Jau daug kart\u0173 mes, lietuviai, \u012frod\u0117me, kad \u0161\u012f laisv\u0117s egzamin\u0105 esminiais momentais esame pasireng\u0119 i\u0161laikyti, \u2013 sako Prezidentas Gitanas Naus\u0117da. \u2013 Dar daugiau \u2013 esame pasiruo\u0161\u0119 \u0161ia pilietine galia ir susitelkimu dalintis. Tad tegu Valstyb\u0117s dienos \u0161vent\u0117 tampa dar vienu priminimu, kad skambant did\u017ei\u0173j\u0173 ideal\u0173 kupinai \u201eTauti\u0161kai giesmei\u201c, mes vis i\u0161 naujo \u012fsipareigojame tvirtai stov\u0117ti tiesos ir \u0161viesos pus\u0117je, kuomet \u0161iuos idealus bandoma paminti.\u201c<\/p>\n\n\n\n<p><strong>Vytautas Landsbergis: \u201eSolidarumas suteik\u0117 mums j\u0117g\u0173 atkurti nepriklausomyb\u0119.\u201c<\/strong><\/p>\n\n\n\n<p>Atkuriam\u0105 Lietuvos nepriklausomyb\u0119 1990 m. paskelbusios LR Auk\u0161\u010diausiosios Tarybos pirmininkas prof. Vytautas Landsbergis atkreipia d\u0117mes\u012f, kad Rusijos karo prie\u0161 Ukrain\u0105 akivaizdoje ypa\u010d gerai matoma, &nbsp;kaip svarbu mok\u0117ti susitelkti ir apginti savo tautos laisv\u0119, teis\u0119 \u012f tapatyb\u0119 ir tradicijas. &nbsp;<\/p>\n\n\n\n<p>\u201eTurime gra\u017eiausi\u0105 pasauly himn\u0105. Giedokime ir galvokime, k\u0105 juo sakome\u201c, \u2013 kvie\u010dia prof. V. Landsbergis. &nbsp;&nbsp;&nbsp;&nbsp;&nbsp;<\/p>\n\n\n\n<p><strong>Lietuvos t\u016bkstantme\u010dio proga gimusi tradicija suk\u016br\u0117 \u201eTauti\u0161kos giesm\u0117s\u201c dien\u0105<\/strong><\/p>\n\n\n\n<p>\u201eTauti\u0161kos giesm\u0117s aplink pasaul\u012f\u201c id\u0117ja gim\u0117 2009-aisiais, kai \u201eT\u016bkstantme\u010dio odis\u0117ja&#8221; pakviet\u0117 viso pasaulio lietuvius vienu metu sugiedoti Lietuvos himn\u0105 ir pirm\u0105kart kelioms istorin\u0117ms akimirkoms \u017dem\u0117s rutul\u012f apjuosti gyv\u0173 bals\u0173 \u017eiedu. Taip garsiai ir i\u0161did\u017eiai buvo prane\u0161ta, kad Lietuvos vardui \u2013 1000 met\u0173. Pirmaisiais metais \u201eTauti\u0161k\u0105 giesm\u0119\u201c giedojo 26 lietuvi\u0173 bendruomen\u0117s visame pasaulyje. Nuo tol \u0161i unikali tautos iniciatyva, palaikoma aktyvi\u0173 bendruomeni\u0173 ir pavieni\u0173 \u017emoni\u0173, tapo gyva m\u016bs\u0173 laik\u0173 tradicija. O nuo 2019 m. Lietuvos Respublikos Seimo sprendimu liepos 6-oji \u0161ven\u010diama ne tik kaip Valstyb\u0117s ar Mindaugo kar\u016bnavimo diena, bet ir kaip \u201eTauti\u0161kos giesm\u0117s\u201c diena.<\/p>\n\n\n\n<p><strong>\u201eTauti\u0161ka giesm\u0117\u201c \u0161iemet bus transliuojama i\u0161 Alytaus \u2013 \u201eLietuvos kult\u016bros sostin\u0117s 2022\u201d<\/strong><\/p>\n\n\n\n<p>\u0160iemet pagrindinis renginys, kuris bus transliuojamas nacionalinio transliuotojo LRT televizijos, vyks Alytuje \u2013 \u201eLietuvos kult\u016bros sostin\u0117je 2022\u201c. \u0160ventinis koncertas \u0161alia auk\u0161\u010diausio p\u0117s\u010di\u0173j\u0173 Lietuvoje Baltosios ro\u017e\u0117s tilto prasid\u0117s 19&nbsp;val., o jo kulminacija taps 21 val. kartu giedama \u201eTauti\u0161ka giesm\u0117\u201c.<\/p>\n\n\n\n<p>Valstyb\u0117s diena taip pat bus \u0161ven\u010diama ne tik visoje Lietuvoje, bet ir de\u0161imtyse pasaulio \u0161ali\u0173, kur gyvena lietuviai. Vis\u0105 liepos 6-\u0105j\u0105 visose laiko zonose skirtingose valstyb\u0117se gyvai skamb\u0117s Lietuvos himnas.<\/p>\n\n\n\n<p>\u201eStiprinant solidarum\u0105 svarbus kiekvieno \u017emogaus ind\u0117lis, kiekvienas balsas. Tod\u0117l kvie\u010diame visus Lietuvos patriotus pasid\u017eiaugti m\u016bs\u0173 geb\u0117jimu susitelkti ir prisijungti prie \u201eTauti\u0161kos giesm\u0117s aplink pasaul\u012f\u201c. Stipr\u016bs i\u0161liksime, jei b\u016bsime solidar\u016bs\u201c, \u2013&nbsp; kvie\u010dia R. Daubaras.<\/p>\n","protected":false},"excerpt":{"rendered":"<p>\u0160iemet liepos 6-\u0105j\u0105, Lietuvos Valstyb\u0117s dien\u0105, \u201eTauti\u0161ka giesm\u0117 aplink pasaul\u012f\u201d nuskamb\u0117s jau keturiolikt\u0105j\u012f kart\u0105. Kur begyvent\u0173 ar besisve\u010diuot\u0173, \u0161v\u0119sdami Valstyb\u0117s dien\u0105 lietuviai visame pasaulyje susitelkia ir gieda Lietuvos himn\u0105. \u201eSolidar\u016bs&hellip; <\/p>\n","protected":false},"author":2,"featured_media":2576,"comment_status":"open","ping_status":"open","sticky":false,"template":"","format":"standard","meta":{"footnotes":""},"categories":[7],"tags":[],"_links":{"self":[{"href":"https:\/\/choras.lt\/index.php\/wp-json\/wp\/v2\/posts\/2574"}],"collection":[{"href":"https:\/\/choras.lt\/index.php\/wp-json\/wp\/v2\/posts"}],"about":[{"href":"https:\/\/choras.lt\/index.php\/wp-json\/wp\/v2\/types\/post"}],"author":[{"embeddable":true,"href":"https:\/\/choras.lt\/index.php\/wp-json\/wp\/v2\/users\/2"}],"replies":[{"embeddable":true,"href":"https:\/\/choras.lt\/index.php\/wp-json\/wp\/v2\/comments?post=2574"}],"version-history":[{"count":1,"href":"https:\/\/choras.lt\/index.php\/wp-json\/wp\/v2\/posts\/2574\/revisions"}],"predecessor-version":[{"id":2575,"href":"https:\/\/choras.lt\/index.php\/wp-json\/wp\/v2\/posts\/2574\/revisions\/2575"}],"wp:featuredmedia":[{"embeddable":true,"href":"https:\/\/choras.lt\/index.php\/wp-json\/wp\/v2\/media\/2576"}],"wp:attachment":[{"href":"https:\/\/choras.lt\/index.php\/wp-json\/wp\/v2\/media?parent=2574"}],"wp:term":[{"taxonomy":"category","embeddable":true,"href":"https:\/\/choras.lt\/index.php\/wp-json\/wp\/v2\/categories?post=2574"},{"taxonomy":"post_tag","embeddable":true,"href":"https:\/\/choras.lt\/index.php\/wp-json\/wp\/v2\/tags?post=2574"}],"curies":[{"name":"wp","href":"https:\/\/api.w.org\/{rel}","templated":true}]}}