{"id":2578,"date":"2022-07-04T05:30:19","date_gmt":"2022-07-04T05:30:19","guid":{"rendered":"https:\/\/choras.lt\/?p=2578"},"modified":"2022-07-04T05:31:11","modified_gmt":"2022-07-04T05:31:11","slug":"ispaniskos-muzikos-ritmams-festivalyje-lnobt-open-pritare-griaustinio-aidai","status":"publish","type":"post","link":"https:\/\/choras.lt\/index.php\/2022\/07\/04\/ispaniskos-muzikos-ritmams-festivalyje-lnobt-open-pritare-griaustinio-aidai\/","title":{"rendered":"Ispani\u0161kos muzikos ritmams festivalyje \u201eLNOBT Open\u201c pritar\u0117 griaustinio aidai"},"content":{"rendered":"\n<p><br>Valdov\u0173 r\u016bm\u0173 kieme pastatytoje did\u017eiul\u0117je scenoje vykstantis festivalis \u201eLNOBT Open\u201c tre\u010diadienio vakar\u0105 pakviet\u0117 \u012f koncert\u0105 \u201eIspanijos naktys\u201c, skirt\u0105 Lietuvos ir Ispanijos diplomatini\u0173 santyki\u0173 100-me\u010diui. \u0160is koncertas buvo itin lauktas \u017ei\u016brov\u0173, kurie, nei\u0161sigand\u0119 temstan\u010diame Vilniaus danguje \u0161okusi\u0173 \u017eaib\u0173, u\u017e\u0117m\u0117 visas jiems parengtas vietas.<\/p>\n\n\n\n<p>Koncerto prad\u017eioje publik\u0105 pasveikino Ispanijos Karalyst\u0117s nepaprastasis ir \u012fgaliotasis ambasadorius Lietuvoje Jos\u00e9 Mar\u00eda Robles Fraga, pasid\u017eiaug\u0119s reik\u0161minga Lietuvos ir Ispanijos diplomatini\u0173 santyki\u0173 sukaktimi ir primin\u0119s, kad 1636 m. Valdov\u0173 r\u016bmuose pirmoji Lietuvoje skamb\u0117jusi opera \u201eElenos pagrobimas\u201c buvo atlikta b\u016btent Ispanijos didik\u0173 garbei.<\/p>\n\n\n\n<p>Tuomet estafet\u0119 per\u0117m\u0117 LNOBT simfoninis orkestras ir dirigentas Sesto Quatrini. \u201eLabai nor\u0117jau diriguoti Enrique&#8217;s Granadoso oper\u0105 \u201eGoyescas\u201c, nes tai itin retai atliekamas k\u016brinys. Netgi jo partit\u016bra yra rankra\u0161tis! 1915 m. sukurta vienaveiksm\u0117 opera keturiems solistams, chorui ir orkestrui \u2013 tai meil\u0117s ir pavydo istorija, kuri\u0105 sud\u0117tinga atlikti, bet labai gra\u017eu klausytis. Tai tarsi Richardas Straussas, prabil\u0119s ispan\u0173 kalba\u201c, \u2013 taip \u201eIspanijos nakt\u0173\u201c program\u0105 prad\u0117jus\u012f k\u016brin\u012f yra apib\u016bdin\u0119s LNOBT operos meno vadovas S. Quatrini.<\/p>\n\n\n\n<p>Operos partijas atliko solistai Beatriz Diaz (sopranas), Ieva Prudnikovait\u0117 (mecosopranas), Rafailas Karpis (tenoras) ir Steponas Zonys (baritonas), taip pat LNOBT choro artist\u0117 Indr\u0117 Anankait\u0117. Choro partijas atliko LNOBT choras.<\/p>\n\n\n\n<p>Antroje koncerto dalyje pasirod\u0117 \u017eymus gitaros virtuozas i\u0161 Ispanijos Jos\u00e9 Manuelis Dapena, kuris kartu su LNOBT simfoniniu orkestru atliko kompozitoriaus Joaqu\u00edno Rodrigo Aranchueso koncert\u0105 gitarai ir orkestrui. Vasari\u0161ku lietumi atgaivinusio vakaro program\u0105 u\u017ebaig\u0117 Isaaco Alb\u00e9nizo Ispani\u0161koji siuita, kuri\u0105 kartu su teatro simfoniniu orkestru atliko LNOBT choras (meno vadovas \u2013 \u010ceslovas Rad\u017ei\u016bnas).<\/p>\n\n\n\n<p><br>Liepos 6 d. festivalis \u201eLNOBT Open\u201c kvie\u010dia \u012f  tradicin\u012f Valstyb\u0117s dienos \u0161ventin\u012f rengin\u012f \u2013 Amilcare\u2018s Ponchielli operos \u201eLietuviai\u201c koncertin\u012f atlikim\u0105.<\/p>\n\n\n\n<p><\/p>\n\n\n\n<p class=\"has-text-align-center\"><strong>Martyno Aleksos nuotr.<\/strong><\/p>\n","protected":false},"excerpt":{"rendered":"<p>Valdov\u0173 r\u016bm\u0173 kieme pastatytoje did\u017eiul\u0117je scenoje vykstantis festivalis \u201eLNOBT Open\u201c tre\u010diadienio vakar\u0105 pakviet\u0117 \u012f koncert\u0105 \u201eIspanijos naktys\u201c, skirt\u0105 Lietuvos ir Ispanijos diplomatini\u0173 santyki\u0173 100-me\u010diui. \u0160is koncertas buvo itin lauktas \u017ei\u016brov\u0173,&hellip; <\/p>\n","protected":false},"author":2,"featured_media":2580,"comment_status":"open","ping_status":"open","sticky":false,"template":"","format":"standard","meta":{"footnotes":""},"categories":[2],"tags":[],"_links":{"self":[{"href":"https:\/\/choras.lt\/index.php\/wp-json\/wp\/v2\/posts\/2578"}],"collection":[{"href":"https:\/\/choras.lt\/index.php\/wp-json\/wp\/v2\/posts"}],"about":[{"href":"https:\/\/choras.lt\/index.php\/wp-json\/wp\/v2\/types\/post"}],"author":[{"embeddable":true,"href":"https:\/\/choras.lt\/index.php\/wp-json\/wp\/v2\/users\/2"}],"replies":[{"embeddable":true,"href":"https:\/\/choras.lt\/index.php\/wp-json\/wp\/v2\/comments?post=2578"}],"version-history":[{"count":3,"href":"https:\/\/choras.lt\/index.php\/wp-json\/wp\/v2\/posts\/2578\/revisions"}],"predecessor-version":[{"id":2582,"href":"https:\/\/choras.lt\/index.php\/wp-json\/wp\/v2\/posts\/2578\/revisions\/2582"}],"wp:featuredmedia":[{"embeddable":true,"href":"https:\/\/choras.lt\/index.php\/wp-json\/wp\/v2\/media\/2580"}],"wp:attachment":[{"href":"https:\/\/choras.lt\/index.php\/wp-json\/wp\/v2\/media?parent=2578"}],"wp:term":[{"taxonomy":"category","embeddable":true,"href":"https:\/\/choras.lt\/index.php\/wp-json\/wp\/v2\/categories?post=2578"},{"taxonomy":"post_tag","embeddable":true,"href":"https:\/\/choras.lt\/index.php\/wp-json\/wp\/v2\/tags?post=2578"}],"curies":[{"name":"wp","href":"https:\/\/api.w.org\/{rel}","templated":true}]}}