{"id":2583,"date":"2022-07-04T05:39:03","date_gmt":"2022-07-04T05:39:03","guid":{"rendered":"https:\/\/choras.lt\/?p=2583"},"modified":"2022-07-04T05:39:06","modified_gmt":"2022-07-04T05:39:06","slug":"jei-nebus-tiesioginio-oro-pavojaus-tautiska-giesme-drauge-giedos-ir-ukrainos-lietuviai","status":"publish","type":"post","link":"https:\/\/choras.lt\/index.php\/2022\/07\/04\/jei-nebus-tiesioginio-oro-pavojaus-tautiska-giesme-drauge-giedos-ir-ukrainos-lietuviai\/","title":{"rendered":"Jei nebus tiesioginio oro pavojaus, \u201eTauti\u0161k\u0105 giesm\u0119\u201c drauge giedos ir Ukrainos lietuviai"},"content":{"rendered":"\n<p><br><strong>Rengdamosi \u201eTauti\u0161kai giesmei aplink pasaul\u012f\u201c Lietuvos ir kaimynini\u0173 \u0161ali\u0173 diasporos pabr\u0117\u017eia solidarumo svarb\u0105. \u0160i\u0173 met\u0173 \u0161\u016bkis \u201eSolidar\u016bs \u2013 mes stipr\u016bs!\u201c tiksliausiai atspinti b\u016btinyb\u0119 telkti j\u0117gas ir bendrai kovoti u\u017e savo laisv\u0119. Gegu\u017e\u0119 \u012fsteigta \u201ePasaulin\u0117 Vidurio ir Ryt\u0173 Europos koalicija\u201c konkre\u010diais veiksmais pad\u0117s apginti tiesiogin\u0119 gr\u0117sm\u0119 patirian\u010di\u0173 \u0161ali\u0173 interesus.<\/strong><\/p>\n\n\n\n<p>Pasaulio lietuvi\u0173 bendruomen\u0117s (PLB) pirminink\u0117 Dalia Henke \u012fsitikinusi, kad lietuvi\u0173 solidarumas pasaulyje gali padaryti kur kas daugiau nei matoma i\u0161 pirmo \u017evilgsnio. Lietuvi\u0173 bendruomen\u0117s, aktyviai bendradarbiaudamos su kit\u0173 \u0161ali\u0173 institucijomis ir organizacijomis, atlieka did\u017eiul\u012f darb\u0105, atkreipdamos d\u0117mes\u012f \u012f svarbiausias gr\u0117smes ir problemas, mobilizuodamos \u017emones bendriems veiksmams, rinkdamos aukas ir vykdydamos aktyvi\u0105 informacin\u0119 kampanij\u0105.<\/p>\n\n\n\n<p>\u0160. m. gegu\u017e\u0117s 25 d. \u201ePasaulio ekonomikos forume\u201c Davose&nbsp; keli\u0173 pasaulio bendruomeni\u0173 lyderiai paskelb\u0117 apie \u201ePasaulin\u0117s Vidurio ir Ryt\u0173 Europos koalicijos\u201c (angl.&nbsp;<em>Council of Central and East-European Communities (CEEC))&nbsp;<\/em>suk\u016brim\u0105. Kartu su Pasaulio lietuvi\u0173 bendruomene koalicijos steig\u0117jais tapo Pasaulio est\u0173 taryba, Pasaulio ukrainie\u010di\u0173 kongresas, Pasaulio laisv\u0173j\u0173 latvi\u0173 federacija ir Pasaulio lenk\u0173 taryba. \u0160ios organizacijos atstovauja daugiau kaip 50 mln. \u017emoni\u0173, gyvenan\u010di\u0173 beveik 70-yje valstybi\u0173. Naujai sukurtos koalicijos tikslas \u2013 ginti bendrus interesus ir bendruomeni\u0173 vystym\u0105si. \u0160iandien pagrindinis CEEC prioritetas yra savo \u0161ali\u0173 ir bendruomeni\u0173 visame pasaulyje gynimas nuo vis stipr\u0117jan\u010dios Rusijos agresijos.<\/p>\n\n\n\n<p>\u201eTik palaikydami vieni kitus ir bendradarbiaudami, b\u016bsime pasiruo\u0161\u0119 viskam. Pilieti\u0161ka ir susitelkusi Lietuvos diaspora gyn\u0117 ir gins savo t\u0117vyn\u0119\u201c, \u2013 sako D. Henke. &nbsp;&nbsp; &nbsp; &nbsp; &nbsp; &nbsp; &nbsp; &nbsp; &nbsp; &nbsp; &nbsp; &nbsp; &nbsp; &nbsp; &nbsp; &nbsp; &nbsp; &nbsp; &nbsp; &nbsp; &nbsp; &nbsp; &nbsp; &nbsp;<\/p>\n\n\n\n<p><strong>Jei nebus tiesioginio oro pavojaus, Ukrainos lietuviai kartu giedos \u201eTauti\u0161k\u0105 giesm\u0119\u201c<\/strong><\/p>\n\n\n\n<p>Daugiau kaip 40 met\u0173 Kyjive gyvenanti Ukrainos lietuvi\u0173 bendruomen\u0117s pirminink\u0117 Dalia Makarova pabr\u0117\u017eia, kad lietuvi\u0173 solidarumas tapo stipriu pavyzd\u017eiu, kaip svarbiu metu galima greitai susitelkti ir konkre\u010diais darbais prisid\u0117ti prie bendro tikslo siekimo.<\/p>\n\n\n\n<p>\u201eNors esame nedidel\u0117 tauta, jau daug kart\u0173 \u012frod\u0117me, kad sugebame imtis lyderyst\u0117s ir \u012fgyvendinti dr\u0105siausias iniciatyvas \u2013 tai suteikia palaikym\u0105 ukrainie\u010diams ir padeda jiems i\u0161laikyti auk\u0161t\u0105&nbsp; kovin\u0119 dvasi\u0105, \u2013 pasakoja D. Makarova. \u2013 Lietuvi\u0173 geb\u0117jimas susitelkti jau daugel\u012f met\u0173 ukrainie\u010diams yra solidarumo pavyzdys. Rusijos agresijos prie\u0161 Ukrain\u0105 akivaizdoje lietuvi\u0173 finansin\u0117 parama, prieglobstis pab\u0117g\u0117liams, l\u0117\u0161\u0173 rinkimas ginkluotei, kreipimasis \u012f did\u017ei\u0173j\u0173 pasaulio valstybi\u0173 vadovybes ir pilie\u010dius mobilizuoja daugel\u012f pasaulio \u0161ali\u0173 \u012fsitraukti \u012f pagalb\u0105.\u201c<\/p>\n\n\n\n<p>Ukrainos lietuvi\u0173 bendruomen\u0117s pirminink\u0117s teigimu, jei nekils tiesioginio oro pavojaus, \u201eTauti\u0161kai giesmei aplink pasaul\u012f\u201c Valstyb\u0117s dien\u0105 Ukrainos lietuviai tradici\u0161kai susirinks \u201eUkrainos ir Lietuvos draugyst\u0117s skvere\u201c prie Sofijos Soboro.<\/p>\n\n\n\n<p><strong>Pad\u0117k\u0105 u\u017e lietuvi\u0173 solidarum\u0105 i\u0161rei\u0161k\u0117 ukrainie\u010di\u0173 diasporos atstovyb\u0117s vadovas Briuselyje<\/strong><\/p>\n\n\n\n<p>Ukrainos diasporos atstovyb\u0117s Briuselyje vadovas Ihor Chocholak pabr\u0117\u017eia ypa\u010d didel\u0119 solidarumo svarb\u0105.<\/p>\n\n\n\n<p>\u201e\u0160iuo metu solidarumas rei\u0161kia kur kas daugiau nei tur\u0117ti bendr\u0173 tiksl\u0173. Susitelkimas dabar yra esmin\u0117 s\u0105lyga, kuri u\u017etikrins ne tik atskir\u0173 taut\u0173, bet ir visos \u017emoni\u0173 civilizacijos i\u0161likim\u0105, \u2013&nbsp; sako I. Chocholak. \u2013 Lietuviai, kaip ir ukrainie\u010diai, puikiai supranta, k\u0105 rei\u0161kia patirti priespaud\u0105 ir kaip svarbu iki galo kovoti u\u017e savo laisv\u0119. \u0160iuo metu, kai ukrainie\u010diai gyvybes aukoja u\u017e savo laisv\u0119 ir kaimynini\u0173 \u0161ali\u0173 saugum\u0105, mums kaip niekad svarbus solidarumas \u2013 ekonomin\u0117, humanitarin\u0117, diplomatin\u0117 ir karin\u0117 pagalba. Lietuva turi visas galimybes pasitelkti savo naryst\u0119 Europos S\u0105jungoje ir NATO kariniame aljanse ir pad\u0117ti mums bendrai pasiekti pergal\u0117s.\u201c<\/p>\n\n\n\n<p><strong>\u201eTauti\u0161ka giesm\u0117\u201c \u0161iemet bus transliuojama i\u0161 Alytaus \u2013 \u201eLietuvos kult\u016bros sostin\u0117s 2022\u201d<\/strong><\/p>\n\n\n\n<p>\u0160iemet pagrindinis renginys vyks Alytuje \u2013 \u201eLietuvos kult\u016bros sostin\u0117je 2022\u201c. \u0160ventinis koncertas \u0161alia auk\u0161\u010diausio Lietuvoje p\u0117s\u010di\u0173j\u0173 Baltosios ro\u017e\u0117s tilto prasid\u0117s 19 val., o jo kulminacija taps 21 val. kartu giedama \u201eTauti\u0161ka giesm\u0117\u201c.<\/p>\n","protected":false},"excerpt":{"rendered":"<p>Rengdamosi \u201eTauti\u0161kai giesmei aplink pasaul\u012f\u201c Lietuvos ir kaimynini\u0173 \u0161ali\u0173 diasporos pabr\u0117\u017eia solidarumo svarb\u0105. \u0160i\u0173 met\u0173 \u0161\u016bkis \u201eSolidar\u016bs \u2013 mes stipr\u016bs!\u201c tiksliausiai atspinti b\u016btinyb\u0119 telkti j\u0117gas ir bendrai kovoti u\u017e savo&hellip; <\/p>\n","protected":false},"author":2,"featured_media":2585,"comment_status":"open","ping_status":"open","sticky":false,"template":"","format":"standard","meta":{"footnotes":""},"categories":[7],"tags":[],"_links":{"self":[{"href":"https:\/\/choras.lt\/index.php\/wp-json\/wp\/v2\/posts\/2583"}],"collection":[{"href":"https:\/\/choras.lt\/index.php\/wp-json\/wp\/v2\/posts"}],"about":[{"href":"https:\/\/choras.lt\/index.php\/wp-json\/wp\/v2\/types\/post"}],"author":[{"embeddable":true,"href":"https:\/\/choras.lt\/index.php\/wp-json\/wp\/v2\/users\/2"}],"replies":[{"embeddable":true,"href":"https:\/\/choras.lt\/index.php\/wp-json\/wp\/v2\/comments?post=2583"}],"version-history":[{"count":1,"href":"https:\/\/choras.lt\/index.php\/wp-json\/wp\/v2\/posts\/2583\/revisions"}],"predecessor-version":[{"id":2584,"href":"https:\/\/choras.lt\/index.php\/wp-json\/wp\/v2\/posts\/2583\/revisions\/2584"}],"wp:featuredmedia":[{"embeddable":true,"href":"https:\/\/choras.lt\/index.php\/wp-json\/wp\/v2\/media\/2585"}],"wp:attachment":[{"href":"https:\/\/choras.lt\/index.php\/wp-json\/wp\/v2\/media?parent=2583"}],"wp:term":[{"taxonomy":"category","embeddable":true,"href":"https:\/\/choras.lt\/index.php\/wp-json\/wp\/v2\/categories?post=2583"},{"taxonomy":"post_tag","embeddable":true,"href":"https:\/\/choras.lt\/index.php\/wp-json\/wp\/v2\/tags?post=2583"}],"curies":[{"name":"wp","href":"https:\/\/api.w.org\/{rel}","templated":true}]}}