{"id":2586,"date":"2022-07-04T06:20:19","date_gmt":"2022-07-04T06:20:19","guid":{"rendered":"https:\/\/choras.lt\/?p=2586"},"modified":"2022-07-04T06:20:22","modified_gmt":"2022-07-04T06:20:22","slug":"vu-gaudeamus-ir-klaipedos-dange-dalyvavo-nuotoliniame-choru-konkurse-ir-laimejo-aukso-medali","status":"publish","type":"post","link":"https:\/\/choras.lt\/index.php\/2022\/07\/04\/vu-gaudeamus-ir-klaipedos-dange-dalyvavo-nuotoliniame-choru-konkurse-ir-laimejo-aukso-medali\/","title":{"rendered":"VU &#8220;GAUDEAMUS&#8221; ir Klaip\u0117dos &#8220;Dang\u0117&#8221; dalyvavo nuotoliniame chor\u0173 konkurse ir laim\u0117jo AUKSO MEDAL\u012e!"},"content":{"rendered":"\n<p>Tarptautinis chor\u0173 festivalyje-konkurse &#8220;Odesa Cantat&#8221;, \u0161iemet vykusiame nuotolinius b\u016bdu, dalyvavo du chorai i\u0161 Lietuvos &#8211; VU mi\u0161rus choras &#8220;Gaudeamus&#8221; (meno vadov\u0117 Rasa Gelgotien\u0117) ir Klaip\u0117dos moter\u0173 choras &#8220;Dang\u0117&#8221; (vad. Judita Kiaulakyt\u0117). Abu chorai savo kategorijose laim\u0117jo Aukso medalius, su kuo nuo\u0161ird\u017eiai sveikiname!<\/p>\n\n\n\n<p><strong>Apie tai, kaip vyko konkursas, trumpai papasakojo R. Gelgotien\u0117:<\/strong><\/p>\n\n\n\n<p>Kadangi konkursas &#8220;ODESA CANTAT&#8221;\u00a0 vyko nuotoliniu b\u016bdu, tai chorai buvo kvie\u010diami atsi\u0173sti savo \u012fra\u0161us pagal tam tikrus nurodytus reikalavimus, i\u0161 kuri\u0173 svarbiausias &#8211; ne senesni, nei 3 met\u0173 \u012fra\u0161ai. VU choras Gaudeamus nusiunt\u0117 trij\u0173 k\u016brini\u0173 \u012fra\u0161us :\u00a0 V Mi\u0161kinio &#8220;O salutaris&#8221;,\u00a0J.Ustinkovs &#8220;Stabat mater&#8221; ir D.Zakaro &#8220;Da pacem Domine&#8221;\u00a0<\/p>\n\n\n\n<p>Konkurse dalyvavo 24 chorai i\u0161 Ukrainos, Moldovos, Baltarusijos, Rusijos, Kinijos, Latvijos. Vertinimo komisija buvo labai solidi ir didel\u0117 &#8211; 4 \u012f\u017eym\u016bs chor\u0173 dirigentai i\u0161 Ukrainos ir du u\u017esienio dirigentai (i\u0161 Makedonijos ir Moldovos). Chorai buvo vertinami 30-ties bal\u0173 skal\u0117je. Dalyviai buvo suskirstyti \u012f daug kategorij\u0173 &#8211; mi\u0161r\u016bs, kameriniai, moter\u0173, vyr\u0173 chorai, vokaliniai ansambliai.<\/p>\n\n\n\n<p>Bendroje bal\u0173 lentel\u0117je VU choras &#8220;GAUDEAMUS&#8221; gavo 26 balus ir nusileido tik kameriniams chorams, kur du chorai gavo po 27 balus, o Maskvos \u010caikovskio muzikos akademijos choras &#8211; 28 balus. Kitas lietuvi\u0173 choras &#8211; Klaip\u0117dos moter\u0173 &#8220;Dang\u0117&#8221;\u00a0 &#8211; peln\u0117 23 balus ir taip pat laim\u0117jo pirm\u0105 viet\u0105 savo kategorijoje. Nepaprastai d\u017eiaugiam\u0117s tokiu auk\u0161tu \u012fvertinimu.<\/p>\n\n\n\n<figure class=\"wp-block-embed is-type-video is-provider-youtube wp-block-embed-youtube wp-embed-aspect-16-9 wp-has-aspect-ratio\"><div class=\"wp-block-embed__wrapper\">\n<iframe loading=\"lazy\" title=\"Piotr Janczak &quot;Libera me&quot;\" width=\"1110\" height=\"624\" src=\"https:\/\/www.youtube.com\/embed\/eTc-glZO5A0?feature=oembed\" frameborder=\"0\" allow=\"accelerometer; autoplay; clipboard-write; encrypted-media; gyroscope; picture-in-picture\" allowfullscreen title=\"Piotr Janczak \"Libera me\"\"><\/iframe>\n<\/div><\/figure>\n\n\n\n<p><\/p>\n\n\n\n<figure class=\"wp-block-embed is-type-video is-provider-youtube wp-block-embed-youtube wp-embed-aspect-16-9 wp-has-aspect-ratio\"><div class=\"wp-block-embed__wrapper\">\n<iframe loading=\"lazy\" title=\"Donatas Zakaras - Da Pacem Domine\" width=\"1110\" height=\"624\" src=\"https:\/\/www.youtube.com\/embed\/GwRpKH5gmIk?feature=oembed\" frameborder=\"0\" allow=\"accelerometer; autoplay; clipboard-write; encrypted-media; gyroscope; picture-in-picture\" allowfullscreen><\/iframe>\n<\/div><\/figure>\n\n\n\n<figure class=\"wp-block-embed is-type-video is-provider-youtube wp-block-embed-youtube wp-embed-aspect-16-9 wp-has-aspect-ratio\"><div class=\"wp-block-embed__wrapper\">\n<iframe loading=\"lazy\" title=\"VU mi\u0161rus choras &quot;Gaudeamus&quot;, Vytautas Mi\u0161kinis &quot;O salutaris hostia&quot;\" width=\"1110\" height=\"624\" src=\"https:\/\/www.youtube.com\/embed\/316jxm6fFaA?feature=oembed\" frameborder=\"0\" allow=\"accelerometer; autoplay; clipboard-write; encrypted-media; gyroscope; picture-in-picture\" allowfullscreen title=\"VU mi\u0161rus choras \"Gaudeamus\", Vytautas Mi\u0161kinis \"O salutaris hostia\"\"><\/iframe>\n<\/div><\/figure>\n","protected":false},"excerpt":{"rendered":"<p>Tarptautinis chor\u0173 festivalyje-konkurse &#8220;Odesa Cantat&#8221;, \u0161iemet vykusiame nuotolinius b\u016bdu, dalyvavo du chorai i\u0161 Lietuvos &#8211; VU mi\u0161rus choras &#8220;Gaudeamus&#8221; (meno vadov\u0117 Rasa Gelgotien\u0117) ir Klaip\u0117dos moter\u0173 choras &#8220;Dang\u0117&#8221; (vad. Judita&hellip; <\/p>\n","protected":false},"author":2,"featured_media":2590,"comment_status":"open","ping_status":"open","sticky":false,"template":"","format":"standard","meta":{"footnotes":""},"categories":[2],"tags":[],"_links":{"self":[{"href":"https:\/\/choras.lt\/index.php\/wp-json\/wp\/v2\/posts\/2586"}],"collection":[{"href":"https:\/\/choras.lt\/index.php\/wp-json\/wp\/v2\/posts"}],"about":[{"href":"https:\/\/choras.lt\/index.php\/wp-json\/wp\/v2\/types\/post"}],"author":[{"embeddable":true,"href":"https:\/\/choras.lt\/index.php\/wp-json\/wp\/v2\/users\/2"}],"replies":[{"embeddable":true,"href":"https:\/\/choras.lt\/index.php\/wp-json\/wp\/v2\/comments?post=2586"}],"version-history":[{"count":4,"href":"https:\/\/choras.lt\/index.php\/wp-json\/wp\/v2\/posts\/2586\/revisions"}],"predecessor-version":[{"id":2591,"href":"https:\/\/choras.lt\/index.php\/wp-json\/wp\/v2\/posts\/2586\/revisions\/2591"}],"wp:featuredmedia":[{"embeddable":true,"href":"https:\/\/choras.lt\/index.php\/wp-json\/wp\/v2\/media\/2590"}],"wp:attachment":[{"href":"https:\/\/choras.lt\/index.php\/wp-json\/wp\/v2\/media?parent=2586"}],"wp:term":[{"taxonomy":"category","embeddable":true,"href":"https:\/\/choras.lt\/index.php\/wp-json\/wp\/v2\/categories?post=2586"},{"taxonomy":"post_tag","embeddable":true,"href":"https:\/\/choras.lt\/index.php\/wp-json\/wp\/v2\/tags?post=2586"}],"curies":[{"name":"wp","href":"https:\/\/api.w.org\/{rel}","templated":true}]}}