{"id":2689,"date":"2022-08-31T10:11:24","date_gmt":"2022-08-31T10:11:24","guid":{"rendered":"https:\/\/choras.lt\/?p=2689"},"modified":"2022-08-31T10:11:26","modified_gmt":"2022-08-31T10:11:26","slug":"kvietimas-dalyvauti-dainu-sventes-pristatymo-koncerte-paryziuje","status":"publish","type":"post","link":"https:\/\/choras.lt\/index.php\/2022\/08\/31\/kvietimas-dalyvauti-dainu-sventes-pristatymo-koncerte-paryziuje\/","title":{"rendered":"Kvietimas dalyvauti Dain\u0173 \u0161vent\u0117s pristatymo koncerte Pary\u017eiuje"},"content":{"rendered":"\n<p>Mieli kolegos, chor\u0173 s\u0105jungos nariai chor\u0173 dirigentai,&nbsp;<\/p>\n\n\n\n<p>Kaip min\u0117jau visuotiniame susirinkime, kilo mintis, jog galime surengti 2024-\u0173j\u0173 Dain\u0173 \u0161vent\u0117s, skirtos dain\u0173 \u0161ven\u010di\u0173 \u0161imtme\u010diui, pristatym\u0105 Pary\u017eiuje. Tai b\u016btu du koncertai Madeleine ba\u017eny\u010dioje pa\u010diame Pary\u017eiaus centre \u2013 pirmasis 2023 pavasar\u012f, antras \u2013 ruden\u012f.<\/p>\n\n\n\n<p>Koncertuose dainuot\u0173 iki 130&nbsp; chorist\u0173 i\u0161 9 chor\u0173, diriguot\u0173 9 dalyvaujan\u010di\u0173 chor\u0173 dirigentai, programa b\u016bt\u0173 1-1,5 val. trukm\u0117s, kurios pirmoje dalyje b\u016bt\u0173 Dain\u0173 \u0161ven\u010di\u0173 pradininko, Lietuvos chorin\u0117s muzikos patriarcho Juozo Naujalio motetai (3-4) ir&nbsp; apie 10 2024-\u0173j\u0173 Dain\u0173 \u0161vent\u0117s repertuaro dain\u0173.<\/p>\n\n\n\n<p>Datos: kol kas numatyta tik pirmojo koncerto data \u2013 planuojame, kad tai b\u016bt\u0173 pirmadienis, baland\u017eio 3 d. (ta\u010diau kol negavome patvirtinimo d\u0117l sal\u0117s, ta data tik preliminari).<\/p>\n\n\n\n<p>Rudens koncerto dat\u0105 nustatysime v\u0117liau, kaip ir taisykles rudens projektui \u2013 galb\u016bt jas teks pakoreguoti, atsi\u017evelgus \u012f pirmojo koncerto patirt\u012f.&nbsp;<\/p>\n\n\n\n<p>U\u017esiregistruoti \u012f projekt\u0105 kvie\u010diame iki rugs\u0117jo 30 d, parai\u0161kas svarstysime pagal pateikimo laik\u0105 pirmumo tvarka \u2013 nes jau po visuotinio susirinkimo kai kurie chor\u0173 vadovai i\u0161rei\u0161k\u0117 nor\u0105, ir juos priimsime. Nepatekusius \u012f pavasario koncert\u0105 kviesime vykti ruden\u012f.<\/p>\n\n\n\n<p>Pirmame koncerte dalyvaus 9 chorai: 6 mi\u0161r\u016bs ir 3 moter\u0173 (moter\u0173 chorus \u012ftrauk\u0117me \u012f projekt\u0105 tod\u0117l, kad i\u0161kart atsirado 3 norintys dalyvauti moter\u0173 chorai, diskriminuoti \u017eanro negalime, tod\u0117l padidinome bendr\u0105 dalyvi\u0173 skai\u010di\u0173 \u2013 tikiuosi, kad Madeleine scena tok\u012f kiek\u012f sutalpins. Ir moter\u0173 chor\u0173 pozicija jau u\u017eimta. Laukiame 6 mi\u0161ri\u0173 chor\u0173 parai\u0161k\u0173 \u2013 dalyvauti gali po 15 chorist\u0173 i\u0161 choro, grie\u017etai laikantis bals\u0173 balanso: ne daugiau kaip 10 moter\u0173 ir ne ma\u017eiau kaip 5 vyrai (gali b\u016bti 9 moterys ir 6 vyrai, bet negali b\u016bti 11 moter\u0173 ir tik 4 vyrai).<\/p>\n\n\n\n<p>Visi projekto dalyviai tur\u0117s atvykti \u012f Pary\u017ei\u0173 savo (ar juos globojan\u010dios \u012fstaigos) l\u0117\u0161omis, nakvyne taip pat turi pasir\u016bpinti patys. V\u0117liausia atvykimo diena tur\u0117t\u0173 b\u016bti 1 diena prie\u0161 koncert\u0105 (t.y \u2013 jei koncertas vyks 3 baland\u017eio, atvykti reikt\u0173 baland\u017eio 2 d. iki 18 val.) \u2013 repeticija Madeleine vyks koncerto dien\u0105, bet jei pavykt\u0173, m\u0117gintume gauti patalp\u0105 repeticijai koncerto i\u0161vakar\u0117se). \u017dinoma, galite atvykti ir prie\u0161 kelet\u0105 dien\u0173, o i\u0161vykti irgi v\u0117liau, t.y. pasinaudokite proga pamatyti Pary\u017ei\u0173, o taip pat tokiu b\u016bdu, (i\u0161siskirstant per daugiau skryd\u017ei\u0173) gauti pigesni\u0173 l\u0117ktuvo biliet\u0173.<\/p>\n\n\n\n<p>Lietuvos chor\u0173 s\u0105junga apmok\u0117s:&nbsp;<\/p>\n\n\n\n<p>Sal\u0117s nuom\u0105 (Madeleine ba\u017eny\u010dios nuomos kaina priklauso nuo pasirinktos koncerto dienos ir laiko, taip pat nuo sal\u0117s ir persirengimo patalp\u0173 naudojimo trukm\u0117s, nuo instrumento nuomos \u2013 didieji vargonai, ma\u017eieji vargonai, el.instrumentas)<\/p>\n\n\n\n<p>Dirigentams po 400 eur honorar\u0105 (tam, kad dirigentas, jeigu jo \u012fstaiga neapmok\u0117s komandiruot\u0117s, gal\u0117t\u0173 nusipirkti l\u0117ktuvo biliet\u0105 ir susimok\u0117ti u\u017e nakvyn\u0119) \u2013 ta\u010diau labai tikim\u0117s, kad J\u016bs\u0173 \u012fstaiga apmok\u0117s komandiruot\u0117s i\u0161laidas ir honoraras, kaip ir priklauso, liks dirigentui u\u017e choro parengim\u0105 ir dirigavim\u0105. Reikiamos formos kvietim\u0105 pagal J\u016bs\u0173 pra\u0161ymus, gal\u0117sime parengti.<\/p>\n\n\n\n<p>Taip pat Lietuvos chor\u0173 s\u0105junga m\u0117gins rasti \u0161iam projektui partneri\u0173 \u2013 Lietuvos nacionalinis kult\u016bros centras gal gal\u0117s mums duoti reklamin\u0117s med\u017eiagos (lankstinuk\u0173, buklet\u0173 apie Lietuvos dain\u0173 \u0161ventes), o Lietuvos ambasada Pary\u017eiuje, tikim\u0117s, prisid\u0117s prie \u0161io projekto vie\u0161inimo, o galb\u016bt net padarys pri\u0117mim\u0105 chor\u0173 dirigentams).<\/p>\n\n\n\n<p>Svarbiausia: prie\u0161 u\u017esiregistruodami, \u012fvertinkite savo galimybes iki kovo paruo\u0161ti 4 Naujalio motetus (In monte Olivetti, Omnes amici mei ir dar du kuriuos nors), ir apie 10 dain\u0173 i\u0161 b\u016bsimos dain\u0173 \u0161vent\u0117s (\u0161tai pa\u017ei\u016br\u0117jau kolegos A. Vild\u017ei\u016bno pateikt\u0105 k\u016brini\u0173 s\u0105ra\u0161\u0105 ir i\u0161kart matau, jog gal\u0117tume padainuoti: Augo bernelis, D\u0117l tos dainos, Dain\u0173 dainel\u0117s, \u010ciurlionio keliu, Sidabro laki\u016bt\u0117, Leliumai, Baltas pauk\u0161tis, Kur giria \u017ealiuoja, Lietuva brangi \u2013 \u0161is s\u0105ra\u0161as, suprantama, tik apytikslis. Kai chorai u\u017esiregistruos, sud\u0117liosime tiksliau. Visi dalyvaujan\u010di\u0173 chor\u0173 dirigentai diriguosite.<\/p>\n\n\n\n<p>Taigi, laukiame u\u017esiregistruojant \u012f pirm\u0105j\u012f Dain\u0173 \u0161vent\u0117s pristatym\u0105 Pary\u017eiuje 2023 baland\u017eio m\u0117n.<\/p>\n\n\n\n<p>Form\u0105 pridedame:<a href=\"https:\/\/lchs.lt\/wp-content\/uploads\/2022\/08\/Registracijos-forma_Paryzius.docx\">Registracijos forma_Paryzius<\/a><a href=\"https:\/\/lchs.lt\/wp-content\/uploads\/2022\/08\/Registracijos-forma_Paryzius.docx\">Atsisi\u0173sti<\/a><\/p>\n\n\n\n<p>Lietuvos chor\u0173 s\u0105jungos prezident\u0117<\/p>\n\n\n\n<p>Rasa Gelgotien\u0117<\/p>\n","protected":false},"excerpt":{"rendered":"<p>Mieli kolegos, chor\u0173 s\u0105jungos nariai chor\u0173 dirigentai,&nbsp; Kaip min\u0117jau visuotiniame susirinkime, kilo mintis, jog galime surengti 2024-\u0173j\u0173 Dain\u0173 \u0161vent\u0117s, skirtos dain\u0173 \u0161ven\u010di\u0173 \u0161imtme\u010diui, pristatym\u0105 Pary\u017eiuje. Tai b\u016btu du koncertai Madeleine&hellip; <\/p>\n","protected":false},"author":2,"featured_media":519,"comment_status":"open","ping_status":"open","sticky":false,"template":"","format":"standard","meta":{"footnotes":""},"categories":[4],"tags":[],"_links":{"self":[{"href":"https:\/\/choras.lt\/index.php\/wp-json\/wp\/v2\/posts\/2689"}],"collection":[{"href":"https:\/\/choras.lt\/index.php\/wp-json\/wp\/v2\/posts"}],"about":[{"href":"https:\/\/choras.lt\/index.php\/wp-json\/wp\/v2\/types\/post"}],"author":[{"embeddable":true,"href":"https:\/\/choras.lt\/index.php\/wp-json\/wp\/v2\/users\/2"}],"replies":[{"embeddable":true,"href":"https:\/\/choras.lt\/index.php\/wp-json\/wp\/v2\/comments?post=2689"}],"version-history":[{"count":2,"href":"https:\/\/choras.lt\/index.php\/wp-json\/wp\/v2\/posts\/2689\/revisions"}],"predecessor-version":[{"id":2705,"href":"https:\/\/choras.lt\/index.php\/wp-json\/wp\/v2\/posts\/2689\/revisions\/2705"}],"wp:featuredmedia":[{"embeddable":true,"href":"https:\/\/choras.lt\/index.php\/wp-json\/wp\/v2\/media\/519"}],"wp:attachment":[{"href":"https:\/\/choras.lt\/index.php\/wp-json\/wp\/v2\/media?parent=2689"}],"wp:term":[{"taxonomy":"category","embeddable":true,"href":"https:\/\/choras.lt\/index.php\/wp-json\/wp\/v2\/categories?post=2689"},{"taxonomy":"post_tag","embeddable":true,"href":"https:\/\/choras.lt\/index.php\/wp-json\/wp\/v2\/tags?post=2689"}],"curies":[{"name":"wp","href":"https:\/\/api.w.org\/{rel}","templated":true}]}}