{"id":2970,"date":"2022-10-28T10:25:33","date_gmt":"2022-10-28T10:25:33","guid":{"rendered":"https:\/\/choras.lt\/?p=2970"},"modified":"2022-10-28T10:25:35","modified_gmt":"2022-10-28T10:25:35","slug":"xxii-lietuvos-berniuku-choru-festivalis-akcija-lietuvos-berniukai-pries-smurta-ir-narkomanija","status":"publish","type":"post","link":"https:\/\/choras.lt\/index.php\/2022\/10\/28\/xxii-lietuvos-berniuku-choru-festivalis-akcija-lietuvos-berniukai-pries-smurta-ir-narkomanija\/","title":{"rendered":"XXII Lietuvos berniuk\u0173 chor\u0173 festivalis-akcija \u201eLietuvos berniukai prie\u0161 smurt\u0105 ir narkomanij\u0105\u201c"},"content":{"rendered":"\n<p>Nuo 2000 met\u0173 kasmet vis kitame Lietuvos mieste vyksta Lietuvos berniuk\u0173 chor\u0173 festivalis-akcija \u201eLietuvos berniukai prie\u0161 smurt\u0105 ir narkomanij\u0105\u201c, kurios tikslas &#8211; atkreipti visuomen\u0117s d\u0117mes\u012f \u012f vaik\u0173 u\u017eimtumo ir laisvalaikio kult\u016br\u0105, \u012ftraukti kuo daugiau berniuk\u0173, jaunuoli\u0173 \u012f chorin\u012f jud\u0117jim\u0105 bendrojo lavinimo, meno mokyklose, neformaliojo ugdymo u\u017esi\u0117mimuose, lavinti vaik\u0173 dainavimo, muzikavimo, k\u016brybines, bendravimo, estetikos kompetencijas dalyvaujant turiningose menin\u0117se veiklose. Festivalis dalinai finansuojamas Lietuvos kult\u016bros tarybos, organizuojamas Lietuvos chor\u0173 s\u0105jungos, Lietuvos nacionalinio kult\u016bros centro.<\/p>\n\n\n\n<p>2022 spalio m\u0117nes\u012f Kretingos kult\u016bros centro, chorved\u017ei\u0173 entuziast\u0173 ir \u0161io miesto savivaldyb\u0117s r\u016bpes\u010diu, XXII berniuk\u0173 chor\u0173 festivalis atkeliavo \u012f Kreting\u0105 ir d\u017eiugino \u0161io miesto gyventoj\u0173 ir atvykusi\u0173 sve\u010di\u0173 \u0161irdis. Kretingos kult\u016bros centre skamb\u0117jo beveik trij\u0173 \u0161imt\u0173 chorist\u0173 balsai i\u0161 dvylikos chor\u0173: Alytaus \u201eVolung\u0117s\u201c progimnazijos berniuk\u0173 choro (vadov\u0117 Aldona \u0160migelskien\u0117), Alytaus Dainavos progimnazijos berniuk\u0173 choras, meno vadov\u0117 ir dirigent\u0117 Giedr\u0117 Petkevi\u010dien\u0117, Kauno berniuk\u0173 chorinio dainavimo mokyklos \u201eVarpelis\u201c 2 klas\u0117s choro (vadov\u0117 Kristina Petrauskien\u0117), Kauno berniuk\u0173 chorinio dainavimo mokyklos \u201eVarpelis\u201c 3 klas\u0117s choro (vadov\u0117 Vilma Masien\u0117), Klaip\u0117dos berniuk\u0173 ir jaunuoli\u0173 choro ,,Gintar\u0117lis\u201c jaunu\u010di\u0173 choro (vadov\u0117s Regina Vind\u017eigalskien\u0117 ir Asta Kontautien\u0117), Klaip\u0117dos rajono Garg\u017ed\u0173 muzikos mokyklos berniuk\u0173 choro \u201eKlevelis\u201c (vadovas G\u017eego\u017eas Kru\u0161inskis), Marijampol\u0117s \u0160v. Cecilijos berniuk\u0173 choro (vadov\u0117 Virginija Junevi\u010dien\u0117), Panev\u0117\u017eio Vytauto Mikalausko men\u0173 gimnazijos berniuk\u0173 choro (vadov\u0117 Laima \u010ceslauskait\u0117), &nbsp;Plung\u0117s Mykolo Oginskio meno mokyklos jaunu\u010di\u0173 berniuk\u0173 choro (vadov\u0117 Kornelija Kiseliova), \u0160iauli\u0173 \u201eDagil\u0117lio\u201c dainavimo mokyklos 3 klas\u0117s berniuk\u0173 choro (vadov\u0117 Daiva Kembrien\u0117), \u0160iauli\u0173 \u201eDagil\u0117lio\u201c dainavimo mokyklos 2 klas\u0117s berniuk\u0173 choro (vadov\u0117 Rima Kor\u017eanovien\u0117) ir &nbsp;Vilniaus \u201e\u0104\u017euoliuko\u201c muzikos mokyklos 5 klas\u0117s choro (vadov\u0117 Neringa Sidaugait\u0117). <\/p>\n\n\n\n<p>Festivalio metu, akompanuojant Rimvydo Mitkaus vadovaujamai instrumentinei grupei \u201eMarabuBand\u201c, skamb\u0117jo jungtinio berniuk\u0173 choro atliekamos, chor\u0173 vadov\u0173 diriguojamos lietuvi\u0173 kompozitori\u0173 dainos: Laimio Vilkon\u010diaus \u201eGimtin\u0117\u201c ir \u201eMano vardas \u2013 Lietuva\u201c&nbsp;, Raimondo Martink\u0117no \u201eVaik\u0161\u010dioj vilkas po girel\u012f\u201c, Ingos \u0160eduikien\u0117s \u201eNupie\u0161iu Lietuv\u0105\u201c ir \u201eSvarbiausi \u017eod\u017eiai\u201c , Dainiaus Pulausko \u201eU\u017e \u017eali\u0173 mi\u0161keli\u0173\u201c, Bangos Balakauskien\u0117s \u201eJie\u201c, Dianos Bal\u010di\u016bnait\u0117s \u201eBaltas angel\u0117lis\u201c, ilgame\u010dio Kretingos chorved\u017eio ir kompozitoriaus Aloyzo \u017dilio \u201eT\u0117vi\u0161k\u0117\u201c bei festivalio himnu tapusi Benjamino Gorbulskio daina \u201eAnt kiekvieno kalnelio\u201c, kuri\u0105 dirigavo \u0161io projekto sumanytojas ir vadovas profesorius Vytautas Mi\u0161kinis. \u0160i\u0105 dain\u0105 jis pasirinko i\u0161 B.Gorbulskio k\u016brini\u0173 kaip labiausiai atitinkan\u010di\u0105 \u0161io festivalio dvasi\u0105 ir, anot maestro, tapusia vyri\u0161ko dainavimo Lietuvoje simboliu. Prie\u0161 nuskambant paskutinei festivalio dainai maestro Vytautas Mi\u0161kinis kreip\u0117si \u012f publik\u0105 papasakodamas susirinkusiems \u017ei\u016brovams festivalio atsiradimo istorij\u0105 ir misij\u0105. Pasak sumanytojo, festivalis gim\u0117 spontani\u0161kai, nes tuo laiku Lietuvoje buvo daug problem\u0173. Atkreipiant visuomen\u0117s d\u0117mes\u012f \u012f problemas, chorams teko dainuoti ir \u012fkalinimo \u012fstaigose, berniukai pie\u0161\u0117 pie\u0161inius apie tai, kaip jie \u012fsivaizduoja, kas yra blogis. \u201eDabar d\u017eiaugiam\u0117s, kad jud\u0117jimas i\u0161liko, ir tie berniukai, kurie yra scenoje, a\u0161 tikiu, nedarys bloga nei sau, nei artimui, nes daina yra muzika, pagimdyta \u0161ventam procesui, \u0161ventai misijai &#8211; skleisti g\u0117r\u012f. Tie, kurie dainuoja, niekada nebus brutual\u016bs. Kuo mes anks\u010diau prad\u0117sime dainuosime su berniukais, tuo Lietuvai bus \u0161viesiau\u201c. Rodydamas \u012f piln\u0105 chorist\u0173 scen\u0105 Vytautas Mi\u0161kinis i\u0161did\u017eiai pasak\u0117: \u201e\u010cia stovi Lietuvos \u0161viesa!\u201c ir paragino susirinkusiuosius paploti Lietuvos vokaliniam genofondui.<\/p>\n\n\n\n<p>Nuskamb\u0117jus paskutiniams festivalio akordams, \u012f koncerto dalyvius, j\u0173 vadovus ir klausytojus sveikinimo \u017eod\u017eiu kreip\u0117si Kretingos kult\u016bros centro direktoriaus pavaduotoja kult\u016brai Vita Urbonien\u0117. Ji pasid\u017eiaug\u0117, kad \u0161is festivalis &#8211; istorinis \u012fvykis Kretingai, d\u0117kojo chor\u0173 vadovams ir chorist\u0173 t\u0117veliams u\u017e supratim\u0105 ir vaik\u0173 muzikin\u012f bei estetin\u012f ugdym\u0105. Chorams buvo \u012fteiktos pad\u0117kos ir sald\u017eios dovanos. Choristai, aidint audringiems aplodismentams, buvo palyd\u0117ti i\u0161 scenos iki kito XXIII festivalio.<\/p>\n\n\n\n<p class=\"has-text-align-center\"><strong>Lietuvos chor\u0173 s\u0105jungos nar\u0117 Rita Urnie\u017eien\u0117<\/strong><\/p>\n\n\n\n<p class=\"has-text-align-center\"><strong>Juozo Baltiejaus nuotr.<\/strong><\/p>\n","protected":false},"excerpt":{"rendered":"<p>Nuo 2000 met\u0173 kasmet vis kitame Lietuvos mieste vyksta Lietuvos berniuk\u0173 chor\u0173 festivalis-akcija \u201eLietuvos berniukai prie\u0161 smurt\u0105 ir narkomanij\u0105\u201c, kurios tikslas &#8211; atkreipti visuomen\u0117s d\u0117mes\u012f \u012f vaik\u0173 u\u017eimtumo ir laisvalaikio&hellip; <\/p>\n","protected":false},"author":2,"featured_media":2973,"comment_status":"open","ping_status":"open","sticky":false,"template":"","format":"standard","meta":{"footnotes":""},"categories":[2],"tags":[],"_links":{"self":[{"href":"https:\/\/choras.lt\/index.php\/wp-json\/wp\/v2\/posts\/2970"}],"collection":[{"href":"https:\/\/choras.lt\/index.php\/wp-json\/wp\/v2\/posts"}],"about":[{"href":"https:\/\/choras.lt\/index.php\/wp-json\/wp\/v2\/types\/post"}],"author":[{"embeddable":true,"href":"https:\/\/choras.lt\/index.php\/wp-json\/wp\/v2\/users\/2"}],"replies":[{"embeddable":true,"href":"https:\/\/choras.lt\/index.php\/wp-json\/wp\/v2\/comments?post=2970"}],"version-history":[{"count":2,"href":"https:\/\/choras.lt\/index.php\/wp-json\/wp\/v2\/posts\/2970\/revisions"}],"predecessor-version":[{"id":2972,"href":"https:\/\/choras.lt\/index.php\/wp-json\/wp\/v2\/posts\/2970\/revisions\/2972"}],"wp:featuredmedia":[{"embeddable":true,"href":"https:\/\/choras.lt\/index.php\/wp-json\/wp\/v2\/media\/2973"}],"wp:attachment":[{"href":"https:\/\/choras.lt\/index.php\/wp-json\/wp\/v2\/media?parent=2970"}],"wp:term":[{"taxonomy":"category","embeddable":true,"href":"https:\/\/choras.lt\/index.php\/wp-json\/wp\/v2\/categories?post=2970"},{"taxonomy":"post_tag","embeddable":true,"href":"https:\/\/choras.lt\/index.php\/wp-json\/wp\/v2\/tags?post=2970"}],"curies":[{"name":"wp","href":"https:\/\/api.w.org\/{rel}","templated":true}]}}