{"id":2975,"date":"2022-10-31T12:01:11","date_gmt":"2022-10-31T12:01:11","guid":{"rendered":"https:\/\/choras.lt\/?p=2975"},"modified":"2022-11-14T17:14:05","modified_gmt":"2022-11-14T17:14:05","slug":"studentu-choru-festivalyje-argentinietisko-tango-ikveptos-misios-ir-chorinio-kurinio-premjera","status":"publish","type":"post","link":"https:\/\/choras.lt\/index.php\/2022\/10\/31\/studentu-choru-festivalyje-argentinietisko-tango-ikveptos-misios-ir-chorinio-kurinio-premjera\/","title":{"rendered":"Student\u0173 chor\u0173 festivalyje \u2013 argentinieti\u0161ko tango \u012fkv\u0117ptos mi\u0161ios ir chorinio k\u016brinio premjera"},"content":{"rendered":"\n<p><em>Rudens nuspalvint\u0105 Vilni\u0173 u\u017eliejo chorin\u0117 muzika \u2013 lapkri\u010dio 4 d. sostin\u0117je prasid\u0117jo Auk\u0161t\u0173j\u0173 mokykl\u0173 student\u0173 chor\u0173 festivalis, \u017ei\u016brovams padovanoj\u0119s net \u0161e\u0161is nemokamus sakralin\u0117s ir pasaulietin\u0117s muzikos koncertus.<\/em><\/p>\n\n\n\n<p>Po penkeri\u0173 met\u0173 pertraukos \u012f sostin\u0119 gr\u012f\u017e\u0119s renginys draug\u0117n sub\u016br\u0117 dvide\u0161imt akademini\u0173 chor\u0173 i\u0161 Kauno, Klaip\u0117dos, \u0160iauli\u0173, Vilniaus auk\u0161t\u0173j\u0173 mokykl\u0173 bei festivalio sve\u010dius \u2013 student\u0173 chor\u0105 i\u0161 Balstog\u0117s technologijos universiteto (Lenkija). Tris dienas Vilniaus ba\u017eny\u010diose ir koncert\u0173 sal\u0117se skamb\u0117jo net penki\u0173 \u0161imt\u0173 chorist\u0173 balsai.<\/p>\n\n\n\n<p>\u201e\u0160is festivalis yra reik\u0161minga pasirengimo Dain\u0173 \u0161ventei proceso dalis. Akademiniai student\u0173 chorai vieni paj\u0117giausi\u0173 Lietuvos m\u0117g\u0117j\u0173 meno kolektyv\u0173, pristatantys m\u016bs\u0173 \u0161alies kult\u016br\u0105, o student\u0173 bendruomen\u0117\u00a0\u00a0labai stipri ir vieninga, gebanti atlaikyti net ir sud\u0117tingiausius i\u0161\u0161\u016bkius. Festivalis svarbus ir tuo, kad jame kiekvienais metais atnaujinamas chorin\u0117s muzikos repertuaras, u\u017esakomi nauji chorin\u0117s muzikos k\u016briniai,&#8221; \u2013 pasakojo festivalio koordinator\u0117, Lietuvos nacionalinio kult\u016bros centro chor\u0173 specialist\u0117 Aist\u0117 Valentait\u0117. <\/p>\n\n\n\n<p>Lapkri\u010dio 4\u20136 d. student\u0173 chor\u0173 festivalio koncertai vyko Vilniaus Pranci\u0161kon\u0173, Bernardin\u0173, \u0160v. Jon\u0173 ba\u017eny\u010diose, Vilniaus dail\u0117s akademijos Gotikin\u0117je sal\u0117je, Vilniaus mokytoj\u0173 nam\u0173 Did\u017eiojoje sal\u0117je ir Vilniaus katedroje. Atskiruose pasirodymuose, atsi\u017evelgdami \u012f numatyt\u0173 koncertini\u0173 erdvi\u0173 ypatumus, chorai tradici\u0161kai atliko laisvai pasirinktas sakralin\u0117s bei pasaulietin\u0117s muzikos k\u016brini\u0173 programas.<\/p>\n\n\n\n<p>Lapkri\u010dio 6 d. 18 val. baigiamajame festivalio koncerte \u0160v. Jon\u0173 ba\u017eny\u010dioje greta m\u016bs\u0173 aukso fondo k\u016brini\u0173 skamb\u0117jo argentinie\u010di\u0173 kompozitoriaus Martino Palmerio mi\u0161ios \u201eMisa a Buenos Aires\u201c \u2013 stambios formos k\u016brinys, sukurtas remiantis tradicine mi\u0161i\u0173 strukt\u016bra ir argentinieti\u0161ko tango ritmais bei intonacijomis. Taip pat \u0161iame koncerte klausytojai i\u0161girdo ir naujo k\u016brinio premjer\u0105 \u2013 kompozitoriaus Gintauto Venislovo \u201eVeni, dilecte mi\u201c. Premjerinio k\u016brinio solist\u0117s partij\u0105 atliko Gunta Gelgot\u0117 (sopranas), grojo Vilniaus universiteto kamerinis orkestras, dainavo jungtinis auk\u0161t\u0173j\u0173 mokykl\u0173 mergin\u0173 choras.<\/p>\n\n\n\n<p>Koncertuose \u017ei\u016brovai taip pat i\u0161girdo 2024 m. \u0161imto met\u0173 sukakt\u012f min\u0117sian\u010dioje Lietuvos dain\u0173 \u0161vent\u0117je \u201eKad giria \u017ealiuot\u0173\u201c skamb\u0117sian\u010dius k\u016brinius, tad \u0161is festivalis \u2013 vienas svarbiausi\u0173 rengini\u0173, prisidedantis prie student\u0173 chor\u0173 pasirengimo \u0161iam svarbiam kult\u016bros \u012fvykiui.<\/p>\n\n\n\n<p>Did\u017eiausias ir jau tradicija tap\u0119s Auk\u0161t\u0173j\u0173 mokykl\u0173 chor\u0173 festivalis, Lietuvos nacionalinio kult\u016bros centro iniciatyva rengiamas nuo 1998 m., pame\u010diui keliauja per did\u017eiuosius Lietuvos miestus \u2013 Kaun\u0105, Klaip\u0117d\u0105, \u0160iaulius ir Vilni\u0173. Festivalis suteikia galimyb\u0119 susiburti pa\u017eangiam, k\u016brybingam jaunimui, visiems drauge dainuoti, muzikuoti, i\u0161samiau susipa\u017einti su Lietuvos, Europos ir pasaulio taut\u0173 chorine kult\u016bra.<\/p>\n\n\n\n<p><\/p>\n\n\n\n<p class=\"has-text-align-center\"><\/p>\n","protected":false},"excerpt":{"rendered":"<p>Rudens nuspalvint\u0105 Vilni\u0173 u\u017eliejo chorin\u0117 muzika \u2013 lapkri\u010dio 4 d. sostin\u0117je prasid\u0117jo Auk\u0161t\u0173j\u0173 mokykl\u0173 student\u0173 chor\u0173 festivalis, \u017ei\u016brovams padovanoj\u0119s net \u0161e\u0161is nemokamus sakralin\u0117s ir pasaulietin\u0117s muzikos koncertus. Po penkeri\u0173 met\u0173&hellip; <\/p>\n","protected":false},"author":2,"featured_media":2977,"comment_status":"open","ping_status":"open","sticky":false,"template":"","format":"standard","meta":{"footnotes":""},"categories":[2],"tags":[],"_links":{"self":[{"href":"https:\/\/choras.lt\/index.php\/wp-json\/wp\/v2\/posts\/2975"}],"collection":[{"href":"https:\/\/choras.lt\/index.php\/wp-json\/wp\/v2\/posts"}],"about":[{"href":"https:\/\/choras.lt\/index.php\/wp-json\/wp\/v2\/types\/post"}],"author":[{"embeddable":true,"href":"https:\/\/choras.lt\/index.php\/wp-json\/wp\/v2\/users\/2"}],"replies":[{"embeddable":true,"href":"https:\/\/choras.lt\/index.php\/wp-json\/wp\/v2\/comments?post=2975"}],"version-history":[{"count":4,"href":"https:\/\/choras.lt\/index.php\/wp-json\/wp\/v2\/posts\/2975\/revisions"}],"predecessor-version":[{"id":3025,"href":"https:\/\/choras.lt\/index.php\/wp-json\/wp\/v2\/posts\/2975\/revisions\/3025"}],"wp:featuredmedia":[{"embeddable":true,"href":"https:\/\/choras.lt\/index.php\/wp-json\/wp\/v2\/media\/2977"}],"wp:attachment":[{"href":"https:\/\/choras.lt\/index.php\/wp-json\/wp\/v2\/media?parent=2975"}],"wp:term":[{"taxonomy":"category","embeddable":true,"href":"https:\/\/choras.lt\/index.php\/wp-json\/wp\/v2\/categories?post=2975"},{"taxonomy":"post_tag","embeddable":true,"href":"https:\/\/choras.lt\/index.php\/wp-json\/wp\/v2\/tags?post=2975"}],"curies":[{"name":"wp","href":"https:\/\/api.w.org\/{rel}","templated":true}]}}