{"id":3114,"date":"2022-12-01T13:09:21","date_gmt":"2022-12-01T13:09:21","guid":{"rendered":"https:\/\/choras.lt\/?p=3114"},"modified":"2022-12-01T13:09:29","modified_gmt":"2022-12-01T13:09:29","slug":"meno-kureju-apdovanojimas-iteiktas-chorui-kivi","status":"publish","type":"post","link":"https:\/\/choras.lt\/index.php\/2022\/12\/01\/meno-kureju-apdovanojimas-iteiktas-chorui-kivi\/","title":{"rendered":"Meno k\u016br\u0117j\u0173 apdovanojimas \u012fteiktas chorui KIVI!!!"},"content":{"rendered":"\n<p>Antradien\u012f, lapkri\u010dio 29 d. Nacionalin\u0117je Filharmonijoje \u012fteikti Meno k\u016br\u0117j\u0173 apdovanojimai. Tai jau antr\u0105 kart\u0105 rengiama bendra \u012fvairi\u0173 meno sri\u010di\u0173 k\u016br\u0117j\u0173 apdovanojim\u0173 ceremonija, kurioje \u012fvertinti dailininkai, fotomenininkai, kinematografininkai, literat\u016bros vert\u0117jai, muzikai, ra\u0161ytojai ir kiti k\u016br\u0117jai. Lietuvos meno k\u016br\u0117j\u0173 asociacija vienija ilgametes k\u016brybines ir bendruomenines tradicijas puosel\u0117jan\u010dias, Lietuvoje bei u\u017esienyje aktyvia k\u016brybine veikla u\u017esiiman\u010dias, Valstyb\u0117s pripa\u017eintas meno k\u016br\u0117j\u0173 asociacijas.<\/p>\n\n\n\n<p>Lietuvos muzik\u0173 s\u0105junga \u012fsteig\u0117 net keturis \u201eAuksinio disko\u201c prizus \u2013 u\u017e aktyvi\u0105 koncertin\u0119 veikl\u0105 ir auk\u0161t\u0105 menin\u012f lyg\u012f 2022 metais. Dainininko kategorijoje Auksin\u012f disk\u0105 peln\u0117 dainininkas (bosas) \u2013 Liudas Mikalauskas; solisto instrumentalisto kategorijoje \u2013 Renata Marcinkut\u0117-Lesieur (vargonai); kolektyvo kategorijoje nugal\u0117jo Kauno miesto simfoninis orkestras, vadovas Algimantas Treikauskas, vyriausias dirigentas Constantine Orbelian (JAV); u\u017e tarptautinius ir respublikinius laim\u0117jimus \u2013 Sostin\u0117s vaik\u0173 ir jaunimo centro choras KIVI, vadov\u0117 Danguol\u0117 Aukselien\u0117.<\/p>\n\n\n\n<p>&#8220;\u0160is \u201eAuksinio disko\u201c apdovanojimas choro KIVI kolektyvui labai svarbus ir reik\u0161mingas. D\u017eiaugiam\u0117s, kad buvome pasteb\u0117ti savo \u0161alyje ir taip auk\u0161tai \u012fvertinti,&#8221; &#8211; sak\u0117 D. Aukselien\u0117.<\/p>\n\n\n\n<p><\/p>\n","protected":false},"excerpt":{"rendered":"<p>Antradien\u012f, lapkri\u010dio 29 d. Nacionalin\u0117je Filharmonijoje \u012fteikti Meno k\u016br\u0117j\u0173 apdovanojimai. Tai jau antr\u0105 kart\u0105 rengiama bendra \u012fvairi\u0173 meno sri\u010di\u0173 k\u016br\u0117j\u0173 apdovanojim\u0173 ceremonija, kurioje \u012fvertinti dailininkai, fotomenininkai, kinematografininkai, literat\u016bros vert\u0117jai, muzikai,&hellip; <\/p>\n","protected":false},"author":2,"featured_media":3117,"comment_status":"open","ping_status":"open","sticky":false,"template":"","format":"standard","meta":{"footnotes":""},"categories":[3,7],"tags":[],"_links":{"self":[{"href":"https:\/\/choras.lt\/index.php\/wp-json\/wp\/v2\/posts\/3114"}],"collection":[{"href":"https:\/\/choras.lt\/index.php\/wp-json\/wp\/v2\/posts"}],"about":[{"href":"https:\/\/choras.lt\/index.php\/wp-json\/wp\/v2\/types\/post"}],"author":[{"embeddable":true,"href":"https:\/\/choras.lt\/index.php\/wp-json\/wp\/v2\/users\/2"}],"replies":[{"embeddable":true,"href":"https:\/\/choras.lt\/index.php\/wp-json\/wp\/v2\/comments?post=3114"}],"version-history":[{"count":2,"href":"https:\/\/choras.lt\/index.php\/wp-json\/wp\/v2\/posts\/3114\/revisions"}],"predecessor-version":[{"id":3116,"href":"https:\/\/choras.lt\/index.php\/wp-json\/wp\/v2\/posts\/3114\/revisions\/3116"}],"wp:featuredmedia":[{"embeddable":true,"href":"https:\/\/choras.lt\/index.php\/wp-json\/wp\/v2\/media\/3117"}],"wp:attachment":[{"href":"https:\/\/choras.lt\/index.php\/wp-json\/wp\/v2\/media?parent=3114"}],"wp:term":[{"taxonomy":"category","embeddable":true,"href":"https:\/\/choras.lt\/index.php\/wp-json\/wp\/v2\/categories?post=3114"},{"taxonomy":"post_tag","embeddable":true,"href":"https:\/\/choras.lt\/index.php\/wp-json\/wp\/v2\/tags?post=3114"}],"curies":[{"name":"wp","href":"https:\/\/api.w.org\/{rel}","templated":true}]}}