{"id":3122,"date":"2022-12-06T20:31:18","date_gmt":"2022-12-06T20:31:18","guid":{"rendered":"https:\/\/choras.lt\/?p=3122"},"modified":"2022-12-06T21:14:03","modified_gmt":"2022-12-06T21:14:03","slug":"gediminas-ramanauskas-svarbiausia-griztamasis-rysys","status":"publish","type":"post","link":"https:\/\/choras.lt\/index.php\/2022\/12\/06\/gediminas-ramanauskas-svarbiausia-griztamasis-rysys\/","title":{"rendered":"Gediminas Ramanauskas: \u201eSvarbiausia &#8211; gr\u012f\u017etamasis ry\u0161ys\u201c"},"content":{"rendered":"\n<p><strong>GRA\u017dINA MONTVIDAIT\u0116<\/strong><\/p>\n\n\n\n<p>Seniausi ir gilias tradicijas puosel\u0117j\u0119 akademiniai chorai \u0161iandien i\u0161gyvena poky\u010dius. Apie kismo laik\u0105, bendr\u0105 choro vadovo ir Vilniaus universiteto \u0160iauli\u0173 akademijos choro \u201ePavasaris\u201c keli\u0105 bei pasiekimus abiejose Atlanto pus\u0117se kalb\u0117jom\u0117s su dirigentu Gediminu Ramanausku.<\/p>\n\n\n\n<p><strong>Kaip susid\u016br\u0117 J\u016bs\u0173 ir jau daugiau nei \u0161e\u0161is de\u0161imtme\u010dius gyvuojan\u010dio mergin\u0173 choro \u201ePavasaris\u201c keliai? Kokia buvo J\u016bs\u0173 kelion\u0117 \u012f \u0161io choro vadovo viet\u0105 ir kur ji veda jus kartu jau daugiau nei de\u0161imt met\u0173? <\/strong><\/p>\n\n\n\n<p>Tuo metu, nuo 1986 m., \u0160iauli\u0173 pedagoginiame institute, dabartin\u0117je Vilniaus universiteto \u0160iauli\u0173 akademijoje dirbau kito choro &#8211; \u201eStudium\u201c &#8211; vadovu. V\u0117liau penkerius metus buvau valstybinio choro \u201ePolifonija\u201c vadovu. Kai po \u0161io etapo gr\u012f\u017eau dirbti \u012f universitet\u0105, su\u0161lubavo tuometinio choro \u201ePavasaris\u201c vadovo Stasio \u017dalalio sveikata. Kadangi jis nebegal\u0117jo toliau dirbti, universiteto vadovyb\u0117 papra\u0161\u0117 man\u0119s perimti vadovavim\u0105 chorui. Mano kelias vis\u0105 laik\u0105 buvo susipyn\u0119s su \u012fvairiais chorais, tod\u0117l nat\u016braliai susiklost\u0117 situacija, kad tas pareigas pasi\u016bl\u0117 man. \u0160alia vadovo dar dirbo chormeisteris Romualdas Pe\u010deli\u016bnas, maestro Vaclovas Kedys. Maestro buvo daugelio chor\u0173 chormeisteriu, ta\u010diau vadovu b\u016bti nenor\u0117jo. Su juo mes draugavome gal dvide\u0161imt met\u0173. Jis buvo u\u017e mane \u017eenkliai vyresnis, bet tapo vienu geriausi\u0173 mano draug\u0173.<\/p>\n\n\n\n<p><strong>Chore kartu dainuoja student\u0117s ir skirtingo am\u017eiaus absolvent\u0117s. Kaip suderinate \u012fvairiausi\u0173 specialybi\u0173 studen\u010di\u0173 ir dirban\u010di\u0173 absolven\u010di\u0173 grafikus ir u\u017etikrinate lankomum\u0105? Kuo choras pritraukia dainininkes \u012f repeticijas?<\/strong><\/p>\n\n\n\n<p>Kai prad\u0117jau dirbti vadovu, choro branduol\u012f sudar\u0117  mano buvusios student\u0117s, daininink\u0117s, kuri\u0173 vaikai jau buvo paaug\u0119. Jos nor\u0117jo dainuoti auk\u0161tu lygiu. Tais metais dain\u0173 \u0161vent\u0117s konkurse, lygi\u0173 bals\u0173 kategorijoje, u\u017e\u0117m\u0117me II viet\u0105 Lietuvoje, tad tok\u012f lyg\u012f tikrai buvome pasiek\u0119, ir tai daininink\u0117ms buvo gera motyvacija. Mano buvusios student\u0117s tada pasikviet\u0117 savo drauges, ir chore atsirado dainininki\u0173, dirban\u010di\u0173 \u012fvairiausiose srityse: viena i\u0161 savivaldyb\u0117s, kita i\u0161 teis\u0117saugos, aukl\u0117tojos i\u0161 dar\u017eeli\u0173. Studij\u0173 laikais jos nepakliuvo \u012f chor\u0105 \u201eStudium\u201c, bet labai nor\u0117jo dainuoti, tad jau v\u0117liau at\u0117jo \u012f chor\u0105 \u201ePavasaris\u201c. \u017dinoma, dalis dainininki\u0173 buvo ir vis dar studijuojan\u010dios student\u0117s i\u0161 \u012fvairi\u0173 fakultet\u0173, pavyzd\u017eiui, architekt\u016bros ar in\u017einerijos. Kas nor\u0117jo dainuoti, tas ir at\u0117jo. <\/p>\n\n\n\n<p>Daug kart\u0173 buvome i\u0161vyk\u0119 koncertuoti \u012f u\u017esien\u012f, dvejas Kal\u0117das dainavome Stokholme, su koncertais lank\u0117m\u0117s Lenkijoje, dainavome Ukrainos Nacionalin\u0117je filharmonijoje, Minske universitet\u0173 chor\u0173 konkurse laim\u0117jome II viet\u0105. Manau, choristes trauk\u0117 m\u016bs\u0173 lygis, nes tada paj\u0117gdavome atlikti sud\u0117tingus k\u016brinius, bet nutikdavo ir taip, kad paruo\u0161davome daugiabals\u012f k\u016brin\u012f, su klasteriais, o vienai kitai dainininkei i\u0161\u0117jus \u012f motinyst\u0117s atostogas, toks  k\u016brinys tiesiog sugri\u016bdavo. Kol visi dainininkai yra &#8211; viskas tvarkoje, bet kai viena, kita, tre\u010dia i\u0161\u0117jo auginti vaik\u0173 \u2013 subyr\u0117jo m\u016bs\u0173 sud\u0117tingos konkursin\u0117s programos. Teko imtis paprastesni\u0173 k\u016brini\u0173.<\/p>\n\n\n\n<p><strong>Kaip formuojate choro repertuar\u0105? Ar chorist\u0117s pateikia pasi\u016blym\u0173, k\u0105 nor\u0117t\u0173 dainuoti? Ar  leid\u017eiate sau laisvai rinktis \u017eanr\u0105, o galb\u016bt koncentruojat\u0117s tik \u012f klasikinius akademini\u0173 chor\u0173 k\u016brinius, konkursin\u0119 med\u017eiag\u0105?<\/strong><\/p>\n\n\n\n<p>Kiekvienas turi skirting\u0105 skon\u012f, kiekvienas choras turi savus norus. Maestro S. \u017dalalis buvo labai religingas \u017emogus, tod\u0117l choras dainavo daug religin\u0117s muzikos, su tokiomis sakralin\u0117s muzikos programomis da\u017enai va\u017eiuodavo \u012f koncertus, giedodavo ba\u017eny\u010diose. A\u0161 truput\u012f kitokio kirpimo \u017emogus, man \u012fdomiau kiek kitokia muzika, tod\u0117l nat\u016braliai, kaip vadovas, suku t\u0105 laivel\u012f kita kryptimi. Maestro S. \u017dalalis buvo klasikinis, labai lietuvi\u0161kas, o mes su choru \u201eStudium\u201c tuo metu dainuodavome grup\u0117s \u201eQueen\u201c k\u016brinius, taigi, kai per\u0117miau choro \u201ePavasaris\u201c vadovavim\u0105, \u0117m\u0117me dainuoti daugiau \u0161iuolaikin\u0117s muzikos.<\/p>\n\n\n\n<p><strong>Vos Jums prad\u0117jus eiti choro vadovo pareigas, 2012 m. su kolektyvu i\u0161vykote \u012f JAV. Kaip susiklost\u0117 aplinkyb\u0117s, kad tur\u0117jote galimyb\u0119 ten vykti ir gastroliuoti?<\/strong><\/p>\n\n\n\n<p>A\u0161 buvau prat\u0119s va\u017ein\u0117ti po \u012fvairius konkursus ir nor\u0117jau, kad chorist\u0117s pamatyt\u0173 daugiau pasaulio. Pats esu studij\u0173 reikalais vyk\u0119s \u012f JAV trylika kart\u0173: su folkloro ansambliais, kelet\u0105 kart\u0173 su choru \u201eStudium\u201c, su choru \u201ePavasaris\u201c, dalyvavau dirigent\u0173 simpoziumuose, ved\u017eiau paskaitas studentams, taip pat buvau kviestinis dirigentas keliuose koncertuose su Nebraskos universiteto Omahoje koncertiniu choru ir Omahos kameriniu orkestru. Omaha yra \u0160iauli\u0173 miestas-partneris, universitetai taip pat glaud\u017eiai bendradarbiauja. Prad\u0117j\u0119s vadovauti chorui \u201ePavasaris\u201c, para\u0161iau<br>Nebraskos Omahos universitetui, kad noriu atvykti su nauju kolektyvu. Tame universitete esu garb\u0117s narys, vienintelis lietuvis. Gavome sutikim\u0105 ir nuvykome ten poros savai\u010di\u0173 koncertiniam turui.<\/p>\n\n\n\n<p><strong>Kokie, J\u016bs\u0173 nuomone, yra did\u017eiausi \u0161io choro pasiekimai? Kuo labiausiai did\u017eiuojat\u0117s kaip vadovas?<\/strong><\/p>\n\n\n\n<p>Did\u017eiausi choro pasiekimai? Man labai svarbu patirti gr\u012f\u017etam\u0105j\u012f ry\u0161\u012f: kai choras pad\u0117koja u\u017e gerus metus, kai gimtadienio proga gaunu gra\u017eius lai\u0161kus. Prie\u0161 kelet\u0105 met\u0173 mano chorist\u0117s sugalvojo originaliai pasveikinti mane jubiliejaus proga \u2013 \u0161e\u0161t\u0105 valand\u0105 ryto choras perlipo per mano nam\u0173 tvor\u0105, atsine\u0161\u0117 tort\u0105 ir sode sudainavo \u201eSu gimimo diena\u201c. Man tai buvo did\u017eiausias d\u017eiaugsmas ir pasiekimas. Konkursai, laim\u0117jimai yra gerai, bet kuo vyresnis esi, tuo geriau supranti, kad ne tai svarbiausia. Kai man para\u0161o, kad ka\u017ekuo gyvenime labai pad\u0117jau, kad ka\u017ek\u0105 \u012fskiepijau \u2013 tai man did\u017eiausias \u012fvertinimas ir pasiekimas.<\/p>\n\n\n\n<p><strong>Aptarkime<\/strong> <strong>\u0161iandienos akademini\u0173 chor\u0173 aktualijas. Kasmet vyksta \u012fvair\u016bs konkursai, jungtini\u0173 chor\u0173 koncertai, ruo\u0161iamasi dain\u0173 \u0161vent\u0117ms. Kokias tendencijas matote, ir kokia linkme krypsta akademini\u0173 chor\u0173 veikla?<\/strong><\/p>\n\n\n\n<p>Chorai dabar i\u0161gyvena tam tikr\u0105 kriz\u0119. Jei, pavyzd\u017eiui, Kauno technologij\u0173 universiteto choras \u201eJaunyst\u0117\u201c tur\u0117jo septyniasde\u0161imt daininink\u0173, dabar beliko keturiasde\u0161imt, Vilniaus universiteto moter\u0173 choras \u201eVirgo\u201c tur\u0117davo keturiasde\u0161imt, penkiasde\u0161imt dainininki\u0173, dabar jame yra dvide\u0161imt. Vienas seniausi\u0173 ir did\u017eiausi\u0173 chor\u0173 \u201eGabija\u201c, priklaus\u0119s Vilniaus Gedimino technikos universitetui, vos kv\u0117puoja. Jame dainuodavo apie septyniasde\u0161imt, a\u0161tuoniasde\u0161imt \u017emoni\u0173, o dabar festivaliuose visai nedalyvauja. Per pandemij\u0105 choras \u201ePavasaris\u201c taip pat subyr\u0117jo. I\u0161 senbuvi\u0173 dainininki\u0173 liko dvi, bet dabar po truput\u012f atsistatome. \u0160iuo metu chor\u0105 sudaro de\u0161imt moter\u0173, kai kurios dirban\u010dios, kai kurios student\u0117s. Po pandemijos visi chor\u0173 vadovai mato, kad studentai atprato bendrauti, eiti \u012f repeticijas. Kartais ir patys studentai susiranda kitos veiklos.  \u0160is l\u016b\u017eis \u012fvyko  po pandemij\u0105, visi tai pajutome. Manau, kad ateityje chorai po truput\u012f ma\u017e\u0117s, bet tai labai priklausys ir nuo universitet\u0173 vadovyb\u0117s, po\u017ei\u016brio \u012f kolektyvus.<\/p>\n\n\n\n<p><strong>D\u0117koju u\u017e pokalb\u012f!<\/strong><\/p>\n\n\n\n<p>\u0160is pokalbis yra interviu ciklo \u201e\u0160iauliuose gimusi muzika\u201c, kurio metu kalbinami penki \u0160iauliuose gyvenantys muzikos profesionalai &#8211; k\u016br\u0117jai atlik\u0117jai, pedagogai, i\u0161ugd\u0119 ne vien\u0105 muzik\u0173, garsinan\u010di\u0173 miesto vard\u0105 visoje \u0161alyje ar u\u017e jos rib\u0173, kart\u0105. \u0160i\u0173 pokalbi\u0173 tikslas \u2013 atsukti rampos \u0161viesas \u012f i\u0161skirtinius ir be galo talentingus \u0160iauli\u0173 muzikus ir pristatyti juos platesnei auditorijai.<\/p>\n","protected":false},"excerpt":{"rendered":"<p>GRA\u017dINA MONTVIDAIT\u0116 Seniausi ir gilias tradicijas puosel\u0117j\u0119 akademiniai chorai \u0161iandien i\u0161gyvena poky\u010dius. Apie kismo laik\u0105, bendr\u0105 choro vadovo ir Vilniaus universiteto \u0160iauli\u0173 akademijos choro \u201ePavasaris\u201c keli\u0105 bei pasiekimus abiejose Atlanto&hellip; <\/p>\n","protected":false},"author":2,"featured_media":3125,"comment_status":"open","ping_status":"open","sticky":false,"template":"","format":"standard","meta":{"footnotes":""},"categories":[5],"tags":[],"_links":{"self":[{"href":"https:\/\/choras.lt\/index.php\/wp-json\/wp\/v2\/posts\/3122"}],"collection":[{"href":"https:\/\/choras.lt\/index.php\/wp-json\/wp\/v2\/posts"}],"about":[{"href":"https:\/\/choras.lt\/index.php\/wp-json\/wp\/v2\/types\/post"}],"author":[{"embeddable":true,"href":"https:\/\/choras.lt\/index.php\/wp-json\/wp\/v2\/users\/2"}],"replies":[{"embeddable":true,"href":"https:\/\/choras.lt\/index.php\/wp-json\/wp\/v2\/comments?post=3122"}],"version-history":[{"count":5,"href":"https:\/\/choras.lt\/index.php\/wp-json\/wp\/v2\/posts\/3122\/revisions"}],"predecessor-version":[{"id":3128,"href":"https:\/\/choras.lt\/index.php\/wp-json\/wp\/v2\/posts\/3122\/revisions\/3128"}],"wp:featuredmedia":[{"embeddable":true,"href":"https:\/\/choras.lt\/index.php\/wp-json\/wp\/v2\/media\/3125"}],"wp:attachment":[{"href":"https:\/\/choras.lt\/index.php\/wp-json\/wp\/v2\/media?parent=3122"}],"wp:term":[{"taxonomy":"category","embeddable":true,"href":"https:\/\/choras.lt\/index.php\/wp-json\/wp\/v2\/categories?post=3122"},{"taxonomy":"post_tag","embeddable":true,"href":"https:\/\/choras.lt\/index.php\/wp-json\/wp\/v2\/tags?post=3122"}],"curies":[{"name":"wp","href":"https:\/\/api.w.org\/{rel}","templated":true}]}}