{"id":3133,"date":"2022-12-07T17:10:54","date_gmt":"2022-12-07T17:10:54","guid":{"rendered":"https:\/\/choras.lt\/?p=3133"},"modified":"2022-12-07T17:21:47","modified_gmt":"2022-12-07T17:21:47","slug":"plunges-chorai-sidabrineje-prahoje","status":"publish","type":"post","link":"https:\/\/choras.lt\/index.php\/2022\/12\/07\/plunges-chorai-sidabrineje-prahoje\/","title":{"rendered":"Plung\u0117s chorai sidabrin\u0117je Prahoje"},"content":{"rendered":"\n<p>Gruod\u017eio 2-3 d. Prahoje (\u010cekija) vyko XXX tarptautinis Advento ir Kal\u0117d\u0173 chorin\u0117s muzikos festivalis-konkursas. Lietuvai atstovavo du plungi\u0161ki\u0173 chorai: Plung\u0117s Mykolo Oginskio meno mokyklos jauni\u0173 choras, vadovaujamas Irenos Bakanauskien\u0117s (nuotr., chormeister\u0117 Kornelija Kiseliova, koncertmeister\u0117 Rima \u017dilinskien\u0117) bei berniuk\u0173 ir jaunuoli\u0173 choras, vadovaujamas Ritos Urnie\u017eien\u0117s (chormeister\u0117 K.Kiseliova, koncertmeisteris Mantas Liutikas.)<\/p>\n\n\n\n<p> Jauni\u0173 choras var\u017e\u0117si vaik\u0173 chor\u0173 iki 16 met\u0173, berniuk\u0173 ir jaunuoli\u0173 \u2013 kamerini\u0173 chor\u0173 iki 24 daininink\u0173 kategorijose. Abiem kolektyvams \u0161is konkursas buvo s\u0117kmingas &#8211; \u012f Plung\u0119 parve\u017eti du sidabro diplomai ir nepakartojami \u012fsp\u016bd\u017eiai i\u0161 nuostabiosios kal\u0117din\u0117s Prahos.<\/p>\n","protected":false},"excerpt":{"rendered":"<p>Gruod\u017eio 2-3 d. Prahoje (\u010cekija) vyko XXX tarptautinis Advento ir Kal\u0117d\u0173 chorin\u0117s muzikos festivalis-konkursas. Lietuvai atstovavo du plungi\u0161ki\u0173 chorai: Plung\u0117s Mykolo Oginskio meno mokyklos jauni\u0173 choras, vadovaujamas Irenos Bakanauskien\u0117s (nuotr.,&hellip; <\/p>\n","protected":false},"author":2,"featured_media":3138,"comment_status":"open","ping_status":"open","sticky":false,"template":"","format":"standard","meta":{"footnotes":""},"categories":[3],"tags":[],"_links":{"self":[{"href":"https:\/\/choras.lt\/index.php\/wp-json\/wp\/v2\/posts\/3133"}],"collection":[{"href":"https:\/\/choras.lt\/index.php\/wp-json\/wp\/v2\/posts"}],"about":[{"href":"https:\/\/choras.lt\/index.php\/wp-json\/wp\/v2\/types\/post"}],"author":[{"embeddable":true,"href":"https:\/\/choras.lt\/index.php\/wp-json\/wp\/v2\/users\/2"}],"replies":[{"embeddable":true,"href":"https:\/\/choras.lt\/index.php\/wp-json\/wp\/v2\/comments?post=3133"}],"version-history":[{"count":3,"href":"https:\/\/choras.lt\/index.php\/wp-json\/wp\/v2\/posts\/3133\/revisions"}],"predecessor-version":[{"id":3137,"href":"https:\/\/choras.lt\/index.php\/wp-json\/wp\/v2\/posts\/3133\/revisions\/3137"}],"wp:featuredmedia":[{"embeddable":true,"href":"https:\/\/choras.lt\/index.php\/wp-json\/wp\/v2\/media\/3138"}],"wp:attachment":[{"href":"https:\/\/choras.lt\/index.php\/wp-json\/wp\/v2\/media?parent=3133"}],"wp:term":[{"taxonomy":"category","embeddable":true,"href":"https:\/\/choras.lt\/index.php\/wp-json\/wp\/v2\/categories?post=3133"},{"taxonomy":"post_tag","embeddable":true,"href":"https:\/\/choras.lt\/index.php\/wp-json\/wp\/v2\/tags?post=3133"}],"curies":[{"name":"wp","href":"https:\/\/api.w.org\/{rel}","templated":true}]}}