{"id":3208,"date":"2022-12-22T10:28:14","date_gmt":"2022-12-22T10:28:14","guid":{"rendered":"https:\/\/choras.lt\/?p=3208"},"modified":"2022-12-22T10:28:22","modified_gmt":"2022-12-22T10:28:22","slug":"kalediniu-giesmiu-festivalis-klaipedoje-2","status":"publish","type":"post","link":"https:\/\/choras.lt\/index.php\/2022\/12\/22\/kalediniu-giesmiu-festivalis-klaipedoje-2\/","title":{"rendered":"Kal\u0117dini\u0173 giesmi\u0173 festivalis Klaip\u0117doje"},"content":{"rendered":"\n<p>Jau penkiolika met\u0173 \u012f Klaip\u0117dos Marijos Taikos Karalien\u0117s \u0161ventov\u0119 d\u017eiaugsming\u0173 \u0160vent\u0173 Kal\u0117d\u0173 \u0161v\u0119sti suva\u017eiuoja chorai ne tik i\u0161 Vakar\u0173 Lietuvos regiono, o ir i\u0161 visos Lietuvos. Pirmasis Kal\u0117dini\u0173 giesmi\u0173 festivalis Klaip\u0117doje \u012fvyko 2007 metais. \u0160io festivalio iniciator\u0117 ir \u012fk\u016br\u0117ja yra Klaip\u0117dos miesto chorin\u0117 bendrija \u201eAukuras\u201c, kuri kartu su Klaip\u0117dos Marijos Taikos Karalien\u0117s ba\u017eny\u010dia iki \u0161iol rengia j\u012f. \u0160is festivalis tapo gra\u017eia tradicija, vienijanti ba\u017enytinius chorus, kurie yra neatsiejama ir ba\u017enytin\u0117s liturgijos dalis, o ir chorinio meno dalis. Kartu jie yra ir nedaloma Lietuvos bendrosios kult\u016bros erdv\u0117, puosel\u0117janti dvasines vertybes bei chorinio meno ir giedojimo tradicijas, skatinanti chor\u0173 menin\u012f meistri\u0161kum\u0105, aktyvinanti j\u0173 dalyvavim\u0105 visuomen\u0117s dvasiniame bei kult\u016briniame gyvenime. Klaip\u0117doje vykstantis ir jau tradiciniu tap\u0119s ba\u017enytini\u0173 chor\u0173 Kal\u0117dini\u0173 giesmi\u0173 festivalis suburia \u0161iuos chorus, skatina ir puosel\u0117ja j\u0173 veikl\u0105. Vis gaus\u0117jantis gerb\u0117j\u0173 bei klausytoj\u0173 b\u016brys \u012ftikina tai, kad tokio pob\u016bd\u017eio renginys &#8211; Kal\u0117dini\u0173 giesmi\u0173 festivalis &#8211; yra reik\u0161mingas Vakar\u0173 Lietuvos chorin\u0117s kult\u016bros \u012fvykis.<\/p>\n\n\n\n<p>2022 m. gruod\u017eio 29 d. Klaip\u0117dos miesto chorin\u0117 bendrija \u201eAukuras\u201c kartu su Klaip\u0117dos Marijos Taikos Karalien\u0117s ba\u017eny\u010dia organizuoja tradicin\u012f Vakar\u0173 Lietuvos kra\u0161to ba\u017enytini\u0173 chor\u0173 Kal\u0117dini\u0173 giesmi\u0173 festival\u012f. Festivalyje dalyvaujantys chorai atliks individuali\u0105 program\u0105, dalyvaus \u0160v. Mi\u0161iose bei visi kartu atliks bendr\u0105 festivalio program\u0105. J\u0173 nuo\u0161irdus ind\u0117lis &#8211; festivalio s\u0117km\u0117 ir pagrindinis tradicijos puosel\u0117jimo bruo\u017eas bei i\u0161skirtinumas.<\/p>\n\n\n\n<p>Kal\u0117dini\u0173 giesmi\u0173 festivalio koncertas vyks 2022 m. gruod\u017eio 29 d. 16  val. Klaip\u0117dos Marijos Taikos Karalien\u0117s ba\u017eny\u010dioje (Rumpi\u0161k\u0117s g. 6, Klaip\u0117da). Jame dalyvaus 10 kolektyv\u0173: Klaip\u0117dos Marijos Taikos Karalien\u0117s ba\u017eny\u010dios grigali\u0161ko choralo ansamblis \u201eSchola Cantorum de Regina Pacis\u201c, vadovas Vidmantas Budreckis; \u0160ateiki\u0173 \u0160v. evangelisto Morkaus ba\u017eny\u010dios jaunimo choras \u201e\u017diburys\u201c, choro vadov\u0117 ir vargoninink\u0117 Jurgita Arlauskien\u0117; Klaip\u0117dos Marijos Taikos Karalien\u0117s ba\u017eny\u010dios senosios muzikos vokalinis ansamblis \u201edecOrata\u201c, ansamblio vadovas Vilimas Nork\u016bnas; Barsty\u010di\u0173 \u0160v. apa\u0161tal\u0173 Simono ir Judo Tado ba\u017eny\u010dios choras, vadov\u0117 Birut\u0117 Gedminait\u0117; Klaip\u0117dos Marijos Taikos Karalien\u0117s ba\u017eny\u010dios Sumos choras, vadov\u0117 ir vargoninink\u0117 Laura Gedgaudait\u0117-Domarkien\u0117; Kretingos rajono kult\u016bros centro kamerinis choras \u201eKristale\u201c, vadov\u0117 Kristina Rimien\u0117; Nidos \u0160v\u010d. Mergel\u0117s Marijos Krik\u0161\u010dioni\u0173 Pagalbos ba\u017eny\u010dios moter\u0173 choras \u201eJ\u016brasmilt\u0117\u201c, vadov\u0117 Rita Ru\u0161inskien\u0117; Plung\u0117s Mykolo Oginskio meno mokyklos berniuk\u0173 ir jaunuoli\u0173 choras, vadov\u0117 Rita Urnie\u017eien\u0117; Rietavo \u0160v. Mykolo Arkangelo ba\u017eny\u010dios choras \u201eAd lucem\u201c, choro vadovas ir vargonininkas Juozas Barsteiga; Klaip\u0117dos universiteto mi\u0161rus choras \u201ePaj\u016brio aidos\u201c, choro meno vadovas doc. Algirdas \u0160umskis.<\/p>\n\n\n\n<p>Festivalis u\u017esibaigs \u0160v. Mi\u0161iomis, kurios prasid\u0117s 18 val., \u0160v. Mi\u0161iose giedos festivalio dalyvi\u0173 jungtinis choras. Tikim\u0117s, kad ir \u0161iemetinis Kal\u0117dini\u0173 giesmi\u0173 festivalis praturtins ir papuo\u0161 \u0161i\u0105 did\u017ei\u0105 \u0161vent\u0119, sutelks bendruomen\u0119 giesmi\u0173 g\u0117rio ir gro\u017eio pajautai, deramai \u012fsilies \u012f Klaip\u0117dos kult\u016brin\u012f gyvenim\u0105.<\/p>\n\n\n\n<p>Tad giedokime Lietuv\u0105 su viltimi ir tik\u0117jimu! Giedokime Lietuv\u0105 i\u0161 \u0161irdies \u012f \u0161ird\u012f! Giedokime Lietuv\u0105, idant ji tapt\u0173 tvirtesn\u0117, gra\u017eesn\u0117, tauresn\u0117, kaip ta, nuo neatmenam\u0173 laik\u0173 visada gyva daina ir giesm\u0117, kurios skrydis suvienija ir suartina mus!<\/p>\n\n\n\n<p class=\"has-text-align-center\"><strong>doc. Algirdas \u0160umskis,<br>Klaip\u0117dos miesto chorin\u0117s bendrijos \u201eAukuras\u201c tarybos pirmininkas<\/strong><\/p>\n","protected":false},"excerpt":{"rendered":"<p>Jau penkiolika met\u0173 \u012f Klaip\u0117dos Marijos Taikos Karalien\u0117s \u0161ventov\u0119 d\u017eiaugsming\u0173 \u0160vent\u0173 Kal\u0117d\u0173 \u0161v\u0119sti suva\u017eiuoja chorai ne tik i\u0161 Vakar\u0173 Lietuvos regiono, o ir i\u0161 visos Lietuvos. Pirmasis Kal\u0117dini\u0173 giesmi\u0173 festivalis&hellip; <\/p>\n","protected":false},"author":2,"featured_media":3210,"comment_status":"open","ping_status":"open","sticky":false,"template":"","format":"standard","meta":{"footnotes":""},"categories":[2],"tags":[],"_links":{"self":[{"href":"https:\/\/choras.lt\/index.php\/wp-json\/wp\/v2\/posts\/3208"}],"collection":[{"href":"https:\/\/choras.lt\/index.php\/wp-json\/wp\/v2\/posts"}],"about":[{"href":"https:\/\/choras.lt\/index.php\/wp-json\/wp\/v2\/types\/post"}],"author":[{"embeddable":true,"href":"https:\/\/choras.lt\/index.php\/wp-json\/wp\/v2\/users\/2"}],"replies":[{"embeddable":true,"href":"https:\/\/choras.lt\/index.php\/wp-json\/wp\/v2\/comments?post=3208"}],"version-history":[{"count":1,"href":"https:\/\/choras.lt\/index.php\/wp-json\/wp\/v2\/posts\/3208\/revisions"}],"predecessor-version":[{"id":3209,"href":"https:\/\/choras.lt\/index.php\/wp-json\/wp\/v2\/posts\/3208\/revisions\/3209"}],"wp:featuredmedia":[{"embeddable":true,"href":"https:\/\/choras.lt\/index.php\/wp-json\/wp\/v2\/media\/3210"}],"wp:attachment":[{"href":"https:\/\/choras.lt\/index.php\/wp-json\/wp\/v2\/media?parent=3208"}],"wp:term":[{"taxonomy":"category","embeddable":true,"href":"https:\/\/choras.lt\/index.php\/wp-json\/wp\/v2\/categories?post=3208"},{"taxonomy":"post_tag","embeddable":true,"href":"https:\/\/choras.lt\/index.php\/wp-json\/wp\/v2\/tags?post=3208"}],"curies":[{"name":"wp","href":"https:\/\/api.w.org\/{rel}","templated":true}]}}