{"id":3223,"date":"2022-12-28T11:08:24","date_gmt":"2022-12-28T11:08:24","guid":{"rendered":"https:\/\/choras.lt\/?p=3223"},"modified":"2023-01-01T09:57:18","modified_gmt":"2023-01-01T09:57:18","slug":"berniuku-ir-jaunuoliu-choras-dagilelis-ir-operos-soliste-viktorija-miskunaite-kartu-su-siauliu-kamerinius-orkestru-camerata-solaris-klausytojus-dziugino-kaledinemis","status":"publish","type":"post","link":"https:\/\/choras.lt\/index.php\/2022\/12\/28\/berniuku-ir-jaunuoliu-choras-dagilelis-ir-operos-soliste-viktorija-miskunaite-kartu-su-siauliu-kamerinius-orkestru-camerata-solaris-klausytojus-dziugino-kaledinemis\/","title":{"rendered":"\u201eDAGIL\u0116LIS\u201c ir  VIKTORIJA MI\u0160K\u016aNAIT\u0116 kartu su \u0160iauli\u0173 kameriniu orkestru \u201eCAMERATA SOLARIS\u201c  d\u017eiugino kal\u0117din\u0117mis giesm\u0117mis"},"content":{"rendered":"\n<p>Gruod\u017eio 26 d. \u0160iauli\u0173 \u0160v. Apa\u0161tal\u0173 Petro ir Pauliaus katedroje tradici\u0161kai vyko \u0161ventinis koncertas \u201eKAL\u0116DOS SU DAGIL\u0116LIU\u201c. Koncertavo berniuk\u0173 ir jaunuoli\u0173 choro \u201eDagil\u0117lis\u201d esami ir buv\u0119 choristai, 3-ios kl. berniuk\u0173 choras (choro mokytoja D. Kembrien\u0117), koncertmeister\u0117 Daiva \u0160ulcait\u0117, operos solist\u0117 Viktorija Mi\u0161k\u016bnait\u0117 (sopranas) ir \u0160iauli\u0173 kamerinis orkestras \u201eCamerata Solaris\u201c (meno vadovas Vilhelmas \u010cepinskis).<\/p>\n\n\n\n<p>\u0160is kasmetinis koncertas yra visuomet laukiamas \u0161iaulie\u010di\u0173 ir choro muzikos gerb\u0117j\u0173. Gausiai \u012f \u0160iauli\u0173 katedr\u0105 susirink\u0119 klausytojai d\u017eiaugsmingai pasitiko \u0160iauli\u0173 miesto pasidid\u017eiavim\u0105 \u2013 \u201eDagil\u0117l\u012f\u201d. Gausiais plojimais buvo pasveikintas Maestro Remigijus Adomaitis, kuriam visai neseniai u\u017e nuosekl\u0173 \u201eDagil\u0117lio\u201c rei\u0161kinio puosel\u0117jim\u0105 tarptautin\u0117je erdv\u0117je ir meil\u0119 dainuojan\u010diam jaunimui \u012fteikta \u0160iauli\u0173 miesto kult\u016bros ir meno premija.<\/p>\n\n\n\n<p>Spalvotos \u0160iauli\u0173 \u0160v. Apa\u0161tal\u0173 Petro ir Pauliaus katedros fone \u201edagil\u0117li\u0173\u201d angeli\u0161ki balsai ir Viktorijos Mi\u0161k\u016bnait\u0117s skambus sopranas skverb\u0117si \u012f klausytoj\u0173 \u0161irdis ir siel\u0105. Nuostabia muzika su\u017eav\u0117ti klausytojai negail\u0117jo plojim\u0173. I\u0161 \u0160iauli\u0173 kilusi jauna operos daininink\u0117 Viktorija Mi\u0161k\u016bnait\u0117 kartu su \u201eDagil\u0117liu\u201c sureng\u0117 ne vien\u0105 koncert\u0105, o nuo 2014 m. tradici\u0161kai dalyvauja \u0161ventiniame koncerte \u201eKal\u0117dos su Dagil\u0117liu\u201c. \u0160iemet, kartu su \u0160iauli\u0173 kameriniu orkestru \u201eCamerata Solaris\u201c, dainininkai visiems dovanojo \u0161ventin\u0119 nuotaik\u0105.<\/p>\n\n\n\n<p>Chorui fleitomis pritar\u0117 Kajus L. ir Jok\u016bbas R., o violon\u010dele \u2013 Mykolas M. Koncert\u0105 profesionali\u0173 varp\u0173 skambesiais pagra\u017eino patys dainininkai. Solo partij\u0105 atliko \u201eDagil\u0117lio\u201d dainavimo mokyklos mokinys Mykolas M.<br>Koncerto pabaigoje skamb\u0117jo bendri k\u016briniai, kuriuos atliko prie koncertinio choro prisijung\u0119 patys i\u0161tikimiausi buv\u0119 mokyklos aukl\u0117tiniai bei b\u016brys tre\u010diok\u0173.&nbsp;<\/p>\n\n\n\n<p>Paskutinius \u201eD\u017eiaugsming\u0173 \u0161vent\u0173 Kal\u0117d\u0173\u201c akordus lyd\u0117jo gaus\u016bs \u0161iaulie\u010di\u0173 ir kit\u0173 klausytoj\u0173 plojimai atsistojus.<\/p>\n\n\n\n<p>Tradicinio \u0161ventinio koncerto sumanytojas ir dirigentas \u2013 Remigijus Adomaitis. Renginio ved\u0117ja &#8211; Raimonda \u017dukauskien\u0117.<\/p>\n\n\n\n<p class=\"has-text-align-center\"><strong>R. Bieliausko nuotrauka<\/strong><\/p>\n","protected":false},"excerpt":{"rendered":"<p>Gruod\u017eio 26 d. \u0160iauli\u0173 \u0160v. Apa\u0161tal\u0173 Petro ir Pauliaus katedroje tradici\u0161kai vyko \u0161ventinis koncertas \u201eKAL\u0116DOS SU DAGIL\u0116LIU\u201c. Koncertavo berniuk\u0173 ir jaunuoli\u0173 choro \u201eDagil\u0117lis\u201d esami ir buv\u0119 choristai, 3-ios kl. berniuk\u0173&hellip; <\/p>\n","protected":false},"author":2,"featured_media":3225,"comment_status":"open","ping_status":"open","sticky":false,"template":"","format":"standard","meta":{"footnotes":""},"categories":[3],"tags":[],"_links":{"self":[{"href":"https:\/\/choras.lt\/index.php\/wp-json\/wp\/v2\/posts\/3223"}],"collection":[{"href":"https:\/\/choras.lt\/index.php\/wp-json\/wp\/v2\/posts"}],"about":[{"href":"https:\/\/choras.lt\/index.php\/wp-json\/wp\/v2\/types\/post"}],"author":[{"embeddable":true,"href":"https:\/\/choras.lt\/index.php\/wp-json\/wp\/v2\/users\/2"}],"replies":[{"embeddable":true,"href":"https:\/\/choras.lt\/index.php\/wp-json\/wp\/v2\/comments?post=3223"}],"version-history":[{"count":5,"href":"https:\/\/choras.lt\/index.php\/wp-json\/wp\/v2\/posts\/3223\/revisions"}],"predecessor-version":[{"id":3258,"href":"https:\/\/choras.lt\/index.php\/wp-json\/wp\/v2\/posts\/3223\/revisions\/3258"}],"wp:featuredmedia":[{"embeddable":true,"href":"https:\/\/choras.lt\/index.php\/wp-json\/wp\/v2\/media\/3225"}],"wp:attachment":[{"href":"https:\/\/choras.lt\/index.php\/wp-json\/wp\/v2\/media?parent=3223"}],"wp:term":[{"taxonomy":"category","embeddable":true,"href":"https:\/\/choras.lt\/index.php\/wp-json\/wp\/v2\/categories?post=3223"},{"taxonomy":"post_tag","embeddable":true,"href":"https:\/\/choras.lt\/index.php\/wp-json\/wp\/v2\/tags?post=3223"}],"curies":[{"name":"wp","href":"https:\/\/api.w.org\/{rel}","templated":true}]}}