{"id":3232,"date":"2022-12-29T11:51:37","date_gmt":"2022-12-29T11:51:37","guid":{"rendered":"https:\/\/choras.lt\/?p=3232"},"modified":"2022-12-29T12:58:17","modified_gmt":"2022-12-29T12:58:17","slug":"jei-ne-choras-tiek-metu-gal-ir-nebuciau-gyvenes","status":"publish","type":"post","link":"https:\/\/choras.lt\/index.php\/2022\/12\/29\/jei-ne-choras-tiek-metu-gal-ir-nebuciau-gyvenes\/","title":{"rendered":"Jei ne choras, tiek met\u0173 gal ir neb\u016b\u010diau gyven\u0119s"},"content":{"rendered":"\n<p><br>\u201ePalaiminkime am\u017ein\u0105j\u012f mieg\u0105 prisiminimais ir malda\u2026 Pab\u016bkime v\u0117l visi kartu, bent mintyse, kai slegia \u017einojimas: kitaip nebus. \u017dmogus &#8211; tik \u017eem\u0117s sve\u010dias ir turi gr\u012f\u017et namo\u2026\u2018\u2018<\/p>\n\n\n\n<p>Art\u0117jant prasmingoms, gra\u017eioms \u0161vent\u0117ms, L\u017d\u016a Ministerijos choro \u201eDobilas\u201c kolektyvas su li\u016bdesiu tar\u0117 am\u017ein\u0105 \u201esudie\u201c Rimantui Augustui Galvanauskui (1931.09.05 -2022.12.17.). Dangus pasipild\u0117 dar vienu \u0161viesiu \u017emogumi, o mes netekome puikaus tenoro, solisto, choro senbuvio. Jis visada \u017ei\u016br\u0117jo \u012f \u0161viesi\u0105j\u0105 gyvenimo pus\u0119.<\/p>\n\n\n\n<p>Atminty &#8211; daug \u0161ilto bendravimo valand\u0173, ilgi bendravimo metai, daug prasming\u0173 ir gra\u017ei\u0173 koncert\u0173, turining\u0173, \u012fsp\u016bding\u0173 kelioni\u0173. \u0160io kolektyvo bendra veikla prasid\u0117jo 1966 metais, koncertin\u0117 geografija labai plati, koncert\u0173 gausa \u012fsp\u016bdinga. <\/p>\n\n\n\n<p>I\u0161dainuoti, i\u0161giedoti \u0161iame chore penki Rimanto de\u0161imtme\u010diai liudija didel\u0119 meil\u0119 kolektyvui, muzikai. Su muzika jis u\u017eaugo, ji liko su juo iki paskutin\u0117s dienos. Choras jam visada buvo tarsi gaivus dvasios u\u017eutekis. Ne kiekvienas choristas sugeba branginti choro repeticijose minut\u0119, ne kiekvienas turi dovan\u0105 dainuoti solo. Rimantas savo k\u016bno sud\u0117timi ir balso galia primin\u0117 ital\u0173 tenor\u0105, legend\u0105, scenoje karaliavus\u012f per 40 met\u0173, Luciano Pavarotti. Gal tod\u0117l, o gal d\u0117l Rimanto pom\u0117gio dainuoti neapolie\u010di\u0173 liaudies dain\u0105 Santa Liu\u010dija (Santa Lucia) tiko jam pravard\u0117 \u2013 \u201eDobilo\u201c Pavarotis. \u0160is k\u016brinys buvo b\u016btinas Rimanto devyniasde\u0161imto jubiliejinio gimtadienio \u0161vent\u0117je artimiesiems ir nuskamb\u0117jo tobulai.<\/p>\n\n\n\n<p>Filosofin\u0119 prasm\u0119 \u012fgij\u0119s am\u017einam poilsiui i\u0161\u0117jusio m\u016bs\u0173 bi\u010diulio Rimanto Galvanausko priminimas: \u201c Jei ne choras, tiek met\u0173 gal ir neb\u016b\u010diau gyven\u0119s\u201c. Tai brandaus am\u017eiaus \u017emogaus b\u016bties credo, \u012f kur\u012f verta \u012fsiklausyti ypa\u010d jaunesnei kartai. Veikla chore, \u0161alia savirai\u0161kos ir turtingo laisvalaikio praleidimo, yra ir gyvenimo b\u016bdas, savastis, gerumas, k\u016brybi\u0161kumas, dovanojimas, aukojimas.<\/p>\n\n\n\n<p>Nor\u0117tume, kad m\u016bs\u0173 \u017eod\u017eiai b\u016bt\u0173 dideli, kad sielvart\u0105 su\u0161ildyt\u0173, paguost\u0173\u2026 Gyventi \u0161aukt\u0173 v\u0117l b\u0117 sopulio \u0161irdy ir a\u0161aras nu\u0161luostyt\u0173 nuo skruost\u0173.<\/p>\n\n\n\n<p class=\"has-text-align-center\"><br><strong>dr<\/strong>. <strong>Irena Lamsodien\u0117<\/strong><\/p>\n\n\n\n<p class=\"has-text-align-center\">Nuotraukoje: Choras \u201eDobilas\u201c. Solistas viduryje &#8211; Rimantas Augustas Galvanauskas<\/p>\n","protected":false},"excerpt":{"rendered":"<p>\u201ePalaiminkime am\u017ein\u0105j\u012f mieg\u0105 prisiminimais ir malda\u2026 Pab\u016bkime v\u0117l visi kartu, bent mintyse, kai slegia \u017einojimas: kitaip nebus. \u017dmogus &#8211; tik \u017eem\u0117s sve\u010dias ir turi gr\u012f\u017et namo\u2026\u2018\u2018 Art\u0117jant prasmingoms, gra\u017eioms \u0161vent\u0117ms,&hellip; <\/p>\n","protected":false},"author":2,"featured_media":3237,"comment_status":"open","ping_status":"open","sticky":false,"template":"","format":"standard","meta":{"footnotes":""},"categories":[3],"tags":[],"_links":{"self":[{"href":"https:\/\/choras.lt\/index.php\/wp-json\/wp\/v2\/posts\/3232"}],"collection":[{"href":"https:\/\/choras.lt\/index.php\/wp-json\/wp\/v2\/posts"}],"about":[{"href":"https:\/\/choras.lt\/index.php\/wp-json\/wp\/v2\/types\/post"}],"author":[{"embeddable":true,"href":"https:\/\/choras.lt\/index.php\/wp-json\/wp\/v2\/users\/2"}],"replies":[{"embeddable":true,"href":"https:\/\/choras.lt\/index.php\/wp-json\/wp\/v2\/comments?post=3232"}],"version-history":[{"count":4,"href":"https:\/\/choras.lt\/index.php\/wp-json\/wp\/v2\/posts\/3232\/revisions"}],"predecessor-version":[{"id":3239,"href":"https:\/\/choras.lt\/index.php\/wp-json\/wp\/v2\/posts\/3232\/revisions\/3239"}],"wp:featuredmedia":[{"embeddable":true,"href":"https:\/\/choras.lt\/index.php\/wp-json\/wp\/v2\/media\/3237"}],"wp:attachment":[{"href":"https:\/\/choras.lt\/index.php\/wp-json\/wp\/v2\/media?parent=3232"}],"wp:term":[{"taxonomy":"category","embeddable":true,"href":"https:\/\/choras.lt\/index.php\/wp-json\/wp\/v2\/categories?post=3232"},{"taxonomy":"post_tag","embeddable":true,"href":"https:\/\/choras.lt\/index.php\/wp-json\/wp\/v2\/tags?post=3232"}],"curies":[{"name":"wp","href":"https:\/\/api.w.org\/{rel}","templated":true}]}}