{"id":3250,"date":"2022-12-29T17:05:57","date_gmt":"2022-12-29T17:05:57","guid":{"rendered":"https:\/\/choras.lt\/?p=3250"},"modified":"2022-12-29T17:05:59","modified_gmt":"2022-12-29T17:05:59","slug":"neabejokime-jog-musu-menas-musu-nelengvas-darbas-padeda-zmonems-net-o-gal-ir-ypac-sunkiais-laikais","status":"publish","type":"post","link":"https:\/\/choras.lt\/index.php\/2022\/12\/29\/neabejokime-jog-musu-menas-musu-nelengvas-darbas-padeda-zmonems-net-o-gal-ir-ypac-sunkiais-laikais\/","title":{"rendered":"Neabejokime, jog m\u016bs\u0173 menas, m\u016bs\u0173 nelengvas darbas padeda \u017emon\u0117ms net (o gal ir ypa\u010d) sunkiais laikais"},"content":{"rendered":"\n<p>Mieli kolegos, Lietuvos chor\u0173 vadovai &#8211; chor\u0173 dirigentai ir chormeisteriai, chorin\u0117s bendruomen\u0117s nariai,<\/p>\n\n\n\n<p>pastarieji dveji ar net treji metai buvo mums nelengvi &#8211; pirmiausia chorus ir aktyvi\u0105 m\u016bs\u0173 veikl\u0105 trikd\u0117 pandemija,\u00a0po jos\u00a0 u\u017egriuvo tokia daugyb\u0117 atid\u0117t\u0173 bei naujai suplanuot\u0173 darb\u0173, kad vos sp\u0117jome suktis&#8230; O tada at\u0117jo lemtingoji vasario 24-oji, sukr\u0117tusi pasaul\u012f bei suk\u0117lusi did\u017eiul\u012f nerim\u0105, netikrum\u0105 ir baim\u0119 d\u0117l ateities. Karas Ukrainoje privert\u0117 pajusti, kokia nedidel\u0117, nesaugi ir pa\u017eeid\u017eiama yra m\u016bs\u0173 \u0161alis ir i\u0161vis \u017emogaus gyvenimas.<\/p>\n\n\n\n<p>Tod\u0117l nor\u0117t\u0173si palink\u0117ti Ukrainai ir pasauliui Taikos, o mums &#8211; Lietuvos chor\u0173 dirigentams &#8211; tvirtyb\u0117s, saugumo jausmo ir tik\u0117jimo, kad viskas baigsis ir v\u0117l atsivers galimyb\u0117s m\u016bs\u0173 dainoms skamb\u0117ti, m\u016bs\u0173 kult\u016brai augti, o mums ir m\u016bs\u0173 choristams d\u017eiaugtis choriniu menu.<\/p>\n\n\n\n<p>Neabejokime, jog m\u016bs\u0173 menas, m\u016bs\u0173 nelengvas darbas padeda \u017emon\u0117ms net (o gal ir ypa\u010d) sunkiais laikais. M\u016bs\u0173 choruose \u017emon\u0117s pasijunta nevieni, o tuo pa\u010diu ir tvirtesni bei saugesni, o muzikavimas i\u0161laisvina emocijas ir i\u0161bla\u0161ko nerim\u0105.<\/p>\n\n\n\n<p>Tegu m\u016bs\u0173 darbo prasm\u0117 suteikia mums j\u0117g\u0173, sveikatos ir energijos 2023-aisiais!<\/p>\n\n\n\n<p class=\"has-text-align-center\"><strong>Viso ko geriausio\u00a0 link\u0117dama &#8211;\u00a0<br>Lietuvos chor\u0173 s\u0105jungos prezident\u0117 Rasa Gelgotien\u0117\u00a0\u00a0<\/strong><\/p>\n","protected":false},"excerpt":{"rendered":"<p>Mieli kolegos, Lietuvos chor\u0173 vadovai &#8211; chor\u0173 dirigentai ir chormeisteriai, chorin\u0117s bendruomen\u0117s nariai, pastarieji dveji ar net treji metai buvo mums nelengvi &#8211; pirmiausia chorus ir aktyvi\u0105 m\u016bs\u0173 veikl\u0105 trikd\u0117&hellip; <\/p>\n","protected":false},"author":2,"featured_media":519,"comment_status":"open","ping_status":"open","sticky":false,"template":"","format":"standard","meta":{"footnotes":""},"categories":[4],"tags":[],"_links":{"self":[{"href":"https:\/\/choras.lt\/index.php\/wp-json\/wp\/v2\/posts\/3250"}],"collection":[{"href":"https:\/\/choras.lt\/index.php\/wp-json\/wp\/v2\/posts"}],"about":[{"href":"https:\/\/choras.lt\/index.php\/wp-json\/wp\/v2\/types\/post"}],"author":[{"embeddable":true,"href":"https:\/\/choras.lt\/index.php\/wp-json\/wp\/v2\/users\/2"}],"replies":[{"embeddable":true,"href":"https:\/\/choras.lt\/index.php\/wp-json\/wp\/v2\/comments?post=3250"}],"version-history":[{"count":2,"href":"https:\/\/choras.lt\/index.php\/wp-json\/wp\/v2\/posts\/3250\/revisions"}],"predecessor-version":[{"id":3252,"href":"https:\/\/choras.lt\/index.php\/wp-json\/wp\/v2\/posts\/3250\/revisions\/3252"}],"wp:featuredmedia":[{"embeddable":true,"href":"https:\/\/choras.lt\/index.php\/wp-json\/wp\/v2\/media\/519"}],"wp:attachment":[{"href":"https:\/\/choras.lt\/index.php\/wp-json\/wp\/v2\/media?parent=3250"}],"wp:term":[{"taxonomy":"category","embeddable":true,"href":"https:\/\/choras.lt\/index.php\/wp-json\/wp\/v2\/categories?post=3250"},{"taxonomy":"post_tag","embeddable":true,"href":"https:\/\/choras.lt\/index.php\/wp-json\/wp\/v2\/tags?post=3250"}],"curies":[{"name":"wp","href":"https:\/\/api.w.org\/{rel}","templated":true}]}}