{"id":3377,"date":"2023-02-02T16:43:37","date_gmt":"2023-02-02T16:43:37","guid":{"rendered":"https:\/\/choras.lt\/?p=3377"},"modified":"2023-02-02T16:44:45","modified_gmt":"2023-02-02T16:44:45","slug":"skelbiami-premiju-uz-produktyvia-kurybine-veikla-chorines-kulturos-srityje-laimetojai","status":"publish","type":"post","link":"https:\/\/choras.lt\/index.php\/2023\/02\/02\/skelbiami-premiju-uz-produktyvia-kurybine-veikla-chorines-kulturos-srityje-laimetojai\/","title":{"rendered":"Skelbiami premij\u0173 u\u017e produktyvi\u0105 k\u016brybin\u0119 veikl\u0105 chorin\u0117s kult\u016bros srityje laim\u0117tojai"},"content":{"rendered":"\n<p>D\u017eiaugiam\u0117s gal\u0117dami prane\u0161ti, kad kompetentinga 11-os asmen\u0173 Parai\u0161k\u0173 vertinimo komisija paskelb\u0117 Premij\u0173 u\u017e produktyvi\u0105 k\u016brybin\u0119 veikl\u0105 chorin\u0117s kult\u016bros srityje laim\u0117tojus.<\/p>\n\n\n\n<p>\u0160iais metais pretendentai gal\u0117jo teikti parai\u0161kas \u012f \u0161ias kategorijas:<\/p>\n\n\n\n<p>a) Lietuvos did\u017ei\u0173j\u0173 miest\u0173 (Vilniaus, Kauno, Klaip\u0117dos, \u0160iauli\u0173) suaugusi\u0173 mi\u0161raus choro dirigentui (-ei);<\/p>\n\n\n\n<p>b) Lietuvos did\u017ei\u0173j\u0173 miest\u0173 (Vilniaus, Kauno, Klaip\u0117dos, \u0160iauli\u0173) vaik\u0173 choro dirigentui (-ei):<\/p>\n\n\n\n<p>c) Lietuvos miest\u0173 (i\u0161skyrus did\u017eiuosius) ir rajon\u0173 suaugusi\u0173 mi\u0161raus choro dirigentui (-ei);<\/p>\n\n\n\n<p>d) Lietuvos miest\u0173 (i\u0161skyrus did\u017eiuosius) ir rajon\u0173 vaik\u0173 choro dirigentui (-ei);<\/p>\n\n\n\n<p>e) Lietuvos auk\u0161t\u0173j\u0173 mokykl\u0173 student\u0173 choro dirigentui (-ei);<\/p>\n\n\n\n<p>f) Lietuvos miest\u0173 (\u012fskaitant did\u017eiuosius) ir rajon\u0173 jaunimo (gimnazij\u0173 ir vidurini\u0173 mokykl\u0173) mi\u0161raus choro dirigentui (-ei);<\/p>\n\n\n\n<p>g) Lietuvos miest\u0173 (\u012fskaitant did\u017eiuosius) ir rajon\u0173 lygi\u0173 bals\u0173 (moter\u0173, vyr\u0173) choro&nbsp;dirigentui (-ei);<\/p>\n\n\n\n<p>h) Lietuvos miest\u0173 (\u012fskaitant did\u017eiuosius) ir rajon\u0173 ba\u017eny\u010dios choro dirigentui (-ei).<\/p>\n\n\n\n<p><strong>\u0160iemet konkursas sulauk\u0117 11 parai\u0161k\u0173, komisijos sprendimu premijos buvo skirtos:<\/strong><\/p>\n\n\n\n<p>a) Lietuvos did\u017ei\u0173j\u0173 miest\u0173 (Vilniaus, Kauno, Klaip\u0117dos, \u0160iauli\u0173) suaugusi\u0173 mi\u0161raus choro dirigentui (-ei):<\/p>\n\n\n\n<ul><li><strong>Mindaugas \u017dalalis (875 eur)<\/strong>;<\/li><\/ul>\n\n\n\n<p>b) Lietuvos did\u017ei\u0173j\u0173 miest\u0173 (Vilniaus, Kauno, Klaip\u0117dos, \u0160iauli\u0173) vaik\u0173 choro dirigentui (-ei):<\/p>\n\n\n\n<ul><li><strong>Jolita Vaitkevi\u010dien\u0117&nbsp;(875 eur);<\/strong><\/li><\/ul>\n\n\n\n<p>c) Lietuvos miest\u0173 (i\u0161skyrus did\u017eiuosius) ir rajon\u0173 suaugusi\u0173 mi\u0161raus choro dirigentui (-ei):<\/p>\n\n\n\n<ul><li><strong>Gra\u017evydas Jegnoras (875 eur)<\/strong>;<\/li><\/ul>\n\n\n\n<p>d) Lietuvos miest\u0173 (i\u0161skyrus did\u017eiuosius) ir rajon\u0173 vaik\u0173 choro dirigentui (-ei):<\/p>\n\n\n\n<ul><li><strong>Ausma Sakalauskait\u0117 (875 eur);<\/strong><\/li><\/ul>\n\n\n\n<p>e) Lietuvos auk\u0161t\u0173j\u0173 mokykl\u0173 student\u0173 choro dirigentui (-ei):<\/p>\n\n\n\n<ul><li><strong>Tomas Lapinskas (875 eur);<\/strong><\/li><\/ul>\n\n\n\n<p>f) Lietuvos miest\u0173 (\u012fskaitant did\u017eiuosius) ir rajon\u0173 jaunimo (gimnazij\u0173 ir vidurini\u0173 mokykl\u0173) mi\u0161raus choro dirigentui (-ei):<\/p>\n\n\n\n<ul><li><strong>Vilma Masien\u0117 (875 eur);<\/strong><\/li><\/ul>\n\n\n\n<p>g) Lietuvos miest\u0173 (\u012fskaitant did\u017eiuosius) ir rajon\u0173 lygi\u0173 bals\u0173 (moter\u0173, vyr\u0173) choro dirigentui (-ei):<\/p>\n\n\n\n<ul><li><strong>Jurgita Ja\u0161auskien\u0117 (875 eur);<\/strong><\/li><\/ul>\n\n\n\n<p>h) Lietuvos miest\u0173 (\u012fskaitant did\u017eiuosius) ir rajon\u0173 ba\u017eny\u010dios choro dirigentui (-ei):<\/p>\n\n\n\n<ul><li><strong>Audrius Petrauskas (875 eur)<\/strong>.<\/li><\/ul>\n\n\n\n<p>Komisijos pirmininkas D. Pui\u0161ys.<\/p>\n\n\n\n<p>Nariai: K. Jakeli\u016bnas, J. Kiaulakyt\u0117, G. Kumpien\u0117, V. Katinien\u0117, R. \u0160treimikyt\u0117, R. Kraucevi\u010di\u016bt\u0117, R. Adomaitis, M. Radzevi\u010dius, A. Dambrauskas, A. Steponavi\u010di\u016bt\u0117-Zupkauskien\u0117.&nbsp;<\/p>\n\n\n\n<p>Premij\u0173 steig\u0117ja: Lietuvos chor\u0173 s\u0105junga<br>Projekt\u0105 finansuoja Lietuvos kult\u016bros taryba<\/p>\n\n\n\n<p>Dar kart\u0105 sveikiname!<\/p>\n","protected":false},"excerpt":{"rendered":"<p>D\u017eiaugiam\u0117s gal\u0117dami prane\u0161ti, kad kompetentinga 11-os asmen\u0173 Parai\u0161k\u0173 vertinimo komisija paskelb\u0117 Premij\u0173 u\u017e produktyvi\u0105 k\u016brybin\u0119 veikl\u0105 chorin\u0117s kult\u016bros srityje laim\u0117tojus. \u0160iais metais pretendentai gal\u0117jo teikti parai\u0161kas \u012f \u0161ias kategorijas: a)&hellip; <\/p>\n","protected":false},"author":2,"featured_media":519,"comment_status":"open","ping_status":"open","sticky":false,"template":"","format":"standard","meta":{"footnotes":""},"categories":[4],"tags":[],"_links":{"self":[{"href":"https:\/\/choras.lt\/index.php\/wp-json\/wp\/v2\/posts\/3377"}],"collection":[{"href":"https:\/\/choras.lt\/index.php\/wp-json\/wp\/v2\/posts"}],"about":[{"href":"https:\/\/choras.lt\/index.php\/wp-json\/wp\/v2\/types\/post"}],"author":[{"embeddable":true,"href":"https:\/\/choras.lt\/index.php\/wp-json\/wp\/v2\/users\/2"}],"replies":[{"embeddable":true,"href":"https:\/\/choras.lt\/index.php\/wp-json\/wp\/v2\/comments?post=3377"}],"version-history":[{"count":2,"href":"https:\/\/choras.lt\/index.php\/wp-json\/wp\/v2\/posts\/3377\/revisions"}],"predecessor-version":[{"id":3379,"href":"https:\/\/choras.lt\/index.php\/wp-json\/wp\/v2\/posts\/3377\/revisions\/3379"}],"wp:featuredmedia":[{"embeddable":true,"href":"https:\/\/choras.lt\/index.php\/wp-json\/wp\/v2\/media\/519"}],"wp:attachment":[{"href":"https:\/\/choras.lt\/index.php\/wp-json\/wp\/v2\/media?parent=3377"}],"wp:term":[{"taxonomy":"category","embeddable":true,"href":"https:\/\/choras.lt\/index.php\/wp-json\/wp\/v2\/categories?post=3377"},{"taxonomy":"post_tag","embeddable":true,"href":"https:\/\/choras.lt\/index.php\/wp-json\/wp\/v2\/tags?post=3377"}],"curies":[{"name":"wp","href":"https:\/\/api.w.org\/{rel}","templated":true}]}}