{"id":344,"date":"2020-12-23T10:40:57","date_gmt":"2020-12-23T10:40:57","guid":{"rendered":"https:\/\/choras.lt\/?p=344"},"modified":"2020-12-23T10:40:59","modified_gmt":"2020-12-23T10:40:59","slug":"antra-sv-kaledu-vakara-virtualios-kaledos-su-choru-jauna-muzika","status":"publish","type":"post","link":"https:\/\/choras.lt\/index.php\/2020\/12\/23\/antra-sv-kaledu-vakara-virtualios-kaledos-su-choru-jauna-muzika\/","title":{"rendered":"Antr\u0105 \u0161v. Kal\u0117d\u0173 vakar\u0105 &#8211; virtualios Kal\u0117dos su choru \u201eJauna muzika\u201c"},"content":{"rendered":"\n<p>Kiekvienais metais choras \u201eJauna muzika\u201c kvie\u010dia susitikti per \u0160v. Kal\u0117das ir drauge dalintis \u0161iltomis muzikin\u0117mis akimirkomis. Ta\u010diau \u0161iemet gra\u017eiausios \u017eiemos \u0161vent\u0117s bus kitokios. Jos nebus geresn\u0117s ar blogesn\u0117s, tiesiog ne\u012fprastos ir gal \u0161iek tiek kuklesn\u0117s. Nepaisant to, kolektyvas dovanos muzik\u0105 savo klausytojams virtualiu b\u016bdu ir gruod\u017eio 26 d. vakar\u0105, 19 val., \u012fprastu tradicinio kal\u0117dinio koncerto metu, choras kvies kartu d\u017eiaugtis esamuoju laiku &#8211; video premjer\u0105 pristatys LRT portale, LRT Facebook ir choro \u201eJauna muzika\u201c Youtube paskyrose.<\/p>\n\n\n\n<p>\u0160iam chorui tai n\u0117ra pirmas tokio formato video darbas, pavasar\u012f per pirm\u0105j\u012f karantin\u0105 \u201eJauna muzika\u201c virtualiu choru pristat\u0117 Vaclovo Augustino k\u016brin\u012f \u201eDa Pacem, Domine\u201c.<\/p>\n\n\n\n<p><em>[Virtualus choras. Vaclovas Augustinas \u201eDa Pacem, Domine\u201c: <\/em><a href=\"https:\/\/youtu.be\/WdGkmzyBK2Y\"><em>https:\/\/youtu.be\/WdGkmzyBK2Y<\/em><\/a><em>]<\/em><\/p>\n\n\n\n<p>Galima sakyti, kad virtualyb\u0117 \u0161i\u0105 akimirk\u0105 yra bene svarbiausia susiekimo ir bendravimo priemon\u0117 visame pasaulyje. Tok\u012f muzikin\u012f bendravimo b\u016bd\u0105, finansuojant Lietuvos kult\u016bros tarybai, v\u0117l pasirinko ir \u201eJauna muzika\u201c, kuri pristato nauj\u0105 Kal\u0117din\u012f virtual\u0173 chor\u0105. Tai angl\u0173 kompozitoriaus Richardo Farranto (~1530-1580) trys giesm\u0117s chorui ir <em>basso continuo<\/em>: \u201eCall to remembrance\u201c, \u201eHide not thou thy face\u201c ir \u201eLord, for thy tender mercy\u2018s sake\u201c. Kartu su \u201eJauna muzika\u201c virtualiame chore pasirodys <em>basso continuo<\/em> ansamblis: Rimvydas Mitkus (vargonai) ir Povilas Jacunskas (violon\u010del\u0117). Instrumentalistai, kaip ir dvide\u0161imt vienas choristas savo partijas virtualiam chorui i\u0161 nam\u0173 \u012fra\u0161\u0117 kiekvienas atskirai.<\/p>\n\n\n\n<p>Kompozitorius R. Farrantas labiausiai yra \u017einomas d\u0117l savo giesm\u0117s \u201eLord, for thy tender mercy\u2018s sake\u201c. Ta\u010diau \u0161is k\u016brinys turi neai\u0161ki\u0105 kilm\u0119. Jis buvo priskirtas&nbsp; Farrantui, v\u0117liau Johnui Hiltonui (1599 \u2013 1657) ir Tomui Talliui (1505\u20131585). &nbsp;Menotyrininkai sp\u0117ja, kad \u0161i\u0105 kompozicij\u0105 Farrantas gal\u0117jo prid\u0117ti prie jau egzistuojan\u010di\u0173 savo k\u016brini\u0173. Tekstas i\u0161 Henry Bullo (1530\u20131575) krik\u0161\u010dioni\u0161k\u0173 mald\u0173 ir \u0161vent\u0173 meditacij\u0173 (1566, <em>Christian Prayers and Holy Meditations<\/em>). Kiti du k\u016briniai, \u201eCall to remembrance\u201c ir \u201eHide not thou thy face\u201c, sukurti pagal \u0160ventojo ra\u0161to psalmi\u0173 (25 ir 27) tekstus.<\/p>\n\n\n\n<p>\u201eMa\u017eai \u017einomo XVI a. brit\u0173 kompozitoriaus Richard&nbsp; Farrant trys dainos tur\u0117jo b\u016bti Kal\u0117dinio koncerto puo\u0161mena. D\u017eiaugiuosi, kad \u0161iuo gro\u017eiu gal\u0117sime pasidalinti bent virtualiai\u201c, &#8211; dalinasi choro meno vadovas Vaclovas Augustinas.<\/p>\n\n\n\n<p>Virtualios Kal\u0117dos su \u201eJauna muzika\u201c kvie\u010dia klausyti ir m\u0117gautis muzika, kuri \u012fkvepia bei su\u0161ildo. \u0160iuo metu tai turb\u016bt ir yra svarbiausia \u2013 pasim\u0117gauti akimirka, kad ir kokia ji b\u016bt\u0173 i\u0161skirtin\u0117 ar ne\u012fprasta. <\/p>\n\n\n\n<p>Choro \u201eJauna muzika\u201c informacija<\/p>\n","protected":false},"excerpt":{"rendered":"<p>Kiekvienais metais choras \u201eJauna muzika\u201c kvie\u010dia susitikti per \u0160v. Kal\u0117das ir drauge dalintis \u0161iltomis muzikin\u0117mis akimirkomis. Ta\u010diau \u0161iemet gra\u017eiausios \u017eiemos \u0161vent\u0117s bus kitokios. Jos nebus geresn\u0117s ar blogesn\u0117s, tiesiog ne\u012fprastos&hellip; <\/p>\n","protected":false},"author":1,"featured_media":345,"comment_status":"open","ping_status":"open","sticky":false,"template":"","format":"standard","meta":{"footnotes":""},"categories":[6],"tags":[],"_links":{"self":[{"href":"https:\/\/choras.lt\/index.php\/wp-json\/wp\/v2\/posts\/344"}],"collection":[{"href":"https:\/\/choras.lt\/index.php\/wp-json\/wp\/v2\/posts"}],"about":[{"href":"https:\/\/choras.lt\/index.php\/wp-json\/wp\/v2\/types\/post"}],"author":[{"embeddable":true,"href":"https:\/\/choras.lt\/index.php\/wp-json\/wp\/v2\/users\/1"}],"replies":[{"embeddable":true,"href":"https:\/\/choras.lt\/index.php\/wp-json\/wp\/v2\/comments?post=344"}],"version-history":[{"count":1,"href":"https:\/\/choras.lt\/index.php\/wp-json\/wp\/v2\/posts\/344\/revisions"}],"predecessor-version":[{"id":346,"href":"https:\/\/choras.lt\/index.php\/wp-json\/wp\/v2\/posts\/344\/revisions\/346"}],"wp:featuredmedia":[{"embeddable":true,"href":"https:\/\/choras.lt\/index.php\/wp-json\/wp\/v2\/media\/345"}],"wp:attachment":[{"href":"https:\/\/choras.lt\/index.php\/wp-json\/wp\/v2\/media?parent=344"}],"wp:term":[{"taxonomy":"category","embeddable":true,"href":"https:\/\/choras.lt\/index.php\/wp-json\/wp\/v2\/categories?post=344"},{"taxonomy":"post_tag","embeddable":true,"href":"https:\/\/choras.lt\/index.php\/wp-json\/wp\/v2\/tags?post=344"}],"curies":[{"name":"wp","href":"https:\/\/api.w.org\/{rel}","templated":true}]}}