{"id":3583,"date":"2023-03-21T10:24:49","date_gmt":"2023-03-21T10:24:49","guid":{"rendered":"https:\/\/choras.lt\/?p=3583"},"modified":"2023-03-23T12:13:59","modified_gmt":"2023-03-23T12:13:59","slug":"sostineje-ivyko-lietuvos-suaugusiuju-choru-konkurso-vilniaus-regiono-turas","status":"publish","type":"post","link":"https:\/\/choras.lt\/index.php\/2023\/03\/21\/sostineje-ivyko-lietuvos-suaugusiuju-choru-konkurso-vilniaus-regiono-turas\/","title":{"rendered":"Sostin\u0117je \u012fvyko Lietuvos suaugusi\u0173j\u0173 chor\u0173 konkurso Vilniaus regiono turas"},"content":{"rendered":"\n<p>Lietuvos suaugusi\u0173j\u0173 chor\u0173 konkursas atkeliavo \u012f sostin\u0119 \u2013 dvi dienas Vilniaus mokytoj\u0173 namuose vykusiame Vilniaus regiono konkurso ture dalyvavo 36 chorai i\u0161 Ukmerg\u0117s, Nemen\u010din\u0117s, \u0160irvint\u0173 ir Vilniaus. <\/p>\n\n\n\n<p><strong>I-ojo laipsnio diplomus peln\u0117:<\/strong><\/p>\n\n\n\n<p>Vilniaus mokytoj\u0173 nam\u0173 choras &#8220;Bel Canto&#8221; (vadov\u0117 Milda \u0160velnien\u0117).<\/p>\n\n\n\n<p>Moter\u0173 choras &#8220;Viva&#8221; (vadov\u0117 Vilija Ma\u017eintait\u0117);<\/p>\n\n\n\n<p>Vilniaus universiteto mi\u0161rus choras &#8220;Pro Musica&#8221; (vadov\u0117 Rasa Gelgotien\u0117);<\/p>\n\n\n\n<p>&#8220;\u0104\u017euoliuko&#8221; jaunuoli\u0173 choras (vadovas Vytautas Mi\u0161kinis);<\/p>\n\n\n\n<p>Vilniaus universiteto akademinis mi\u0161rus choras &#8220;Gaudeamus&#8221; (vadov\u0117 Rasa Gelgotien\u0117);<\/p>\n\n\n\n<p>Vilniaus mi\u0161rus choras &#8220;ARTyn&#8221; (vadov\u0117 Iveta Mikalaj\u016bnait\u0117);<\/p>\n\n\n\n<p>Vilniaus sakralin\u0117s muzikos choras &#8220;Adoramus&#8221; (vadovas Imantas Jonas \u0160imkus);<\/p>\n\n\n\n<p>Vilniaus universiteto mergin\u0173 choras &#8220;Virgo&#8221; (vadov\u0117 Rasa Gelgotien\u0117);<\/p>\n\n\n\n<p>Lietuvos muzikos ir teatro akademijos pu\u010diam\u0173j\u0173 instrument\u0173 ir vargoninink\u0173 student\u0173 choras (vadovas Kastytis Barisas);<\/p>\n\n\n\n<p>Vilniaus arkikatedros bazilikos jaunimo choras (vadov\u0117 Violeta Savickait\u0117 &#8211; Paci\u016bnien\u0117);<\/p>\n\n\n\n<p>Vilniaus &#8220;\u0104\u017euol\u0173 klubo&#8221; vyr\u0173 choras (vadovas Povilas Gylys);<\/p>\n\n\n\n<p>Vytauto Did\u017eiojo universiteto \u0160vietimo akademijos choras &#8220;Ave Vita&#8221; (vadovas Kastytis Barisas);<\/p>\n\n\n\n<p>Vilniaus kult\u016bros centro moter\u0173 choras &#8220;Liepos&#8221; (vadov\u0117 Audron\u0117 Steponavi\u010di\u016bt\u0117 Zupkauskien\u0117);<\/p>\n\n\n\n<p>Vilniaus kolegijos mergin\u0173 choras &#8220;Vaidilut\u0117s&#8221; (vadov\u0117 Genovait\u0117 Kumpien\u0117);<\/p>\n\n\n\n<p>Vilniaus dail\u0117s akademijos kamerinis choras (Vadovai Arvydas Adamonis ir Asta Rauduvait\u0117);<\/p>\n\n\n\n<p>Vilniaus mi\u0161rus choras &#8220;Sonoros&#8221; (vadov\u0117 Valerija Skapien\u0117);<\/p>\n\n\n\n<p>Bernardin\u0173 ba\u017eny\u010dios choras &#8220;Langas&#8221; (vadov\u0117 Rita Kraucevi\u010di\u016bt\u0117)&#8221;;<\/p>\n\n\n\n<p><\/p>\n\n\n\n<p><strong>II laipsnio diplomai:<\/strong><\/p>\n\n\n\n<p>Lietuvos \u017eem\u0117s \u016bkio ministerijos mi\u0161rus choras DOBILAS;<\/p>\n\n\n\n<p>Vyr\u0173 choras VARPAS;<\/p>\n\n\n\n<p>Vyr\u0173 choras SAKALAS;<\/p>\n\n\n\n<p>Vilniaus Gedimino technikos universiteto akademinis choras GABIJA.<\/p>\n\n\n\n<p>Vilniaus miesto moter\u0173 choras EGL\u0116;<\/p>\n\n\n\n<p>Vilniaus \u012fgulos karinink\u0173 ramov\u0117s vyr\u0173 choras AIDAS;<\/p>\n\n\n\n<p>Santaros klinik\u0173 kamerinis choras SANTARA;<\/p>\n\n\n\n<p>Vilniaus mokytoj\u0173 nam\u0173 moter\u0173 choras AIDAS;<\/p>\n\n\n\n<p>Dainos myl\u0117toj\u0173 klubo choras ALUMNI VILNENSES;<\/p>\n\n\n\n<p>Reprezentacinio lenk\u0173 dain\u0173 ir \u0161oki\u0173 ansamblio &#8220;Wilenszcyzna&#8221; mi\u0161rus choras;<\/p>\n\n\n\n<p><strong>III laispsnio diplomai:<\/strong><\/p>\n\n\n\n<p>Vilniaus \u0160v. Kazimiero ba\u017eny\u010dios mi\u0161rus choras AVE VERUM;<\/p>\n\n\n\n<p>Lietuvos moksl\u0173 akademijos mi\u0161rus choras;<\/p>\n\n\n\n<p>Vilniaus \u0160v. Mergel\u0117s Marijos Ramintojos ba\u017eny\u010dios choras;<\/p>\n\n\n\n<p>Vilniaus miesto kamerinis choras SOD\u017dIUS;<\/p>\n\n\n\n<p>Vilniaus Karolini\u0161ki\u0173 seni\u016bnijos mi\u0161rus choras LIBRO;<\/p>\n\n\n\n<p>Ukmerg\u0117s kult\u016bros centro mi\u0161rus choras VYTURYS.<\/p>\n\n\n\n<p><strong>IV laipsnio diplomai:<\/strong><\/p>\n\n\n\n<p>Asociacijos &#8220;Skamb\u0117jimas&#8221; choras SONANTEM VIRIDIS;<\/p>\n\n\n\n<p>\u0160irvint\u0173 kult\u016bros centro kamerinis choras NAVIS;<\/p>\n\n\n\n<p>Ukmerg\u0117s kult\u016bros centro moter\u0173 choras \u017dEMYNA.<\/p>\n\n\n\n<p>Pastabos: <\/p>\n\n\n\n<ol><li>Vis\u0173 tur\u0173 balai bus paskelbti po Kauno turo, kaip baigsis I turas.  Ir tai yra tik laipsniai, ne galutin\u0117s kategorijos. \u0160iuo konkursu tikrinamas chor\u0173 meninis lygis. Kategorijos bus ir visada b\u016bdavo tvirtinamos po Dain\u0173 \u0161vent\u0117s. Kategorija susidaro i\u0161 3 etap\u0173: chor\u0173 konkurso, Dain\u0173 \u0161vent\u0117s atrank\u0173, bei choro veiklos ir dalyvavimo b\u016bsimojoje Dain\u0173 \u0161vent\u0117je.<\/li><\/ol>\n\n\n\n<p> <img loading=\"lazy\" decoding=\"async\" width=\"16\" height=\"16\" alt=\"\ud83c\udf37\" src=\"https:\/\/ci6.googleusercontent.com\/proxy\/U8I5NSu5XK-u-UgZr3bfI3Ppn2quIyhw0RFPEdOHndmMzBc4V9DxxLFSFECHSfeE9Amad2qkvXTGNpG8ZlyhQzzArMZ4TaaR7mRApS6ONkTkasWIGA=s0-d-e1-ft#https:\/\/static.xx.fbcdn.net\/images\/emoji.php\/v9\/t6f\/1\/16\/1f337.png\">Sveikiname chorus, linkime visiems konkurso dalyviams s\u0117km\u0117s ir primename, kad chorai, pateksiantys \u012f II konkurso tur\u0105, bus paskelbti \u012fvykus visoms regionini\u0173 tur\u0173 perklausoms.<\/p>\n\n\n\n<p>Gegu\u017e\u0117s 6 d. \u0160v. Kotrynos ba\u017eny\u010dioje Vilniuje vyks finalinis suaugusi\u0173j\u0173 chor\u0173 konkurso etapas, kuriame Lietuvos chorai var\u017eysis d\u0117l nugal\u0117toj\u0173 vard\u0173.<\/p>\n\n\n\n<p>Ievos Stasiulaityt\u0117s nuotraukoje: <\/p>\n\n\n\n<p class=\"has-text-align-center\"><strong>Vilniaus mi\u0161rus choras &#8220;Dobilas&#8221;, meno vadovas ir dirigentas Ignas Garla<\/strong><\/p>\n","protected":false},"excerpt":{"rendered":"<p>Lietuvos suaugusi\u0173j\u0173 chor\u0173 konkursas atkeliavo \u012f sostin\u0119 \u2013 dvi dienas Vilniaus mokytoj\u0173 namuose vykusiame Vilniaus regiono konkurso ture dalyvavo 36 chorai i\u0161 Ukmerg\u0117s, Nemen\u010din\u0117s, \u0160irvint\u0173 ir Vilniaus. I-ojo laipsnio diplomus&hellip; <\/p>\n","protected":false},"author":2,"featured_media":3585,"comment_status":"open","ping_status":"open","sticky":false,"template":"","format":"standard","meta":{"footnotes":""},"categories":[2],"tags":[],"_links":{"self":[{"href":"https:\/\/choras.lt\/index.php\/wp-json\/wp\/v2\/posts\/3583"}],"collection":[{"href":"https:\/\/choras.lt\/index.php\/wp-json\/wp\/v2\/posts"}],"about":[{"href":"https:\/\/choras.lt\/index.php\/wp-json\/wp\/v2\/types\/post"}],"author":[{"embeddable":true,"href":"https:\/\/choras.lt\/index.php\/wp-json\/wp\/v2\/users\/2"}],"replies":[{"embeddable":true,"href":"https:\/\/choras.lt\/index.php\/wp-json\/wp\/v2\/comments?post=3583"}],"version-history":[{"count":8,"href":"https:\/\/choras.lt\/index.php\/wp-json\/wp\/v2\/posts\/3583\/revisions"}],"predecessor-version":[{"id":3598,"href":"https:\/\/choras.lt\/index.php\/wp-json\/wp\/v2\/posts\/3583\/revisions\/3598"}],"wp:featuredmedia":[{"embeddable":true,"href":"https:\/\/choras.lt\/index.php\/wp-json\/wp\/v2\/media\/3585"}],"wp:attachment":[{"href":"https:\/\/choras.lt\/index.php\/wp-json\/wp\/v2\/media?parent=3583"}],"wp:term":[{"taxonomy":"category","embeddable":true,"href":"https:\/\/choras.lt\/index.php\/wp-json\/wp\/v2\/categories?post=3583"},{"taxonomy":"post_tag","embeddable":true,"href":"https:\/\/choras.lt\/index.php\/wp-json\/wp\/v2\/tags?post=3583"}],"curies":[{"name":"wp","href":"https:\/\/api.w.org\/{rel}","templated":true}]}}