{"id":3815,"date":"2023-05-16T17:20:46","date_gmt":"2023-05-16T17:20:46","guid":{"rendered":"https:\/\/choras.lt\/?p=3815"},"modified":"2023-05-16T17:20:49","modified_gmt":"2023-05-16T17:20:49","slug":"lietuvos-muzikos-ir-teatro-akademija-kviecia-i-gimtadienio-svente-menu-aiksteje","status":"publish","type":"post","link":"https:\/\/choras.lt\/index.php\/2023\/05\/16\/lietuvos-muzikos-ir-teatro-akademija-kviecia-i-gimtadienio-svente-menu-aiksteje\/","title":{"rendered":"Lietuvos muzikos ir teatro akademija kvie\u010dia \u012f gimtadienio \u0161vent\u0119 \u201eMen\u0173 aik\u0161t\u0117je\u201c"},"content":{"rendered":"\n<p>2023-ieji Lietuvos muzikos ir teatro akademijai ypatingi \u2013 pagrindinei Lietuvos ir did\u017eiausiai Baltijos kra\u0161tuose muzikos, teatro, \u0161okio ir kino mokyklai sukanka 90 met\u0173! Ta proga Akademija bir\u017eelio 3 d. rengia atvir\u0105 visuomenei gimtadienio \u0161vent\u0119 Luki\u0161ki\u0173 aik\u0161t\u0117je. Prie\u0161ais LMTA Centrinius r\u016bmus atsiverianti viena pagrindini\u0173 Vilniaus vie\u0161\u0173j\u0173 erdvi\u0173 pavirs \u201eMen\u0173 aik\u0161te\u201c, kurioje nuo 16 val. vyks talenting\u0173j\u0173 Akademijos student\u0173, charizmati\u0161k\u0173j\u0173 d\u0117stytoj\u0173 ir \u017eymi\u0173 alumn\u0173 muzikos, teatro ir \u0161okio pasirodymai bei kino seansai. LMTA kvie\u010dia nepraeiti pro \u0161al\u012f: \u0161vent\u0117s \u0161\u016bkis \u2013 ateik, i\u0161girsk, pamatyk!<\/p>\n\n\n\n<p>Luki\u0161ki\u0173 aik\u0161t\u0117je ir jos prieigose bus \u012frengtos dvi scenos muzikos ir teatro pasirodymams, erdv\u0117 \u0161okio spektakliui, i\u0161 LMTA Centrini\u0173 r\u016bm\u0173 balkono sklis elektronin\u0117 muzika, greta esan\u010dioje Auk\u0173 g. bus rodomi trumpametra\u017eiai filmai, o Gedimino prospekte prie Akademijos \u2013 garso ir vaizdo instaliacijos. \u201eMen\u0173 aik\u0161t\u0117je\u201c susivienys \u012fvairi\u0173 kart\u0173 LMTA student\u0173 paj\u0117gos! Alumnai prisimins smagius studij\u0173 laikus, o \u0161vent\u0117s sve\u010diai gal\u0117s tapti ypatingos meno vienijam\u0173 \u017emoni\u0173 bendryst\u0117s dalimi ir patirti j\u0173 kibirk\u0161\u010diuojant\u012f k\u016brybi\u0161kum\u0105.<\/p>\n\n\n\n<p>\u201eMen\u0173 aik\u0161t\u0117je\u201c i\u0161skirtinius pasirodymus surengs visi trys LMTA fakultetai \u2013 Muzikos, Teatro ir kino bei Klaip\u0117dos. \u0160vent\u0117s prad\u017ei\u0105 did\u017eiojoje scenoje paskelbs LMTA Pu\u010diam\u0173j\u0173 ir mu\u0161am\u0173j\u0173 instrument\u0173 orkestro bei LMTA varini\u0173 pu\u010diam\u0173j\u0173 orkestro \u201eBrass LT\u201c pasirodymas (vadovai prof. Robertas Beinaris, doc. Egidijus Ali\u0161auskas, doc. Rimvydas Savickas,\u00a0Remigijus Vilys, Linas Rup\u0161laukis). \u012e scen\u0105 lips ir \u017eymus tenoras, LMTA alumnas Rafailas Karpis. Su charizmati\u0161k\u0105ja operos soliste Ieva Prudnikovaite muzikuos LMTA akordeon\u0173 orkestras (vadovai prof. Raimondas Sviackevi\u010dius, Tadas Motie\u010dius), gros akordeon\u0173 trio \u201eUnSeen\u201c, o pasirodym\u0105 papuo\u0161 tango \u0161ok\u0117jai doc. Brigita Rodriguez ir Carlos Rodriguez. Su LMTA liaudies instrument\u0173 orkestru (vadovai doc. Aist\u0117 Bru\u017eait\u0117, doc. E. Ali\u0161auskas) dainuos sopranas, Lietuvos nacionalin\u0117s kult\u016bros ir meno premijos laureat\u0117, LMTA profesor\u0117 Asta Krik\u0161\u010di\u016bnait\u0117. \u017di\u016brovams staigmena tur\u0117t\u0173 tapti LMTA Stygini\u0173 instrument\u0173 katedros Violon\u010deli\u0173 orkestras (vad. prof. Rimantas Armonas) \u2013 vienoje scenoje susiburs per 30 violon\u010delinink\u0173!<\/p>\n\n\n\n<p>\u201eMen\u0173 aik\u0161t\u0117je\u201c publika taip pat i\u0161vys LMTA Dainavimo katedros Operos studijos solistus (dirigentas doc. Martynas Sta\u0161kus, re\u017eisier\u0117 doc. J\u016brat\u0117 Sodyt\u0117-Bradauskien\u0117), Vaidybos ir re\u017eis\u016bros katedros studentus (vadovai prof. \u00a0Viktorija Kuodyt\u0117, prof. Darius Me\u0161kauskas), Klaip\u0117dos fakulteto vaidybos studij\u0173 diplomantus (vadovai prof. Valentinas Masalskis, doc. Nijol\u0117 Sinkevi\u010di\u016bt\u0117-Kri\u016bnien\u0117). Scenoje dainuojamosios poezijos kerus paskleis LMTA alumnai, aktoriai Gediminas Storpir\u0161tis, Darius Miniotas, Jonas Krivickas. Su kolegomis, \u201eKeistuoli\u0173 teatro\u201c aktoriais Ilona Balsyte ir Dariumi Au\u017eeliu, pasirodys LMTA profesorius Aidas Giniotis.<\/p>\n\n\n\n<p>Specialiai \u012frengtoje \u0161okio erdv\u0117je LMTA \u0160okio ir judesio katedra rodys spektakl\u012f \u201eWreck \u2013 list of extinct species\u201c\u00a0(choreografas Pietro Marullo, kompozitorius Jean No\u00ebl Boiss\u00e9, prodiuseris \u201eBe kompanijos\u201c).<\/p>\n\n\n\n<p>Vakarop did\u017eiojoje scenoje tikr\u0105 vakar\u0117l\u012f u\u017ekurs d\u017eiazo grup\u0117s \u201eQuark Effect\u201c ir \u201eSynthEtika\u201c. Tarp did\u017ei\u0173j\u0173 kolektyv\u0173 pasirodym\u0173 \u012fsiterps ma\u017eojoje scenoje muzikuojantys DJ Iggy Shaolin, perkusininkas Lukas Budzinauskas bei i\u0161 Centrini\u0173 r\u016bm\u0173 balkono savo elektronin\u0119 k\u016bryb\u0105 skleisiantys Migluma &amp; Vecera, Robotic Folk, El Chico Fuendre ir Maria Paskevic. Kino erdv\u0117je (Auk\u0173 g. greta LMTA Centrini\u0173 r\u016bm\u0173) nuo 16 iki 23 val. LMTA Kino ir televizijos katedra, \u0161iais metais \u0161ven\u010dianti savo \u012fk\u016brimo 30-met\u012f, rodys trumpametra\u017eius filmus, o Gedimino prospekte (nuo J. Tumo-Vai\u017eganto iki Vasario 16-osios g.)\u00a0vyks LMTA alumn\u0173 garso ir vaizdo instaliacijos.<\/p>\n\n\n\n<p>LMTA savo istorij\u0105 skai\u010diuoja nuo 1933 m., kai tuometin\u0117je Lietuvos sostin\u0117je buvo \u012fsteigta Kauno konservatorija. Teatras prad\u0117tas d\u0117styti 1952 m. Vilniuje, kinas \u2013 1993 m., \u0161okis \u2013 nuo 1998-\u0173j\u0173. \u0160iandien studijos vyksta ne tik sostin\u0117je, bet ir uostamiestyje: 1975\u20131997 m. veik\u0119 Klaip\u0117dos fakultetai \u012f LMTA gl\u0117b\u012f sugr\u012f\u017eo 2018 m. kaip Klaip\u0117dos fakultetas. LMTA 90-me\u010diui skirti \u0161ventiniai renginiai vyksta visus metus.<\/p>\n\n\n\n<p>Lietuvos muzikos ir teatro akademijos gimtadienio \u0161vent\u0117 \u201eMen\u0173 aik\u0161t\u0117\u201c \u2013 bir\u017eelio 3 d., \u0161e\u0161tadien\u012f, nuo 16 iki 23 val. Luki\u0161ki\u0173 aik\u0161t\u0117je, Vilniuje. <\/p>\n\n\n\n<p>Daugiau informacijos www.lmta.lt .<\/p>\n\n\n\n<p class=\"has-text-align-center\"><strong>LMTA informacija<\/strong><\/p>\n\n\n\n<p class=\"has-text-align-center\"><strong>Modesto Andriu\u0161kos nuotr.<\/strong><\/p>\n","protected":false},"excerpt":{"rendered":"<p>2023-ieji Lietuvos muzikos ir teatro akademijai ypatingi \u2013 pagrindinei Lietuvos ir did\u017eiausiai Baltijos kra\u0161tuose muzikos, teatro, \u0161okio ir kino mokyklai sukanka 90 met\u0173! Ta proga Akademija bir\u017eelio 3 d. rengia&hellip; <\/p>\n","protected":false},"author":2,"featured_media":3818,"comment_status":"open","ping_status":"open","sticky":false,"template":"","format":"standard","meta":{"footnotes":""},"categories":[5],"tags":[],"_links":{"self":[{"href":"https:\/\/choras.lt\/index.php\/wp-json\/wp\/v2\/posts\/3815"}],"collection":[{"href":"https:\/\/choras.lt\/index.php\/wp-json\/wp\/v2\/posts"}],"about":[{"href":"https:\/\/choras.lt\/index.php\/wp-json\/wp\/v2\/types\/post"}],"author":[{"embeddable":true,"href":"https:\/\/choras.lt\/index.php\/wp-json\/wp\/v2\/users\/2"}],"replies":[{"embeddable":true,"href":"https:\/\/choras.lt\/index.php\/wp-json\/wp\/v2\/comments?post=3815"}],"version-history":[{"count":2,"href":"https:\/\/choras.lt\/index.php\/wp-json\/wp\/v2\/posts\/3815\/revisions"}],"predecessor-version":[{"id":3817,"href":"https:\/\/choras.lt\/index.php\/wp-json\/wp\/v2\/posts\/3815\/revisions\/3817"}],"wp:featuredmedia":[{"embeddable":true,"href":"https:\/\/choras.lt\/index.php\/wp-json\/wp\/v2\/media\/3818"}],"wp:attachment":[{"href":"https:\/\/choras.lt\/index.php\/wp-json\/wp\/v2\/media?parent=3815"}],"wp:term":[{"taxonomy":"category","embeddable":true,"href":"https:\/\/choras.lt\/index.php\/wp-json\/wp\/v2\/categories?post=3815"},{"taxonomy":"post_tag","embeddable":true,"href":"https:\/\/choras.lt\/index.php\/wp-json\/wp\/v2\/tags?post=3815"}],"curies":[{"name":"wp","href":"https:\/\/api.w.org\/{rel}","templated":true}]}}